{"id":1097,"date":"2023-01-18T17:12:17","date_gmt":"2023-01-18T16:12:17","guid":{"rendered":"https:\/\/vittra.se\/vastra-hamnen\/?post_type=article&#038;p=1097"},"modified":"2023-01-19T14:09:59","modified_gmt":"2023-01-19T13:09:59","slug":"vittra-vastra-hamnen-avvecklas","status":"publish","type":"article","link":"https:\/\/vittra.se\/vastra-hamnen\/artikel\/vittra-vastra-hamnen-avvecklas\/","title":{"rendered":"Vittra V\u00e4stra Hamnen avvecklas"},"content":{"rendered":"\n<div class=\"wp-block-columns is-layout-flex wp-container-core-columns-layout-1 wp-block-columns-is-layout-flex\">\n<div class=\"wp-block-column is-layout-flow wp-block-column-is-layout-flow\" style=\"flex-basis:15%\"><\/div>\n\n\n\n<div class=\"wp-block-column is-layout-flow wp-block-column-is-layout-flow\" style=\"flex-basis:70%\">\n<h1 class=\"wp-block-heading\">Vittra V\u00e4stra Hamnen avvecklas<\/h1>\n\n\n\n<p>Grundskolan Vittra V\u00e4stra Hamnen kommer att avvecklas under de kommande tv\u00e5 \u00e5ren. Verksamheten forts\u00e4tter i sin helhet l\u00e4s\u00e5ret ut, fram till juni 2023, f\u00f6r samtliga elever som g\u00e5r p\u00e5 skolan idag. Avvecklingen g\u00f6rs d\u00e4refter successivt under de kommande tv\u00e5 l\u00e4s\u00e5ren och skolan tar d\u00e4rf\u00f6r inte emot nya elever till h\u00f6sten 2023.<\/p>\n\n\n\n<p>Elever som g\u00e5r i \u00e5rskurs 7 och 8 har m\u00f6jlighet att g\u00e5 kvar p\u00e5 skolan hela sin skoltid, fram till juni 2025. Elever fr\u00e5n f\u00f6rskoleklass till \u00e5rskurs 6 f\u00e5r hj\u00e4lp att s\u00f6ka plats p\u00e5 andra grundskolor. Elever som g\u00e5r i \u00e5rskurs nio detta l\u00e4s\u00e5r ber\u00f6rs inte av avvecklingen.<\/p>\n\n\n\n<p>F\u00f6r fr\u00e5gor om skolans fortsatta verksamhet, kontakta rektor Mats Carlgren <a href=\"mailto:mats.carlgren@vittra.se\">mats.carlgren@vittra.se<\/a> eller skolchef Ulrika Kragner <a href=\"mailto:ulrika.kragner@vittra.se\">ulrika.kragner@vittra.se<\/a>.<\/p>\n<\/div>\n\n\n\n<div class=\"wp-block-column is-layout-flow wp-block-column-is-layout-flow\" style=\"flex-basis:15%\"><\/div>\n<\/div>\n","protected":false},"template":"","article_category":[4],"yoast_head":"<!-- This site is optimized with the Yoast SEO plugin v22.0 - https:\/\/yoast.com\/wordpress\/plugins\/seo\/ -->\n<title>V\u00e4stra Hamnen<\/title>\n<meta name=\"robots\" content=\"index, follow, max-snippet:-1, max-image-preview:large, max-video-preview:-1\" \/>\n<link rel=\"canonical\" href=\"https:\/\/vittra.se\/vastra-hamnen\/artikel\/vittra-vastra-hamnen-avvecklas\/\" \/>\n<meta property=\"og:locale\" content=\"sv_SE\" \/>\n<meta property=\"og:type\" content=\"article\" \/>\n<meta property=\"og:url\" content=\"https:\/\/vittra.se\/vastra-hamnen\/artikel\/vittra-vastra-hamnen-avvecklas\/\" \/>\n<meta property=\"og:site_name\" content=\"V\u00e4stra Hamnen\" \/>\n<meta property=\"article:modified_time\" content=\"2023-01-19T13:09:59+00:00\" \/>\n<meta name=\"twitter:card\" content=\"summary_large_image\" \/>\n<meta name=\"twitter:label1\" content=\"Ber\u00e4knad l\u00e4stid\" \/>\n\t<meta name=\"twitter:data1\" content=\"1 minut\" \/>\n<script type=\"application\/ld+json\" class=\"yoast-schema-graph\">{\"@context\":\"https:\/\/schema.org\",\"@graph\":[{\"@type\":\"WebPage\",\"@id\":\"https:\/\/vittra.se\/vastra-hamnen\/artikel\/vittra-vastra-hamnen-avvecklas\/\",\"url\":\"https:\/\/vittra.se\/vastra-hamnen\/artikel\/vittra-vastra-hamnen-avvecklas\/\",\"name\":\"Vittra V\u00e4stra Hamnen avvecklas - V\u00e4stra Hamnen\",\"isPartOf\":{\"@id\":\"https:\/\/vittra.se\/vastra-hamnen\/#website\"},\"datePublished\":\"2023-01-18T16:12:17+00:00\",\"dateModified\":\"2023-01-19T13:09:59+00:00\",\"breadcrumb\":{\"@id\":\"https:\/\/vittra.se\/vastra-hamnen\/artikel\/vittra-vastra-hamnen-avvecklas\/#breadcrumb\"},\"inLanguage\":\"sv-SE\",\"potentialAction\":[{\"@type\":\"ReadAction\",\"target\":[\"https:\/\/vittra.se\/vastra-hamnen\/artikel\/vittra-vastra-hamnen-avvecklas\/\"]}]},{\"@type\":\"BreadcrumbList\",\"@id\":\"https:\/\/vittra.se\/vastra-hamnen\/artikel\/vittra-vastra-hamnen-avvecklas\/#breadcrumb\",\"itemListElement\":[{\"@type\":\"ListItem\",\"position\":1,\"name\":\"Start\",\"item\":\"https:\/\/vittra.se\/vastra-hamnen\"},{\"@type\":\"ListItem\",\"position\":2,\"name\":\"Artikel\"}]},{\"@type\":\"WebSite\",\"@id\":\"https:\/\/vittra.se\/vastra-hamnen\/#website\",\"url\":\"https:\/\/vittra.se\/vastra-hamnen\/\",\"name\":\"V\u00e4stra Hamnen\",\"description\":\"Vittra V\u00e4stra Hamnen\",\"potentialAction\":[{\"@type\":\"SearchAction\",\"target\":{\"@type\":\"EntryPoint\",\"urlTemplate\":\"https:\/\/vittra.se\/vastra-hamnen\/?s={search_term_string}\"},\"query-input\":\"required name=search_term_string\"}],\"inLanguage\":\"sv-SE\"}]}<\/script>\n<!-- \/ Yoast SEO plugin. -->","yoast_head_json":{"title":"V\u00e4stra Hamnen","robots":{"index":"index","follow":"follow","max-snippet":"max-snippet:-1","max-image-preview":"max-image-preview:large","max-video-preview":"max-video-preview:-1"},"canonical":"https:\/\/vittra.se\/vastra-hamnen\/artikel\/vittra-vastra-hamnen-avvecklas\/","og_locale":"sv_SE","og_type":"article","og_url":"https:\/\/vittra.se\/vastra-hamnen\/artikel\/vittra-vastra-hamnen-avvecklas\/","og_site_name":"V\u00e4stra Hamnen","article_modified_time":"2023-01-19T13:09:59+00:00","twitter_card":"summary_large_image","twitter_misc":{"Ber\u00e4knad l\u00e4stid":"1 minut"},"schema":{"@context":"https:\/\/schema.org","@graph":[{"@type":"WebPage","@id":"https:\/\/vittra.se\/vastra-hamnen\/artikel\/vittra-vastra-hamnen-avvecklas\/","url":"https:\/\/vittra.se\/vastra-hamnen\/artikel\/vittra-vastra-hamnen-avvecklas\/","name":"Vittra V\u00e4stra Hamnen avvecklas - V\u00e4stra Hamnen","isPartOf":{"@id":"https:\/\/vittra.se\/vastra-hamnen\/#website"},"datePublished":"2023-01-18T16:12:17+00:00","dateModified":"2023-01-19T13:09:59+00:00","breadcrumb":{"@id":"https:\/\/vittra.se\/vastra-hamnen\/artikel\/vittra-vastra-hamnen-avvecklas\/#breadcrumb"},"inLanguage":"sv-SE","potentialAction":[{"@type":"ReadAction","target":["https:\/\/vittra.se\/vastra-hamnen\/artikel\/vittra-vastra-hamnen-avvecklas\/"]}]},{"@type":"BreadcrumbList","@id":"https:\/\/vittra.se\/vastra-hamnen\/artikel\/vittra-vastra-hamnen-avvecklas\/#breadcrumb","itemListElement":[{"@type":"ListItem","position":1,"name":"Start","item":"https:\/\/vittra.se\/vastra-hamnen"},{"@type":"ListItem","position":2,"name":"Artikel"}]},{"@type":"WebSite","@id":"https:\/\/vittra.se\/vastra-hamnen\/#website","url":"https:\/\/vittra.se\/vastra-hamnen\/","name":"V\u00e4stra Hamnen","description":"Vittra V\u00e4stra Hamnen","potentialAction":[{"@type":"SearchAction","target":{"@type":"EntryPoint","urlTemplate":"https:\/\/vittra.se\/vastra-hamnen\/?s={search_term_string}"},"query-input":"required name=search_term_string"}],"inLanguage":"sv-SE"}]}},"_links":{"self":[{"href":"https:\/\/vittra.se\/vastra-hamnen\/wp-json\/wp\/v2\/article\/1097"}],"collection":[{"href":"https:\/\/vittra.se\/vastra-hamnen\/wp-json\/wp\/v2\/article"}],"about":[{"href":"https:\/\/vittra.se\/vastra-hamnen\/wp-json\/wp\/v2\/types\/article"}],"wp:attachment":[{"href":"https:\/\/vittra.se\/vastra-hamnen\/wp-json\/wp\/v2\/media?parent=1097"}],"wp:term":[{"taxonomy":"article_category","embeddable":true,"href":"https:\/\/vittra.se\/vastra-hamnen\/wp-json\/wp\/v2\/article_category?post=1097"}],"curies":[{"name":"wp","href":"https:\/\/api.w.org\/{rel}","templated":true}]}}