{"id":760,"date":"2021-03-10T10:58:47","date_gmt":"2021-03-10T09:58:47","guid":{"rendered":"https:\/\/vittra.se\/vallentuna\/?post_type=article&#038;p=760"},"modified":"2024-03-20T09:17:37","modified_gmt":"2024-03-20T08:17:37","slug":"vi-utokar-i-ak-6","status":"publish","type":"article","link":"https:\/\/vittra.se\/vallentuna\/artikel\/vi-utokar-i-ak-6\/","title":{"rendered":"Vi ut\u00f6kar i \u00e5k 6"},"content":{"rendered":"\n<h1 class=\"wp-block-heading\">\u00c4ntligen! Nu har vi f\u00e5tt m\u00f6jlighet att ta emot fler elever i \u00e5rskurs 6<\/h1>\n\n\n\n<p><strong>Till h\u00f6sten 2021 ut\u00f6kar vi v\u00e5r grundskola med ytterligare en \u00e5rskurs 6. Detta inneb\u00e4r att det finns ett antal lediga platser med start ht 2021.<\/strong><\/p>\n\n\n\n<p>Du \u00e4r varmt v\u00e4lkommen att h\u00f6ra av dig till oss s\u00e5 ber\u00e4ttar vi mer <a style=\"font-weight: bold;\" href=\"tel:0851444040\">08-514 440 40<\/a> eller via<strong>&nbsp;<a href=\"mailto:vallentuna@vittra.se\">vallentuna@vittra.se<\/a><\/strong><\/p>\n\n\n\n<p>G\u00f6r en <a href=\"https:\/\/vittra.se\/vallentuna\/koanmalan\/\">k\u00f6anm\u00e4lan<\/a> redan idag d\u00e5 vi antar efter anm\u00e4lningsdatum.<\/p>\n\n\n\n<p>V\u00e4lkommen in p\u00e5 en rundtur i v\u00e5ra fina <a href=\"https:\/\/youtu.be\/StwokccZBL4\" target=\"_blank\" rel=\"noreferrer noopener\">lokaler<\/a>.<\/p>\n","protected":false},"template":"","article_category":[17],"yoast_head":"<!-- This site is optimized with the Yoast SEO plugin v22.0 - https:\/\/yoast.com\/wordpress\/plugins\/seo\/ -->\n<title>Vallentuna<\/title>\n<meta name=\"description\" content=\"Just nu finns det platser kvar i \u00e5rskurs 6 med start ht 2021. G\u00f6r en k\u00f6anm\u00e4lan redan idag d\u00e5 vi antar efter anm\u00e4lningsdatum.\" \/>\n<meta name=\"robots\" content=\"index, follow, max-snippet:-1, max-image-preview:large, max-video-preview:-1\" \/>\n<link rel=\"canonical\" href=\"https:\/\/vittra.se\/vallentuna\/artikel\/vi-utokar-i-ak-6\/\" \/>\n<meta property=\"og:locale\" content=\"sv_SE\" \/>\n<meta property=\"og:type\" content=\"article\" \/>\n<meta property=\"og:description\" content=\"Just nu finns det platser kvar i \u00e5rskurs 6 med start ht 2021. G\u00f6r en k\u00f6anm\u00e4lan redan idag d\u00e5 vi antar efter anm\u00e4lningsdatum.\" \/>\n<meta property=\"og:url\" content=\"https:\/\/vittra.se\/vallentuna\/artikel\/vi-utokar-i-ak-6\/\" \/>\n<meta property=\"og:site_name\" content=\"Vallentuna\" \/>\n<meta property=\"article:modified_time\" content=\"2024-03-20T08:17:37+00:00\" \/>\n<meta name=\"twitter:card\" content=\"summary_large_image\" \/>\n<meta name=\"twitter:description\" content=\"Just nu finns det platser kvar i \u00e5rskurs 6 med start ht 2021. G\u00f6r en k\u00f6anm\u00e4lan redan idag d\u00e5 vi antar efter anm\u00e4lningsdatum.\" \/>\n<meta name=\"twitter:label1\" content=\"Ber\u00e4knad l\u00e4stid\" \/>\n\t<meta name=\"twitter:data1\" content=\"1 minut\" \/>\n<script type=\"application\/ld+json\" class=\"yoast-schema-graph\">{\"@context\":\"https:\/\/schema.org\",\"@graph\":[{\"@type\":\"WebPage\",\"@id\":\"https:\/\/vittra.se\/vallentuna\/artikel\/vi-utokar-i-ak-6\/\",\"url\":\"https:\/\/vittra.se\/vallentuna\/artikel\/vi-utokar-i-ak-6\/\",\"name\":\"Vi ut\u00f6kar i \u00e5k 6 - Vallentuna\",\"isPartOf\":{\"@id\":\"https:\/\/vittra.se\/vallentuna\/#website\"},\"datePublished\":\"2021-03-10T09:58:47+00:00\",\"dateModified\":\"2024-03-20T08:17:37+00:00\",\"description\":\"Just nu finns det platser kvar i \u00e5rskurs 6 med start ht 2021. G\u00f6r en k\u00f6anm\u00e4lan redan idag d\u00e5 vi antar efter anm\u00e4lningsdatum.\",\"breadcrumb\":{\"@id\":\"https:\/\/vittra.se\/vallentuna\/artikel\/vi-utokar-i-ak-6\/#breadcrumb\"},\"inLanguage\":\"sv-SE\",\"potentialAction\":[{\"@type\":\"ReadAction\",\"target\":[\"https:\/\/vittra.se\/vallentuna\/artikel\/vi-utokar-i-ak-6\/\"]}]},{\"@type\":\"BreadcrumbList\",\"@id\":\"https:\/\/vittra.se\/vallentuna\/artikel\/vi-utokar-i-ak-6\/#breadcrumb\",\"itemListElement\":[{\"@type\":\"ListItem\",\"position\":1,\"name\":\"Start\",\"item\":\"https:\/\/vittra.se\/vallentuna\"},{\"@type\":\"ListItem\",\"position\":2,\"name\":\"Artikel\"}]},{\"@type\":\"WebSite\",\"@id\":\"https:\/\/vittra.se\/vallentuna\/#website\",\"url\":\"https:\/\/vittra.se\/vallentuna\/\",\"name\":\"Vallentuna\",\"description\":\"Kunskap att f\u00f6r\u00e4ndra. Mod att p\u00e5verka.\",\"potentialAction\":[{\"@type\":\"SearchAction\",\"target\":{\"@type\":\"EntryPoint\",\"urlTemplate\":\"https:\/\/vittra.se\/vallentuna\/?s={search_term_string}\"},\"query-input\":\"required name=search_term_string\"}],\"inLanguage\":\"sv-SE\"}]}<\/script>\n<!-- \/ Yoast SEO plugin. -->","yoast_head_json":{"title":"Vallentuna","description":"Just nu finns det platser kvar i \u00e5rskurs 6 med start ht 2021. G\u00f6r en k\u00f6anm\u00e4lan redan idag d\u00e5 vi antar efter anm\u00e4lningsdatum.","robots":{"index":"index","follow":"follow","max-snippet":"max-snippet:-1","max-image-preview":"max-image-preview:large","max-video-preview":"max-video-preview:-1"},"canonical":"https:\/\/vittra.se\/vallentuna\/artikel\/vi-utokar-i-ak-6\/","og_locale":"sv_SE","og_type":"article","og_description":"Just nu finns det platser kvar i \u00e5rskurs 6 med start ht 2021. G\u00f6r en k\u00f6anm\u00e4lan redan idag d\u00e5 vi antar efter anm\u00e4lningsdatum.","og_url":"https:\/\/vittra.se\/vallentuna\/artikel\/vi-utokar-i-ak-6\/","og_site_name":"Vallentuna","article_modified_time":"2024-03-20T08:17:37+00:00","twitter_card":"summary_large_image","twitter_description":"Just nu finns det platser kvar i \u00e5rskurs 6 med start ht 2021. G\u00f6r en k\u00f6anm\u00e4lan redan idag d\u00e5 vi antar efter anm\u00e4lningsdatum.","twitter_misc":{"Ber\u00e4knad l\u00e4stid":"1 minut"},"schema":{"@context":"https:\/\/schema.org","@graph":[{"@type":"WebPage","@id":"https:\/\/vittra.se\/vallentuna\/artikel\/vi-utokar-i-ak-6\/","url":"https:\/\/vittra.se\/vallentuna\/artikel\/vi-utokar-i-ak-6\/","name":"Vi ut\u00f6kar i \u00e5k 6 - Vallentuna","isPartOf":{"@id":"https:\/\/vittra.se\/vallentuna\/#website"},"datePublished":"2021-03-10T09:58:47+00:00","dateModified":"2024-03-20T08:17:37+00:00","description":"Just nu finns det platser kvar i \u00e5rskurs 6 med start ht 2021. G\u00f6r en k\u00f6anm\u00e4lan redan idag d\u00e5 vi antar efter anm\u00e4lningsdatum.","breadcrumb":{"@id":"https:\/\/vittra.se\/vallentuna\/artikel\/vi-utokar-i-ak-6\/#breadcrumb"},"inLanguage":"sv-SE","potentialAction":[{"@type":"ReadAction","target":["https:\/\/vittra.se\/vallentuna\/artikel\/vi-utokar-i-ak-6\/"]}]},{"@type":"BreadcrumbList","@id":"https:\/\/vittra.se\/vallentuna\/artikel\/vi-utokar-i-ak-6\/#breadcrumb","itemListElement":[{"@type":"ListItem","position":1,"name":"Start","item":"https:\/\/vittra.se\/vallentuna"},{"@type":"ListItem","position":2,"name":"Artikel"}]},{"@type":"WebSite","@id":"https:\/\/vittra.se\/vallentuna\/#website","url":"https:\/\/vittra.se\/vallentuna\/","name":"Vallentuna","description":"Kunskap att f\u00f6r\u00e4ndra. Mod att p\u00e5verka.","potentialAction":[{"@type":"SearchAction","target":{"@type":"EntryPoint","urlTemplate":"https:\/\/vittra.se\/vallentuna\/?s={search_term_string}"},"query-input":"required name=search_term_string"}],"inLanguage":"sv-SE"}]}},"_links":{"self":[{"href":"https:\/\/vittra.se\/vallentuna\/wp-json\/wp\/v2\/article\/760"}],"collection":[{"href":"https:\/\/vittra.se\/vallentuna\/wp-json\/wp\/v2\/article"}],"about":[{"href":"https:\/\/vittra.se\/vallentuna\/wp-json\/wp\/v2\/types\/article"}],"wp:attachment":[{"href":"https:\/\/vittra.se\/vallentuna\/wp-json\/wp\/v2\/media?parent=760"}],"wp:term":[{"taxonomy":"article_category","embeddable":true,"href":"https:\/\/vittra.se\/vallentuna\/wp-json\/wp\/v2\/article_category?post=760"}],"curies":[{"name":"wp","href":"https:\/\/api.w.org\/{rel}","templated":true}]}}