{"id":1678,"date":"2026-04-16T11:28:11","date_gmt":"2026-04-16T09:28:11","guid":{"rendered":"https:\/\/vittra.se\/vallentuna\/?post_type=article&#038;p=1678"},"modified":"2026-04-17T12:13:42","modified_gmt":"2026-04-17T10:13:42","slug":"elevroster","status":"publish","type":"article","link":"https:\/\/vittra.se\/vallentuna\/artikel\/elevroster\/","title":{"rendered":"Elevr\u00f6ster"},"content":{"rendered":"\n<div class=\"wp-block-group is-layout-constrained wp-container-core-group-layout-1 wp-block-group-is-layout-constrained\">\n<h1 class=\"wp-block-heading\">M\u00f6t v\u00e5ra elever p\u00e5 Vittra<\/h1>\n\n\n\n<p   class=\"site__ingress container text-left  site__text-color--dark  site__free_text--ingress p-0\">\n\tHur \u00e4r det egentligen att g\u00e5 p\u00e5 Vittra? H\u00e4r ber\u00e4ttar v\u00e5ra elever om sin vardag, vad de tycker om att g\u00f6ra p\u00e5 skolan och hur de ser p\u00e5 framtiden.<\/p>\n\n\n\n\n\n<h2 class=\"wp-block-heading\"><strong>Inez<\/strong> \u2013 Elev i f\u00f6rskoleklass<\/h2>\n\n\n\n<h3 class=\"wp-block-heading\">Vad tycker du \u00e4r roligast att g\u00f6ra p\u00e5 din skola?<\/h3>\n\n\n\n<p>Jag tycker det \u00e4r roligt n\u00e4r vi har speciella dagar, som till exempel Crazy Hair Day. Det \u00e4r ocks\u00e5 kul att l\u00e4ra sig matte. Jag har l\u00e4rt mig att r\u00e4kna plus, och det \u00e4r bra att kunna veta hur mycket n\u00e5got blir tillsammans.<\/p>\n\n\n\n<h3 class=\"wp-block-heading\">Vad g\u00f6r l\u00e4rarna som du tycker \u00e4r bra h\u00e4r?<\/h3>\n\n\n\n<p>L\u00e4rarna tar hand om oss om n\u00e5gon g\u00f6r sig illa och tr\u00f6star oss d\u00e5. De hj\u00e4lper oss ocks\u00e5 n\u00e4r n\u00e5got \u00e4r sv\u00e5rt. Vi r\u00e4cker upp handen, s\u00e5 kommer de och hj\u00e4lper.<\/p>\n\n\n\n<h3 class=\"wp-block-heading\">Vad g\u00f6r ni i klassen f\u00f6r att alla ska k\u00e4nna sig glada och vilja vara med?<\/h3>\n\n\n\n<p>Vi fr\u00e5gar den som inte har n\u00e5gon att leka med om den vill vara med. Vi \u00e4r sn\u00e4lla mot varandra och tr\u00f6star dem som \u00e4r ledsna.<\/p>\n\n\n\n\n<figure  class=\"ams-media l-container l-stack l-stack-2xs u-pt-fluid-md-xl u-pb-fluid-md-xl is-center is-center@md\" >\n\t\t\t\t\t<picture><source media=\"(min-width: 32em)\" srcset=\"https:\/\/vittra.se\/wp-content\/uploads\/sites\/24\/2026\/04\/img1232-600x690.jpeg 600w, https:\/\/vittra.se\/wp-content\/uploads\/sites\/24\/2026\/04\/img1232-300x345.jpeg 300w, https:\/\/vittra.se\/wp-content\/uploads\/sites\/24\/2026\/04\/img1232-400x460.jpeg 400w, https:\/\/vittra.se\/wp-content\/uploads\/sites\/24\/2026\/04\/img1232-800x920.jpeg 800w, https:\/\/vittra.se\/wp-content\/uploads\/sites\/24\/2026\/04\/img1232-1024x1178.jpeg 1024w, https:\/\/vittra.se\/wp-content\/uploads\/sites\/24\/2026\/04\/img1232-1200x1380.jpeg 1200w\" sizes=\"(max-width: 600px) 100vw, 600px\" \/><source srcset=\"https:\/\/vittra.se\/wp-content\/uploads\/sites\/24\/2026\/04\/img1232-400x460.jpeg 400w, https:\/\/vittra.se\/wp-content\/uploads\/sites\/24\/2026\/04\/img1232-300x345.jpeg 300w, https:\/\/vittra.se\/wp-content\/uploads\/sites\/24\/2026\/04\/img1232-600x690.jpeg 600w, https:\/\/vittra.se\/wp-content\/uploads\/sites\/24\/2026\/04\/img1232-800x920.jpeg 800w, https:\/\/vittra.se\/wp-content\/uploads\/sites\/24\/2026\/04\/img1232-1024x1178.jpeg 1024w, https:\/\/vittra.se\/wp-content\/uploads\/sites\/24\/2026\/04\/img1232-1200x1380.jpeg 1200w\" sizes=\"(max-width: 400px) 100vw, 400px\" \/><img decoding=\"async\" width=\"600\" height=\"690\" src=\"https:\/\/vittra.se\/wp-content\/uploads\/sites\/24\/2026\/04\/img1232-600x690.jpeg\" class=\"ams-media__image u-ratio-landscape u-radius-square\" alt=\"\" sizes=\"(max-width: 600px) 100vw, 600px\" srcset=\"https:\/\/vittra.se\/wp-content\/uploads\/sites\/24\/2026\/04\/img1232-600x690.jpeg 600w, https:\/\/vittra.se\/wp-content\/uploads\/sites\/24\/2026\/04\/img1232-300x345.jpeg 300w, https:\/\/vittra.se\/wp-content\/uploads\/sites\/24\/2026\/04\/img1232-400x460.jpeg 400w, https:\/\/vittra.se\/wp-content\/uploads\/sites\/24\/2026\/04\/img1232-800x920.jpeg 800w, https:\/\/vittra.se\/wp-content\/uploads\/sites\/24\/2026\/04\/img1232-1024x1178.jpeg 1024w, https:\/\/vittra.se\/wp-content\/uploads\/sites\/24\/2026\/04\/img1232-1200x1380.jpeg 1200w\" \/><\/picture>\n\t\t\n\t\n\t<\/figure>\n\n\n\n<h2 class=\"wp-block-heading\">Sebastian \u2013 Elev i \u00e5k 4<\/h2>\n\n\n\n<h3 class=\"wp-block-heading\">Vad \u00e4r det b\u00e4sta med att g\u00e5 p\u00e5 din skola?<\/h3>\n\n\n\n<p>Det b\u00e4sta med att g\u00e5 p\u00e5 min skola \u00e4r att alla \u00e4r s\u00e5 sn\u00e4lla.<\/p>\n\n\n\n<h3 class=\"wp-block-heading\">N\u00e4r k\u00e4nner du dig stolt i skolan?<\/h3>\n\n\n\n<p>Jag k\u00e4nner mig stolt n\u00e4r jag har hj\u00e4lpt n\u00e5gon och n\u00e4r n\u00e5gon \u00e4r sn\u00e4ll mot mig.&nbsp;<\/p>\n\n\n\n<h3 class=\"wp-block-heading\">Finns det n\u00e5got du har l\u00e4rt dig i skolan som du ocks\u00e5 g\u00f6r\/anv\u00e4nder hemma?<\/h3>\n\n\n\n<p>P\u00e5 textilen har jag l\u00e4rt mig och har bra anv\u00e4ndning av att virka.&nbsp;<\/p>\n\n\n\n\n<figure  class=\"ams-media l-container l-stack l-stack-2xs u-pt-fluid-md-xl u-pb-fluid-md-xl is-center is-center@md\" >\n\t\t\t\t\t<picture><source media=\"(min-width: 32em)\" srcset=\"https:\/\/vittra.se\/wp-content\/uploads\/sites\/24\/2026\/04\/img4954-rotated-e1776332197226-600x1072.jpeg 600w, https:\/\/vittra.se\/wp-content\/uploads\/sites\/24\/2026\/04\/img4954-rotated-e1776332197226-300x536.jpeg 300w, https:\/\/vittra.se\/wp-content\/uploads\/sites\/24\/2026\/04\/img4954-rotated-e1776332197226-400x715.jpeg 400w, https:\/\/vittra.se\/wp-content\/uploads\/sites\/24\/2026\/04\/img4954-rotated-e1776332197226-800x1430.jpeg 800w, https:\/\/vittra.se\/wp-content\/uploads\/sites\/24\/2026\/04\/img4954-rotated-e1776332197226-1024x1830.jpeg 1024w, https:\/\/vittra.se\/wp-content\/uploads\/sites\/24\/2026\/04\/img4954-rotated-e1776332197226.jpeg 1128w\" sizes=\"(max-width: 600px) 100vw, 600px\" \/><source srcset=\"https:\/\/vittra.se\/wp-content\/uploads\/sites\/24\/2026\/04\/img4954-rotated-e1776332197226-400x715.jpeg 400w, https:\/\/vittra.se\/wp-content\/uploads\/sites\/24\/2026\/04\/img4954-rotated-e1776332197226-300x536.jpeg 300w, https:\/\/vittra.se\/wp-content\/uploads\/sites\/24\/2026\/04\/img4954-rotated-e1776332197226-600x1072.jpeg 600w, https:\/\/vittra.se\/wp-content\/uploads\/sites\/24\/2026\/04\/img4954-rotated-e1776332197226-800x1430.jpeg 800w, https:\/\/vittra.se\/wp-content\/uploads\/sites\/24\/2026\/04\/img4954-rotated-e1776332197226-1024x1830.jpeg 1024w, https:\/\/vittra.se\/wp-content\/uploads\/sites\/24\/2026\/04\/img4954-rotated-e1776332197226.jpeg 1128w\" sizes=\"(max-width: 400px) 100vw, 400px\" \/><img decoding=\"async\" width=\"600\" height=\"1072\" src=\"https:\/\/vittra.se\/wp-content\/uploads\/sites\/24\/2026\/04\/img4954-rotated-e1776332197226-600x1072.jpeg\" class=\"ams-media__image u-ratio-landscape u-radius-square\" alt=\"\" sizes=\"(max-width: 600px) 100vw, 600px\" srcset=\"https:\/\/vittra.se\/wp-content\/uploads\/sites\/24\/2026\/04\/img4954-rotated-e1776332197226-600x1072.jpeg 600w, https:\/\/vittra.se\/wp-content\/uploads\/sites\/24\/2026\/04\/img4954-rotated-e1776332197226-300x536.jpeg 300w, https:\/\/vittra.se\/wp-content\/uploads\/sites\/24\/2026\/04\/img4954-rotated-e1776332197226-400x715.jpeg 400w, https:\/\/vittra.se\/wp-content\/uploads\/sites\/24\/2026\/04\/img4954-rotated-e1776332197226-800x1430.jpeg 800w, https:\/\/vittra.se\/wp-content\/uploads\/sites\/24\/2026\/04\/img4954-rotated-e1776332197226-1024x1830.jpeg 1024w, https:\/\/vittra.se\/wp-content\/uploads\/sites\/24\/2026\/04\/img4954-rotated-e1776332197226.jpeg 1128w\" \/><\/picture>\n\t\t\n\t\n\t<\/figure>\n\n\n\n<h2 class=\"wp-block-heading\">Eryk \u2013 Elev i \u00e5k 7<\/h2>\n\n\n\n<h3 class=\"wp-block-heading\">Hur skulle du beskriva din skola f\u00f6r n\u00e5gon som inte g\u00e5r h\u00e4r?<\/h3>\n\n\n\n<p>Jag skulle beskriva min skola f\u00f6r n\u00e5gon annan som en trevlig skola. Som jobbar med att vi ska ha en bra arbetsmilj\u00f6 och framf\u00f6r allt vara trygg. Vittra Vallentuna \u00e4r en grundskola med bra och sn\u00e4lla pedagoger som l\u00e4r ut p\u00e5 ett bra s\u00e4tt. &nbsp; &nbsp;<\/p>\n\n\n\n<h3 class=\"wp-block-heading\">Hur har du utvecklats under din tid p\u00e5 skolan?<\/h3>\n\n\n\n<p>Jag har under mina skol\u00e5r p\u00e5 Vittra Vallentuna utvecklats riktigt mycket tack vare att jag har f\u00e5tt hj\u00e4lp av v\u00e5ra l\u00e4rare och andra pedagoger.<\/p>\n\n\n\n<h3 class=\"wp-block-heading\">Utifr\u00e5n det du har l\u00e4rt dig i skolan, vad tror du att du alltid kommer komma ih\u00e5g i framtiden?<\/h3>\n\n\n\n<p>Det jag alltid kommer att komma ih\u00e5g \u00e4r mina fantastiska v\u00e4nner och v\u00e5ra klassresor &#8211; de kommer jag alltid att ha i mitt hj\u00e4rta. Jag kommer ocks\u00e5 komma ih\u00e5g l\u00e4rarna som trodde s\u00e5 mycket p\u00e5 mig och som ville det b\u00e4sta f\u00f6r att jag ska lyckas i framtiden.<\/p>\n\n\n\n\n<figure  class=\"ams-media l-container l-stack l-stack-2xs u-pt-fluid-md-xl u-pb-fluid-md-xl is-center is-center@md\" >\n\t\t\t\t\t<picture><source media=\"(min-width: 32em)\" srcset=\"https:\/\/vittra.se\/wp-content\/uploads\/sites\/24\/2026\/04\/eryksenior-600x800.jpg 600w, https:\/\/vittra.se\/wp-content\/uploads\/sites\/24\/2026\/04\/eryksenior-300x400.jpg 300w, https:\/\/vittra.se\/wp-content\/uploads\/sites\/24\/2026\/04\/eryksenior-400x533.jpg 400w, https:\/\/vittra.se\/wp-content\/uploads\/sites\/24\/2026\/04\/eryksenior-800x1067.jpg 800w, https:\/\/vittra.se\/wp-content\/uploads\/sites\/24\/2026\/04\/eryksenior-1024x1365.jpg 1024w, https:\/\/vittra.se\/wp-content\/uploads\/sites\/24\/2026\/04\/eryksenior-1200x1600.jpg 1200w, https:\/\/vittra.se\/wp-content\/uploads\/sites\/24\/2026\/04\/eryksenior-scaled.jpg 1920w\" sizes=\"(max-width: 600px) 100vw, 600px\" \/><source srcset=\"https:\/\/vittra.se\/wp-content\/uploads\/sites\/24\/2026\/04\/eryksenior-400x533.jpg 400w, https:\/\/vittra.se\/wp-content\/uploads\/sites\/24\/2026\/04\/eryksenior-300x400.jpg 300w, https:\/\/vittra.se\/wp-content\/uploads\/sites\/24\/2026\/04\/eryksenior-600x800.jpg 600w, https:\/\/vittra.se\/wp-content\/uploads\/sites\/24\/2026\/04\/eryksenior-800x1067.jpg 800w, https:\/\/vittra.se\/wp-content\/uploads\/sites\/24\/2026\/04\/eryksenior-1024x1365.jpg 1024w, https:\/\/vittra.se\/wp-content\/uploads\/sites\/24\/2026\/04\/eryksenior-1200x1600.jpg 1200w, https:\/\/vittra.se\/wp-content\/uploads\/sites\/24\/2026\/04\/eryksenior-scaled.jpg 1920w\" sizes=\"(max-width: 400px) 100vw, 400px\" \/><img decoding=\"async\" width=\"600\" height=\"800\" src=\"https:\/\/vittra.se\/wp-content\/uploads\/sites\/24\/2026\/04\/eryksenior-600x800.jpg\" class=\"ams-media__image u-ratio-landscape u-radius-square\" alt=\"\" sizes=\"(max-width: 600px) 100vw, 600px\" srcset=\"https:\/\/vittra.se\/wp-content\/uploads\/sites\/24\/2026\/04\/eryksenior-600x800.jpg 600w, https:\/\/vittra.se\/wp-content\/uploads\/sites\/24\/2026\/04\/eryksenior-300x400.jpg 300w, https:\/\/vittra.se\/wp-content\/uploads\/sites\/24\/2026\/04\/eryksenior-400x533.jpg 400w, https:\/\/vittra.se\/wp-content\/uploads\/sites\/24\/2026\/04\/eryksenior-800x1067.jpg 800w, https:\/\/vittra.se\/wp-content\/uploads\/sites\/24\/2026\/04\/eryksenior-1024x1365.jpg 1024w, https:\/\/vittra.se\/wp-content\/uploads\/sites\/24\/2026\/04\/eryksenior-1200x1600.jpg 1200w, https:\/\/vittra.se\/wp-content\/uploads\/sites\/24\/2026\/04\/eryksenior-scaled.jpg 1920w\" \/><\/picture>\n\t\t\n\t\n\t<\/figure>\n<\/div>\n","protected":false},"template":"","article_category":[17],"yoast_head":"<!-- This site is optimized with the Yoast SEO plugin v22.0 - https:\/\/yoast.com\/wordpress\/plugins\/seo\/ -->\n<title>Vallentuna<\/title>\n<meta name=\"robots\" content=\"index, follow, max-snippet:-1, max-image-preview:large, max-video-preview:-1\" \/>\n<link rel=\"canonical\" href=\"https:\/\/vittra.se\/vallentuna\/artikel\/elevroster\/\" \/>\n<meta property=\"og:locale\" content=\"sv_SE\" \/>\n<meta property=\"og:type\" content=\"article\" \/>\n<meta property=\"og:url\" content=\"https:\/\/vittra.se\/vallentuna\/artikel\/elevroster\/\" \/>\n<meta property=\"og:site_name\" content=\"Vallentuna\" \/>\n<meta property=\"article:modified_time\" content=\"2026-04-17T10:13:42+00:00\" \/>\n<meta name=\"twitter:card\" content=\"summary_large_image\" \/>\n<meta name=\"twitter:label1\" content=\"Ber\u00e4knad l\u00e4stid\" \/>\n\t<meta name=\"twitter:data1\" content=\"2 minuter\" \/>\n<script type=\"application\/ld+json\" class=\"yoast-schema-graph\">{\"@context\":\"https:\/\/schema.org\",\"@graph\":[{\"@type\":\"WebPage\",\"@id\":\"https:\/\/vittra.se\/vallentuna\/artikel\/elevroster\/\",\"url\":\"https:\/\/vittra.se\/vallentuna\/artikel\/elevroster\/\",\"name\":\"Elevr\u00f6ster - Vallentuna\",\"isPartOf\":{\"@id\":\"https:\/\/vittra.se\/vallentuna\/#website\"},\"datePublished\":\"2026-04-16T09:28:11+00:00\",\"dateModified\":\"2026-04-17T10:13:42+00:00\",\"breadcrumb\":{\"@id\":\"https:\/\/vittra.se\/vallentuna\/artikel\/elevroster\/#breadcrumb\"},\"inLanguage\":\"sv-SE\",\"potentialAction\":[{\"@type\":\"ReadAction\",\"target\":[\"https:\/\/vittra.se\/vallentuna\/artikel\/elevroster\/\"]}]},{\"@type\":\"BreadcrumbList\",\"@id\":\"https:\/\/vittra.se\/vallentuna\/artikel\/elevroster\/#breadcrumb\",\"itemListElement\":[{\"@type\":\"ListItem\",\"position\":1,\"name\":\"Start\",\"item\":\"https:\/\/vittra.se\/vallentuna\"},{\"@type\":\"ListItem\",\"position\":2,\"name\":\"Artikel\"}]},{\"@type\":\"WebSite\",\"@id\":\"https:\/\/vittra.se\/vallentuna\/#website\",\"url\":\"https:\/\/vittra.se\/vallentuna\/\",\"name\":\"Vallentuna\",\"description\":\"Kunskap att f\u00f6r\u00e4ndra. Mod att p\u00e5verka.\",\"potentialAction\":[{\"@type\":\"SearchAction\",\"target\":{\"@type\":\"EntryPoint\",\"urlTemplate\":\"https:\/\/vittra.se\/vallentuna\/?s={search_term_string}\"},\"query-input\":\"required name=search_term_string\"}],\"inLanguage\":\"sv-SE\"}]}<\/script>\n<!-- \/ Yoast SEO plugin. -->","yoast_head_json":{"title":"Vallentuna","robots":{"index":"index","follow":"follow","max-snippet":"max-snippet:-1","max-image-preview":"max-image-preview:large","max-video-preview":"max-video-preview:-1"},"canonical":"https:\/\/vittra.se\/vallentuna\/artikel\/elevroster\/","og_locale":"sv_SE","og_type":"article","og_url":"https:\/\/vittra.se\/vallentuna\/artikel\/elevroster\/","og_site_name":"Vallentuna","article_modified_time":"2026-04-17T10:13:42+00:00","twitter_card":"summary_large_image","twitter_misc":{"Ber\u00e4knad l\u00e4stid":"2 minuter"},"schema":{"@context":"https:\/\/schema.org","@graph":[{"@type":"WebPage","@id":"https:\/\/vittra.se\/vallentuna\/artikel\/elevroster\/","url":"https:\/\/vittra.se\/vallentuna\/artikel\/elevroster\/","name":"Elevr\u00f6ster - Vallentuna","isPartOf":{"@id":"https:\/\/vittra.se\/vallentuna\/#website"},"datePublished":"2026-04-16T09:28:11+00:00","dateModified":"2026-04-17T10:13:42+00:00","breadcrumb":{"@id":"https:\/\/vittra.se\/vallentuna\/artikel\/elevroster\/#breadcrumb"},"inLanguage":"sv-SE","potentialAction":[{"@type":"ReadAction","target":["https:\/\/vittra.se\/vallentuna\/artikel\/elevroster\/"]}]},{"@type":"BreadcrumbList","@id":"https:\/\/vittra.se\/vallentuna\/artikel\/elevroster\/#breadcrumb","itemListElement":[{"@type":"ListItem","position":1,"name":"Start","item":"https:\/\/vittra.se\/vallentuna"},{"@type":"ListItem","position":2,"name":"Artikel"}]},{"@type":"WebSite","@id":"https:\/\/vittra.se\/vallentuna\/#website","url":"https:\/\/vittra.se\/vallentuna\/","name":"Vallentuna","description":"Kunskap att f\u00f6r\u00e4ndra. Mod att p\u00e5verka.","potentialAction":[{"@type":"SearchAction","target":{"@type":"EntryPoint","urlTemplate":"https:\/\/vittra.se\/vallentuna\/?s={search_term_string}"},"query-input":"required name=search_term_string"}],"inLanguage":"sv-SE"}]}},"_links":{"self":[{"href":"https:\/\/vittra.se\/vallentuna\/wp-json\/wp\/v2\/article\/1678"}],"collection":[{"href":"https:\/\/vittra.se\/vallentuna\/wp-json\/wp\/v2\/article"}],"about":[{"href":"https:\/\/vittra.se\/vallentuna\/wp-json\/wp\/v2\/types\/article"}],"wp:attachment":[{"href":"https:\/\/vittra.se\/vallentuna\/wp-json\/wp\/v2\/media?parent=1678"}],"wp:term":[{"taxonomy":"article_category","embeddable":true,"href":"https:\/\/vittra.se\/vallentuna\/wp-json\/wp\/v2\/article_category?post=1678"}],"curies":[{"name":"wp","href":"https:\/\/api.w.org\/{rel}","templated":true}]}}