{"id":1409,"date":"2025-02-14T08:57:32","date_gmt":"2025-02-14T07:57:32","guid":{"rendered":"https:\/\/vittra.se\/sodermalm\/?post_type=article&#038;p=1409"},"modified":"2026-02-06T10:26:26","modified_gmt":"2026-02-06T09:26:26","slug":"fotbollsprofil-pa-vittra-sodermalm-for-elever-i-arskurs-7-8","status":"publish","type":"article","link":"https:\/\/vittra.se\/sodermalm\/artikel\/fotbollsprofil-pa-vittra-sodermalm-for-elever-i-arskurs-7-8\/","title":{"rendered":"Fotbollsprofil p\u00e5 Vittra S\u00f6dermalm f\u00f6r elever i \u00e5rskurs 4\u20139"},"content":{"rendered":"\n<div class=\"wp-block-group is-layout-constrained wp-container-core-group-layout-1 wp-block-group-is-layout-constrained\">\n<h1 class=\"wp-block-heading\"><strong>Fotbollsprofil p\u00e5 Vittra S\u00f6dermalm f\u00f6r elever i \u00e5rskurs 4\u2013<\/strong>9<\/h1>\n\n\n\n<p   class=\"site__ingress container text-left  site__text-color--dark  site__free_text--ingress p-0\">\n\tVi p\u00e5 Vittra S\u00f6dermalm \u00e4r mycket glada \u00f6ver att kunna erbjuda en fotbollsprofil f\u00f6r v\u00e5ra elever i \u00e5rskurs 4-9! F\u00f6r \u00e5rskurs 7-9 \u00e4r vi certifierade av Svenska Fotbollsf\u00f6rbundet. Det \u00e4r en unik m\u00f6jlighet f\u00f6r v\u00e5ra elever som gillar fotboll att utvecklas b\u00e5de individuellt och i lag, samtidigt som de f\u00e5r en trygg och kvalitativ skolg\u00e5ng.<\/p>\n\n\n\n\n\t<div\n\t\t class=\"module_wrapper container-fluid images-module\" >\n\t\t<div class=\"row\">\n\t\t\t<div\n\t\t\t\t\tclass=\"col-12 m-0 p-0 position-relative images_module__slideshow images_module__slideshow-container module-expand \">\n\n\t\t\t\t<div class=\"images_module__slide \" data-slide=\"\"\n\t\t\t\t\t data-duration=\"\"><\/div>\n\t\t\t\t\t\t\t\t\t<div\n\t\t\t\t\t\t class=\"images_module__slides \">\n\n\n\t\t\t\t\t\t<div class=\"images__wrapper\"\n\t\t\t\t\t\t\t style=\"aspect-ratio: 1441 \/ 531;\">\n\t\t\t\t\t\t\t<img decoding=\"async\" width=\"1080\" height=\"608\" src=\"https:\/\/vittra.se\/wp-content\/uploads\/sites\/22\/2025\/02\/namnlos-1080-x-608-px.png\" class=\"images__image_ratio  \" alt=\"Fotbollsspelare med benen i fokus och foten p\u00e5 en boll ute p\u00e5 en gr\u00e4splan.\" style=\"aspect-ratio: 1441 \/ 531;object-position: center center;\" srcset=\"https:\/\/vittra.se\/wp-content\/uploads\/sites\/22\/2025\/02\/namnlos-1080-x-608-px.png 1080w, https:\/\/vittra.se\/wp-content\/uploads\/sites\/22\/2025\/02\/namnlos-1080-x-608-px-300x169.png 300w, https:\/\/vittra.se\/wp-content\/uploads\/sites\/22\/2025\/02\/namnlos-1080-x-608-px-400x225.png 400w, https:\/\/vittra.se\/wp-content\/uploads\/sites\/22\/2025\/02\/namnlos-1080-x-608-px-600x338.png 600w, https:\/\/vittra.se\/wp-content\/uploads\/sites\/22\/2025\/02\/namnlos-1080-x-608-px-800x450.png 800w, https:\/\/vittra.se\/wp-content\/uploads\/sites\/22\/2025\/02\/namnlos-1080-x-608-px-1024x576.png 1024w\" sizes=\"(max-width: 1080px) 100vw, 1080px\" \/>\t\t\t\t\t\t<\/div>\n\n\t\t\t\t\t\t\n\t\t\t\t\t\t\t\t\t\t\t<\/div>\n\t\t\t\t\n\t\t\t\t<div class=\"images_module__container_dot \">\n\t\t\t\t\t<div style=\"text-align:center\">\n\t\t\t\t\t\t\t\t\t\t\t\t\t<span   data-i=\"0\"\n\t\t\t\t\t\t\t\t  class=\"images_module__dot\n\t\t\t\t\t\t\t\t\t\t\t\t\t  \"><\/span>\n\t\t\t\t\t\t\t\t\t\t\t<\/div>\n\t\t\t\t<\/div>\n\n\t\t\t<\/div>\n\t\t<\/div>\n\t<\/div>\n\n\n\t\n\n\n<script>\n\tvar images_display_descriptive_text = \"\";\n<\/script>\n\n\n\n<h2 class=\"wp-block-heading\">Fotboll \u2013 mer \u00e4n bara ett spel<\/h2>\n\n\n\n<p>Vill ditt barn kombinera sin skolg\u00e5ng med en gedigen fotbollsutbildning? D\u00e5 \u00e4r Vittra S\u00f6dermalm skolan f\u00f6r ditt barn!<\/p>\n\n\n\n<p>I v\u00e5r fotbollsprofil f\u00e5r ditt barn i samarbete med Karlbergs BK en praktisk fotbollsutbildning, men ocks\u00e5 en teoretisk del som inneh\u00e5ller kost och fotbollsteori i skolan.<\/p>\n\n\n\n<p>Fotboll handlar om s\u00e5 mycket mer \u00e4n det som sker p\u00e5 planen. Genom v\u00e5r fotbollsprofil arbetar vi aktivt med v\u00e4rdegrunds\u00f6vningar som st\u00e4rker laganda, ansvarstagande och respekt. Vi vill att v\u00e5ra elever ska v\u00e4xa b\u00e5de som spelare och som individer, och d\u00e4rf\u00f6r fokuserar vi ocks\u00e5 p\u00e5:<\/p>\n\n\n\n<ul>\n<li>Hur vi st\u00f6ttar varandra p\u00e5 och utanf\u00f6r planen<\/li>\n\n\n\n<li>Att vara f\u00f6rebilder f\u00f6r varandra och andra i v\u00e5r omgivning<\/li>\n\n\n\n<li>Respekt f\u00f6r lagkamrater, motst\u00e5ndare och domare<\/li>\n\n\n\n<li>Att ta ansvar f\u00f6r sin egen och lagets utveckling<\/li>\n<\/ul>\n\n\n\n<h2 class=\"wp-block-heading\">Tr\u00e4ning och skola \u2013 det b\u00e4sta av tv\u00e5 v\u00e4rldar<\/h2>\n\n\n\n<p>Fotbollsprofilen ligger i anslutning till skoldagen, vilket inneb\u00e4r att eleverna har kvar all sin garanterade undervisningstid enligt Skolverkets riktlinjer. Tr\u00e4ningen sker p\u00e5 morgonen eller eftermiddagen, vilket ger en energifylld start eller ett roligt avslut p\u00e5 dagen utan att inkr\u00e4kta p\u00e5 skolarbetet. Ditt barn f\u00e5r m\u00f6jlighet att tv\u00e5 g\u00e5nger i veckan, spela fotboll och l\u00e4ra sig mer teoretiskt f\u00f6r att bli en b\u00e4ttre fotbollsspelare.<br><br><strong>Plats \u00e5k 4-6: <\/strong>Vittra S\u00f6dermalm<br><strong>Tr\u00e4ning:<\/strong> Tr\u00e4ning sker i anslutning till skoldagens slut.  <\/p>\n\n\n\n<p><strong>Plats \u00e5k 7-9: <\/strong>Hammarby idrottsplats (Kanalplan)<br><strong>Tr\u00e4ning:<\/strong> Tr\u00e4ning sker p\u00e5 morgonen i anslutning till skoldagens b\u00f6rjan. <br><\/p>\n\n\n\n<h2 class=\"wp-block-heading\">Kompetenta tr\u00e4nare och en stark gemenskap<\/h2>\n\n\n\n<p>Fotbollsprofilen leds av Martin Mild, l\u00e4rare i idrott och h\u00e4lsa samt profilansvarig tr\u00e4nare: Martin har under flera \u00e5r varit aktiv tr\u00e4nare i Karlbergs BK. Det spelar ingen roll om eleven redan \u00e4r medlem i en f\u00f6rening eller inte \u2013 alla med ett intresse f\u00f6r fotboll \u00e4r v\u00e4lkomna!<\/p>\n\n\n\n<p>Vi str\u00e4var efter att v\u00e5ra elever ska l\u00e4mna varje tr\u00e4ning med b\u00e5de b\u00e4ttre fotbollsf\u00e4rdigheter och en st\u00e4rkt k\u00e4nsla av samh\u00f6righet och sj\u00e4lvf\u00f6rtroende. Fotboll handlar inte bara om att vinna matcher \u2013 det handlar om att v\u00e4xa som en del av ett lag, visa empati och ta ansvar f\u00f6r b\u00e5de sig sj\u00e4lv och andra.<\/p>\n\n\n\n<h2 class=\"wp-block-heading\">K\u00f6anm\u00e4lan och mer information<\/h2>\n\n\n\n<p>F\u00f6r att s\u00f6ka till \u00e5rskurs 4 till 6 g\u00e4ller k\u00f6tiden. Om ditt barn blir antagen till skolan f\u00e5r ditt barn d\u00e4refter m\u00f6jlighet att v\u00e4lja fotbollsinriktning. Observera att det inte kr\u00e4vs n\u00e5gra f\u00e4rdighetsprov f\u00f6r att b\u00f6rja i \u00e5rskurs 4 till 6. <\/p>\n\n\n\n<p>Till \u00e5rskurs 7 har vi tv\u00e5 till tre klasser. Ut\u00f6ver fotbollsprofilen finns det ordinarie platser att s\u00f6ka till f\u00f6r \u00e5rskurs 7. En f\u00f6ruts\u00e4ttning f\u00f6r att kunna bli erbjuden plats \u00e4r ett godk\u00e4nt f\u00e4rdighetsprov. Detta prov sker i mars inf\u00f6r antagning varje l\u00e4s\u00e5r.  Vill du veta mer om hur det g\u00e5r till \u00e4r du v\u00e4lkommen att kontakta oss eller <a href=\"https:\/\/vittra.se\/wp-content\/uploads\/sites\/22\/2026\/01\/vittra-sodermalm-fardighetsprov-for-fotbollsprofil-sa-gar-det-till.pdf\">l\u00e4sa mer h\u00e4r (pdf).<\/a><br>Vi uppr\u00e4ttar en reservlista f\u00f6r de elever som genomf\u00f6rt f\u00e4rdighetsprovet med godk\u00e4nt resultat men som ej f\u00e5tt plats p\u00e5 fotbollsprofilen. F\u00f6r elever som inte n\u00e5r godk\u00e4nt resultat eller vill h\u00e5lla ig\u00e5ng fotbollen utan kraven ovan erbjuder \u00e4ven en fotbollsinriktning d\u00e4r eleverna tr\u00e4nar en g\u00e5ng i veckan.<\/p>\n\n\n\n<p>Det \u00e4r enkelt att g\u00f6ra en k\u00f6anm\u00e4lan h\u00e4r p\u00e5 hemsidan, klicka p\u00e5 &#8221;K\u00f6anm\u00e4lan&#8221; i menyn uppe till h\u00f6ger. G\u00e4ller det den certifierade fotbollsprofilen f\u00f6r \u00e5k 7-9 v\u00e4ljer du \u00e5rskurs samt fotbollsprofil i k\u00f6anm\u00e4lan i Schoolsoft.<\/p>\n\n\n\n<p>Bor du i Stockholmsstad beh\u00f6ver du \u00e4ven g\u00f6ra en ans\u00f6kan i e-tj\u00e4nsten S\u00f6ka skola:<br><a href=\"https:\/\/grundskola.stockholm\/e-tjanster\/\">https:\/\/grundskola.stockholm\/e-tjanster\/<\/a><\/p>\n\n\n\n<p>Om ditt barn s\u00f6ker \u00e5rskurs 4\u20136 v\u00e4ljer du Vittra S\u00f6dermalm<br>Om ditt barn s\u00f6ker till \u00e5rskurs 7\u20139 v\u00e4ljer du \u00e5rskurs&nbsp;<strong>samt mailar oss att det \u00e4r profilen du \u00e4r intresserad av:&nbsp;<u><a href=\"mailto:sodermalm@vittra.se\">sodermalm@vittra.se<\/a><\/u><\/strong><\/p>\n\n\n\n<p><strong>Vill du veta mer \u00e4r du v\u00e4lkommen att kontakta ansvarig tr\u00e4nare och idrottsl\u00e4rare Martin Mild, martin.mild@vittra.se.<\/strong><\/p>\n\n\n\n<p>Vi ser fram emot att v\u00e4lkomna v\u00e5ra fotbollsspelare till en inspirerande och utvecklande satsning!<\/p>\n\n\n\n<div style=\"height:49px\" aria-hidden=\"true\" class=\"wp-block-spacer\"><\/div>\n\n\n\t<div\n\t\t class=\"module_wrapper container-fluid images-module\" >\n\t\t<div class=\"row\">\n\t\t\t<div\n\t\t\t\t\tclass=\"col-12 m-0 p-0 position-relative images_module__slideshow images_module__slideshow-container module-expand \">\n\n\t\t\t\t<div class=\"images_module__slide \" data-slide=\"\"\n\t\t\t\t\t data-duration=\"\"><\/div>\n\t\t\t\t\t\t\t\t\t<div\n\t\t\t\t\t\t class=\"images_module__slides \">\n\n\n\t\t\t\t\t\t<div class=\"images__wrapper\"\n\t\t\t\t\t\t\t style=\"aspect-ratio: 851 \/ 531;\">\n\t\t\t\t\t\t\t<img decoding=\"async\" width=\"1200\" height=\"675\" src=\"https:\/\/vittra.se\/wp-content\/uploads\/sites\/22\/2025\/02\/fotbollscertifikat.png\" class=\"images__image_ratio  \" alt=\"Intyg certifierad fotbollsprofil\" style=\"aspect-ratio: 851 \/ 531;object-position: center center;\" srcset=\"https:\/\/vittra.se\/wp-content\/uploads\/sites\/22\/2025\/02\/fotbollscertifikat.png 1200w, https:\/\/vittra.se\/wp-content\/uploads\/sites\/22\/2025\/02\/fotbollscertifikat-300x169.png 300w, https:\/\/vittra.se\/wp-content\/uploads\/sites\/22\/2025\/02\/fotbollscertifikat-400x225.png 400w, https:\/\/vittra.se\/wp-content\/uploads\/sites\/22\/2025\/02\/fotbollscertifikat-600x338.png 600w, https:\/\/vittra.se\/wp-content\/uploads\/sites\/22\/2025\/02\/fotbollscertifikat-800x450.png 800w, https:\/\/vittra.se\/wp-content\/uploads\/sites\/22\/2025\/02\/fotbollscertifikat-1024x576.png 1024w\" sizes=\"(max-width: 1200px) 100vw, 1200px\" \/>\t\t\t\t\t\t<\/div>\n\n\t\t\t\t\t\t\n\t\t\t\t\t\t\t\t\t\t\t<\/div>\n\t\t\t\t\n\t\t\t\t<div class=\"images_module__container_dot \">\n\t\t\t\t\t<div style=\"text-align:center\">\n\t\t\t\t\t\t\t\t\t\t\t\t\t<span   data-i=\"0\"\n\t\t\t\t\t\t\t\t  class=\"images_module__dot\n\t\t\t\t\t\t\t\t\t\t\t\t\t  \"><\/span>\n\t\t\t\t\t\t\t\t\t\t\t<\/div>\n\t\t\t\t<\/div>\n\n\t\t\t<\/div>\n\t\t<\/div>\n\t<\/div>\n\n\n\t\n\n\n<script>\n\tvar images_display_descriptive_text = \"\";\n<\/script>\n<\/div>\n","protected":false},"template":"","article_category":[17],"yoast_head":"<!-- This site is optimized with the Yoast SEO plugin v22.0 - https:\/\/yoast.com\/wordpress\/plugins\/seo\/ -->\n<title>S\u00f6dermalm<\/title>\n<meta name=\"robots\" content=\"index, follow, max-snippet:-1, max-image-preview:large, max-video-preview:-1\" \/>\n<link rel=\"canonical\" href=\"https:\/\/vittra.se\/sodermalm\/artikel\/fotbollsprofil-pa-vittra-sodermalm-for-elever-i-arskurs-7-8\/\" \/>\n<meta property=\"og:locale\" content=\"sv_SE\" \/>\n<meta property=\"og:type\" content=\"article\" \/>\n<meta property=\"og:url\" content=\"https:\/\/vittra.se\/sodermalm\/artikel\/fotbollsprofil-pa-vittra-sodermalm-for-elever-i-arskurs-7-8\/\" \/>\n<meta property=\"og:site_name\" content=\"S\u00f6dermalm\" \/>\n<meta property=\"article:modified_time\" content=\"2026-02-06T09:26:26+00:00\" \/>\n<meta name=\"twitter:card\" content=\"summary_large_image\" \/>\n<meta name=\"twitter:image\" content=\"https:\/\/vittra.se\/wp-content\/uploads\/sites\/22\/2025\/02\/namnlos-1080-x-608-px.png\" \/>\n<meta name=\"twitter:label1\" content=\"Ber\u00e4knad l\u00e4stid\" \/>\n\t<meta name=\"twitter:data1\" content=\"4 minuter\" \/>\n<script type=\"application\/ld+json\" class=\"yoast-schema-graph\">{\"@context\":\"https:\/\/schema.org\",\"@graph\":[{\"@type\":\"WebPage\",\"@id\":\"https:\/\/vittra.se\/sodermalm\/artikel\/fotbollsprofil-pa-vittra-sodermalm-for-elever-i-arskurs-7-8\/\",\"url\":\"https:\/\/vittra.se\/sodermalm\/artikel\/fotbollsprofil-pa-vittra-sodermalm-for-elever-i-arskurs-7-8\/\",\"name\":\"Fotbollsprofil p\u00e5 Vittra S\u00f6dermalm f\u00f6r elever i \u00e5rskurs 4\u20139 - S\u00f6dermalm\",\"isPartOf\":{\"@id\":\"https:\/\/vittra.se\/sodermalm\/#website\"},\"datePublished\":\"2025-02-14T07:57:32+00:00\",\"dateModified\":\"2026-02-06T09:26:26+00:00\",\"breadcrumb\":{\"@id\":\"https:\/\/vittra.se\/sodermalm\/artikel\/fotbollsprofil-pa-vittra-sodermalm-for-elever-i-arskurs-7-8\/#breadcrumb\"},\"inLanguage\":\"sv-SE\",\"potentialAction\":[{\"@type\":\"ReadAction\",\"target\":[\"https:\/\/vittra.se\/sodermalm\/artikel\/fotbollsprofil-pa-vittra-sodermalm-for-elever-i-arskurs-7-8\/\"]}]},{\"@type\":\"BreadcrumbList\",\"@id\":\"https:\/\/vittra.se\/sodermalm\/artikel\/fotbollsprofil-pa-vittra-sodermalm-for-elever-i-arskurs-7-8\/#breadcrumb\",\"itemListElement\":[{\"@type\":\"ListItem\",\"position\":1,\"name\":\"Start\",\"item\":\"https:\/\/vittra.se\/sodermalm\"},{\"@type\":\"ListItem\",\"position\":2,\"name\":\"Artikel\"}]},{\"@type\":\"WebSite\",\"@id\":\"https:\/\/vittra.se\/sodermalm\/#website\",\"url\":\"https:\/\/vittra.se\/sodermalm\/\",\"name\":\"S\u00f6dermalm\",\"description\":\"Kunskap att f\u00f6r\u00e4ndra. Mod att p\u00e5verka.\",\"potentialAction\":[{\"@type\":\"SearchAction\",\"target\":{\"@type\":\"EntryPoint\",\"urlTemplate\":\"https:\/\/vittra.se\/sodermalm\/?s={search_term_string}\"},\"query-input\":\"required name=search_term_string\"}],\"inLanguage\":\"sv-SE\"}]}<\/script>\n<!-- \/ Yoast SEO plugin. -->","yoast_head_json":{"title":"S\u00f6dermalm","robots":{"index":"index","follow":"follow","max-snippet":"max-snippet:-1","max-image-preview":"max-image-preview:large","max-video-preview":"max-video-preview:-1"},"canonical":"https:\/\/vittra.se\/sodermalm\/artikel\/fotbollsprofil-pa-vittra-sodermalm-for-elever-i-arskurs-7-8\/","og_locale":"sv_SE","og_type":"article","og_url":"https:\/\/vittra.se\/sodermalm\/artikel\/fotbollsprofil-pa-vittra-sodermalm-for-elever-i-arskurs-7-8\/","og_site_name":"S\u00f6dermalm","article_modified_time":"2026-02-06T09:26:26+00:00","twitter_card":"summary_large_image","twitter_image":"https:\/\/vittra.se\/wp-content\/uploads\/sites\/22\/2025\/02\/namnlos-1080-x-608-px.png","twitter_misc":{"Ber\u00e4knad l\u00e4stid":"4 minuter"},"schema":{"@context":"https:\/\/schema.org","@graph":[{"@type":"WebPage","@id":"https:\/\/vittra.se\/sodermalm\/artikel\/fotbollsprofil-pa-vittra-sodermalm-for-elever-i-arskurs-7-8\/","url":"https:\/\/vittra.se\/sodermalm\/artikel\/fotbollsprofil-pa-vittra-sodermalm-for-elever-i-arskurs-7-8\/","name":"Fotbollsprofil p\u00e5 Vittra S\u00f6dermalm f\u00f6r elever i \u00e5rskurs 4\u20139 - S\u00f6dermalm","isPartOf":{"@id":"https:\/\/vittra.se\/sodermalm\/#website"},"datePublished":"2025-02-14T07:57:32+00:00","dateModified":"2026-02-06T09:26:26+00:00","breadcrumb":{"@id":"https:\/\/vittra.se\/sodermalm\/artikel\/fotbollsprofil-pa-vittra-sodermalm-for-elever-i-arskurs-7-8\/#breadcrumb"},"inLanguage":"sv-SE","potentialAction":[{"@type":"ReadAction","target":["https:\/\/vittra.se\/sodermalm\/artikel\/fotbollsprofil-pa-vittra-sodermalm-for-elever-i-arskurs-7-8\/"]}]},{"@type":"BreadcrumbList","@id":"https:\/\/vittra.se\/sodermalm\/artikel\/fotbollsprofil-pa-vittra-sodermalm-for-elever-i-arskurs-7-8\/#breadcrumb","itemListElement":[{"@type":"ListItem","position":1,"name":"Start","item":"https:\/\/vittra.se\/sodermalm"},{"@type":"ListItem","position":2,"name":"Artikel"}]},{"@type":"WebSite","@id":"https:\/\/vittra.se\/sodermalm\/#website","url":"https:\/\/vittra.se\/sodermalm\/","name":"S\u00f6dermalm","description":"Kunskap att f\u00f6r\u00e4ndra. Mod att p\u00e5verka.","potentialAction":[{"@type":"SearchAction","target":{"@type":"EntryPoint","urlTemplate":"https:\/\/vittra.se\/sodermalm\/?s={search_term_string}"},"query-input":"required name=search_term_string"}],"inLanguage":"sv-SE"}]}},"_links":{"self":[{"href":"https:\/\/vittra.se\/sodermalm\/wp-json\/wp\/v2\/article\/1409"}],"collection":[{"href":"https:\/\/vittra.se\/sodermalm\/wp-json\/wp\/v2\/article"}],"about":[{"href":"https:\/\/vittra.se\/sodermalm\/wp-json\/wp\/v2\/types\/article"}],"wp:attachment":[{"href":"https:\/\/vittra.se\/sodermalm\/wp-json\/wp\/v2\/media?parent=1409"}],"wp:term":[{"taxonomy":"article_category","embeddable":true,"href":"https:\/\/vittra.se\/sodermalm\/wp-json\/wp\/v2\/article_category?post=1409"}],"curies":[{"name":"wp","href":"https:\/\/api.w.org\/{rel}","templated":true}]}}