{"id":1716,"date":"2023-06-13T13:11:23","date_gmt":"2023-06-13T11:11:23","guid":{"rendered":"https:\/\/vittra.se\/orebro\/?post_type=article&#038;p=1716"},"modified":"2023-06-13T13:11:24","modified_gmt":"2023-06-13T11:11:24","slug":"sommar-2023","status":"publish","type":"article","link":"https:\/\/vittra.se\/orebro\/artikel\/sommar-2023\/","title":{"rendered":"Sommar 2023"},"content":{"rendered":"\n<div class=\"wp-block-columns is-layout-flex wp-container-core-columns-layout-1 wp-block-columns-is-layout-flex\">\n<div class=\"wp-block-column is-layout-flow wp-block-column-is-layout-flow\" style=\"flex-basis:15%\"><\/div>\n\n\n\n<div class=\"wp-block-column is-layout-flow wp-block-column-is-layout-flow\" style=\"flex-basis:70%\">\n<h1 class=\"wp-block-heading\">Glad sommar fr\u00e5n oss p\u00e5 Vittra!<\/h1>\n\n\n\n<div style=\"height:30px\" aria-hidden=\"true\" class=\"wp-block-spacer\"><\/div>\n\n\n\n<p>Nu g\u00e5r vi p\u00e5 ett efterl\u00e4ngtat sommarlov, men vi kan inte l\u00e5ta bli att l\u00e4ngta efter h\u00f6stterminen. F\u00f6r i \u00e5r firar Vittra 30 \u00e5r. Under h\u00f6sten kommer vi att fira detta ihop med alla v\u00e5ra elever och personal.<\/p>\n\n\n\n<div style=\"height:50px\" aria-hidden=\"true\" class=\"wp-block-spacer\"><\/div>\n\n\n\t<div\n\t\t class=\"module_wrapper container-fluid images-module\" >\n\t\t<div class=\"row\">\n\t\t\t<div\n\t\t\t\t\tclass=\"col-12 m-0 p-0 position-relative images_module__slideshow images_module__slideshow-container module-expand \">\n\n\t\t\t\t<div class=\"images_module__slide \" data-slide=\"\"\n\t\t\t\t\t data-duration=\"\"><\/div>\n\t\t\t\t\t\t\t\t\t<div\n\t\t\t\t\t\t class=\"images_module__slides \">\n\n\n\t\t\t\t\t\t<div class=\"images__wrapper\"\n\t\t\t\t\t\t\t style=\"aspect-ratio: 1200 \/ 531;\">\n\t\t\t\t\t\t\t<img decoding=\"async\" width=\"1980\" height=\"888\" src=\"https:\/\/vittra.se\/wp-content\/uploads\/sites\/29\/2023\/06\/vittrasommarlovhogstadium202204.jpg\" class=\"images__image_ratio  \" alt=\"Elever p\u00e5 en Vittraskola sitter p\u00e5 en b\u00e4nk p\u00e5 skolg\u00e5rden och pratar.\" style=\"aspect-ratio: 1200 \/ 531;object-position: center top;\" srcset=\"https:\/\/vittra.se\/wp-content\/uploads\/sites\/29\/2023\/06\/vittrasommarlovhogstadium202204.jpg 1980w, https:\/\/vittra.se\/wp-content\/uploads\/sites\/29\/2023\/06\/vittrasommarlovhogstadium202204-300x135.jpg 300w, https:\/\/vittra.se\/wp-content\/uploads\/sites\/29\/2023\/06\/vittrasommarlovhogstadium202204-1024x459.jpg 1024w, https:\/\/vittra.se\/wp-content\/uploads\/sites\/29\/2023\/06\/vittrasommarlovhogstadium202204-768x344.jpg 768w, https:\/\/vittra.se\/wp-content\/uploads\/sites\/29\/2023\/06\/vittrasommarlovhogstadium202204-1536x689.jpg 1536w, https:\/\/vittra.se\/wp-content\/uploads\/sites\/29\/2023\/06\/vittrasommarlovhogstadium202204-1920x861.jpg 1920w, https:\/\/vittra.se\/wp-content\/uploads\/sites\/29\/2023\/06\/vittrasommarlovhogstadium202204-500x224.jpg 500w, https:\/\/vittra.se\/wp-content\/uploads\/sites\/29\/2023\/06\/vittrasommarlovhogstadium202204-340x152.jpg 340w, https:\/\/vittra.se\/wp-content\/uploads\/sites\/29\/2023\/06\/vittrasommarlovhogstadium202204-1100x493.jpg 1100w, https:\/\/vittra.se\/wp-content\/uploads\/sites\/29\/2023\/06\/vittrasommarlovhogstadium202204-1000x448.jpg 1000w\" sizes=\"(max-width: 1980px) 100vw, 1980px\" \/>\t\t\t\t\t\t<\/div>\n\n\t\t\t\t\t\t\n\t\t\t\t\t\t\t\t\t\t\t<\/div>\n\t\t\t\t\n\t\t\t\t<div class=\"images_module__container_dot \">\n\t\t\t\t\t<div style=\"text-align:center\">\n\t\t\t\t\t\t\t\t\t\t\t\t\t<span   data-i=\"0\"\n\t\t\t\t\t\t\t\t  class=\"images_module__dot\n\t\t\t\t\t\t\t\t\t\t\t\t\t  \"><\/span>\n\t\t\t\t\t\t\t\t\t\t\t<\/div>\n\t\t\t\t<\/div>\n\n\t\t\t<\/div>\n\t\t<\/div>\n\t<\/div>\n\n\n\t\n\n\n<script>\n\tvar images_display_descriptive_text = \"\";\n<\/script>\n<\/div>\n\n\n\n<div class=\"wp-block-column is-layout-flow wp-block-column-is-layout-flow\" style=\"flex-basis:15%\"><\/div>\n<\/div>\n","protected":false},"template":"","article_category":[4],"yoast_head":"<!-- This site is optimized with the Yoast SEO plugin v22.0 - https:\/\/yoast.com\/wordpress\/plugins\/seo\/ -->\n<title>Glad sommar! | Vittra \u00d6rebro<\/title>\n<meta name=\"robots\" content=\"index, follow, max-snippet:-1, max-image-preview:large, max-video-preview:-1\" \/>\n<link rel=\"canonical\" href=\"https:\/\/vittra.se\/orebro\/artikel\/sommar-2023\/\" \/>\n<meta property=\"og:locale\" content=\"sv_SE\" \/>\n<meta property=\"og:type\" content=\"article\" \/>\n<meta property=\"og:title\" content=\"Glad sommar! | Vittra \u00d6rebro\" \/>\n<meta property=\"og:url\" content=\"https:\/\/vittra.se\/orebro\/artikel\/sommar-2023\/\" \/>\n<meta property=\"og:site_name\" content=\"\u00d6rebro\" \/>\n<meta property=\"article:modified_time\" content=\"2023-06-13T11:11:24+00:00\" \/>\n<meta name=\"twitter:card\" content=\"summary_large_image\" \/>\n<meta name=\"twitter:title\" content=\"Glad sommar! | Vittra \u00d6rebro\" \/>\n<meta name=\"twitter:image\" content=\"https:\/\/vittra.se\/wp-content\/uploads\/sites\/29\/2023\/06\/vittrasommarlovhogstadium202204-1200x630.jpg\" \/>\n<meta name=\"twitter:label1\" content=\"Ber\u00e4knad l\u00e4stid\" \/>\n\t<meta name=\"twitter:data1\" content=\"1 minut\" \/>\n<script type=\"application\/ld+json\" class=\"yoast-schema-graph\">{\"@context\":\"https:\/\/schema.org\",\"@graph\":[{\"@type\":\"WebPage\",\"@id\":\"https:\/\/vittra.se\/orebro\/artikel\/sommar-2023\/\",\"url\":\"https:\/\/vittra.se\/orebro\/artikel\/sommar-2023\/\",\"name\":\"Glad sommar! | Vittra \u00d6rebro\",\"isPartOf\":{\"@id\":\"https:\/\/vittra.se\/orebro\/#website\"},\"datePublished\":\"2023-06-13T11:11:23+00:00\",\"dateModified\":\"2023-06-13T11:11:24+00:00\",\"breadcrumb\":{\"@id\":\"https:\/\/vittra.se\/orebro\/artikel\/sommar-2023\/#breadcrumb\"},\"inLanguage\":\"sv-SE\",\"potentialAction\":[{\"@type\":\"ReadAction\",\"target\":[\"https:\/\/vittra.se\/orebro\/artikel\/sommar-2023\/\"]}]},{\"@type\":\"BreadcrumbList\",\"@id\":\"https:\/\/vittra.se\/orebro\/artikel\/sommar-2023\/#breadcrumb\",\"itemListElement\":[{\"@type\":\"ListItem\",\"position\":1,\"name\":\"Start\",\"item\":\"https:\/\/vittra.se\/orebro\"},{\"@type\":\"ListItem\",\"position\":2,\"name\":\"Artikel\"}]},{\"@type\":\"WebSite\",\"@id\":\"https:\/\/vittra.se\/orebro\/#website\",\"url\":\"https:\/\/vittra.se\/orebro\/\",\"name\":\"\u00d6rebro\",\"description\":\"Kunskap att f\u00f6r\u00e4ndra. Mod att p\u00e5verka.\",\"potentialAction\":[{\"@type\":\"SearchAction\",\"target\":{\"@type\":\"EntryPoint\",\"urlTemplate\":\"https:\/\/vittra.se\/orebro\/?s={search_term_string}\"},\"query-input\":\"required name=search_term_string\"}],\"inLanguage\":\"sv-SE\"}]}<\/script>\n<!-- \/ Yoast SEO plugin. -->","yoast_head_json":{"title":"Glad sommar! | Vittra \u00d6rebro","robots":{"index":"index","follow":"follow","max-snippet":"max-snippet:-1","max-image-preview":"max-image-preview:large","max-video-preview":"max-video-preview:-1"},"canonical":"https:\/\/vittra.se\/orebro\/artikel\/sommar-2023\/","og_locale":"sv_SE","og_type":"article","og_title":"Glad sommar! | Vittra \u00d6rebro","og_url":"https:\/\/vittra.se\/orebro\/artikel\/sommar-2023\/","og_site_name":"\u00d6rebro","article_modified_time":"2023-06-13T11:11:24+00:00","twitter_card":"summary_large_image","twitter_title":"Glad sommar! | Vittra \u00d6rebro","twitter_image":"https:\/\/vittra.se\/wp-content\/uploads\/sites\/29\/2023\/06\/vittrasommarlovhogstadium202204-1200x630.jpg","twitter_misc":{"Ber\u00e4knad l\u00e4stid":"1 minut"},"schema":{"@context":"https:\/\/schema.org","@graph":[{"@type":"WebPage","@id":"https:\/\/vittra.se\/orebro\/artikel\/sommar-2023\/","url":"https:\/\/vittra.se\/orebro\/artikel\/sommar-2023\/","name":"Glad sommar! | Vittra \u00d6rebro","isPartOf":{"@id":"https:\/\/vittra.se\/orebro\/#website"},"datePublished":"2023-06-13T11:11:23+00:00","dateModified":"2023-06-13T11:11:24+00:00","breadcrumb":{"@id":"https:\/\/vittra.se\/orebro\/artikel\/sommar-2023\/#breadcrumb"},"inLanguage":"sv-SE","potentialAction":[{"@type":"ReadAction","target":["https:\/\/vittra.se\/orebro\/artikel\/sommar-2023\/"]}]},{"@type":"BreadcrumbList","@id":"https:\/\/vittra.se\/orebro\/artikel\/sommar-2023\/#breadcrumb","itemListElement":[{"@type":"ListItem","position":1,"name":"Start","item":"https:\/\/vittra.se\/orebro"},{"@type":"ListItem","position":2,"name":"Artikel"}]},{"@type":"WebSite","@id":"https:\/\/vittra.se\/orebro\/#website","url":"https:\/\/vittra.se\/orebro\/","name":"\u00d6rebro","description":"Kunskap att f\u00f6r\u00e4ndra. Mod att p\u00e5verka.","potentialAction":[{"@type":"SearchAction","target":{"@type":"EntryPoint","urlTemplate":"https:\/\/vittra.se\/orebro\/?s={search_term_string}"},"query-input":"required name=search_term_string"}],"inLanguage":"sv-SE"}]}},"_links":{"self":[{"href":"https:\/\/vittra.se\/orebro\/wp-json\/wp\/v2\/article\/1716"}],"collection":[{"href":"https:\/\/vittra.se\/orebro\/wp-json\/wp\/v2\/article"}],"about":[{"href":"https:\/\/vittra.se\/orebro\/wp-json\/wp\/v2\/types\/article"}],"wp:attachment":[{"href":"https:\/\/vittra.se\/orebro\/wp-json\/wp\/v2\/media?parent=1716"}],"wp:term":[{"taxonomy":"article_category","embeddable":true,"href":"https:\/\/vittra.se\/orebro\/wp-json\/wp\/v2\/article_category?post=1716"}],"curies":[{"name":"wp","href":"https:\/\/api.w.org\/{rel}","templated":true}]}}