{"id":1345,"date":"2021-12-09T15:34:33","date_gmt":"2021-12-09T14:34:33","guid":{"rendered":"https:\/\/vittra.se\/orebro\/?post_type=article&#038;p=1345"},"modified":"2024-04-02T14:21:41","modified_gmt":"2024-04-02T12:21:41","slug":"orebros-nya-rektor","status":"publish","type":"article","link":"https:\/\/vittra.se\/orebro\/artikel\/orebros-nya-rektor\/","title":{"rendered":"Tr\u00e4ffa Vittra \u00d6rebros rektor"},"content":{"rendered":"\n<div class=\"wp-block-columns is-layout-flex wp-container-core-columns-layout-1 wp-block-columns-is-layout-flex\">\n<div class=\"wp-block-column is-layout-flow wp-block-column-is-layout-flow\" style=\"flex-basis:66.66%\">\n<h1 class=\"wp-block-heading\">&#8221;Jag ser fram emot att bygga en helt ny skola&#8221;<\/h1>\n\n\n\n<p><strong>Rektor f\u00f6r Vittra \u00d6rebro \u00e4r Magdalena Iljans. Hon p\u00e5b\u00f6rjade sin tj\u00e4nst hos oss i februari 2022.<\/strong><\/p>\n\n\n\n<p>Magdalena har de senaste fem \u00e5ren varit rektor p\u00e5 Internationella Engelska Skolan Falun. Innan dess arbetade hon som l\u00e4rare vid Internationella Engelska skolan \u00d6rebro. Magdalena har \u00e4ven en l\u00e5ng yrkesbana som l\u00e4rare bakom sig och \u00e4r en mycket m\u00e5lmedveten och omtyckt skolledare.<\/p>\n\n\n\n<h2 class=\"wp-block-heading\">Vad fick dig att s\u00f6ka tj\u00e4nsten som rektor f\u00f6r Vittra \u00d6rebro?&nbsp;&nbsp;&nbsp;&nbsp;&nbsp;&nbsp;&nbsp;&nbsp;&nbsp;&nbsp;&nbsp;&nbsp;&nbsp;&nbsp;&nbsp;&nbsp;&nbsp;&nbsp;&nbsp;&nbsp;&nbsp;&nbsp;&nbsp;&nbsp;&nbsp;&nbsp;&nbsp;&nbsp;&nbsp;&nbsp;&nbsp;&nbsp;&nbsp;&nbsp;&nbsp;&nbsp;&nbsp;&nbsp;&nbsp;&nbsp;&nbsp;<\/h2>\n\n\n\n<p>&#8211; Jag k\u00e4nner igen mina egna drivkrafter om l\u00e4rande och utveckling i Vittras pedagogik. Jag valde Vittra f\u00f6r det medvetna l\u00e4randet. Dels att varje barn ska bli medveten om sig sj\u00e4lv, sitt l\u00e4rande och v\u00e4rlden omkring oss, dels arbetet med Vittraf\u00f6rm\u00e5gorna. Jag ser kommunikation och retorik som mycket viktigt och p\u00e5 Vittra f\u00e5r eleverna tr\u00e4na p\u00e5 detta.<\/p>\n\n\n\n<h2 class=\"wp-block-heading\">Hur k\u00e4nner du inf\u00f6r att ta dig an uppdraget som rektor f\u00f6r Vittra \u00d6rebro?&nbsp;<\/h2>\n\n\n\n<p>&#8211; F\u00f6rv\u00e4ntansfull! Det ska bli roligt att arbeta i \u00d6rebro igen, att l\u00e4ra och utvecklas tillsammans med l\u00e4rare och elever under kommande l\u00e4s\u00e5r. F\u00f6r mig \u00e4r k\u00e4nslan av sammanhang viktigt. Ett l\u00e4rande som \u00e4r kopplat till verkligheten g\u00f6r det mer begripligt och meningsfullt och ger en k\u00e4nsla av delaktighet.&nbsp;<\/p>\n\n\n\n<h2 class=\"wp-block-heading\">Vad ser du mest fram emot i ditt nya uppdrag?<\/h2>\n\n\n\n<p>&#8211; Jag ser fram emot att f\u00e5 vara med och bygga upp en helt ny skola med riktigt bra l\u00e4rare samt att l\u00e4ra k\u00e4nna elever och f\u00f6r\u00e4ldrar under v\u00e5rens olika aktiviteter. Framf\u00f6rallt ser jag fram emot att m\u00f6ta alla samh\u00e4llsengagerade elever n\u00e4r de kliver in p\u00e5 Karlsgatan 30 f\u00f6r sin f\u00f6rsta skoldag p\u00e5 Vittra \u00d6rebro.<\/p>\n<\/div>\n\n\n\n<div class=\"wp-block-column is-layout-flow wp-block-column-is-layout-flow\" style=\"flex-basis:33.33%\"><div   id=\"page-relative-menu\" class=\"site__font-monospace   container_width--full_width_conIcon   d-none d-lg-block  \">\n\n\t\t\t\n<\/div>\n<\/div>\n<\/div>\n\n\n<div   id=\"page-relative-menu\" class=\"site__font-monospace   container_width--full_width_conIcon   d-lg-none  \">\n\n\t\t\t\n<\/div>\n","protected":false},"template":"","article_category":[17],"yoast_head":"<!-- This site is optimized with the Yoast SEO plugin v22.0 - https:\/\/yoast.com\/wordpress\/plugins\/seo\/ -->\n<title>\u00d6rebro<\/title>\n<meta name=\"robots\" content=\"index, follow, max-snippet:-1, max-image-preview:large, max-video-preview:-1\" \/>\n<link rel=\"canonical\" href=\"https:\/\/vittra.se\/orebro\/artikel\/orebros-nya-rektor\/\" \/>\n<meta property=\"og:locale\" content=\"sv_SE\" \/>\n<meta property=\"og:type\" content=\"article\" \/>\n<meta property=\"og:url\" content=\"https:\/\/vittra.se\/orebro\/artikel\/orebros-nya-rektor\/\" \/>\n<meta property=\"og:site_name\" content=\"\u00d6rebro\" \/>\n<meta property=\"article:modified_time\" content=\"2024-04-02T12:21:41+00:00\" \/>\n<meta name=\"twitter:card\" content=\"summary_large_image\" \/>\n<meta name=\"twitter:label1\" content=\"Ber\u00e4knad l\u00e4stid\" \/>\n\t<meta name=\"twitter:data1\" content=\"2 minuter\" \/>\n<script type=\"application\/ld+json\" class=\"yoast-schema-graph\">{\"@context\":\"https:\/\/schema.org\",\"@graph\":[{\"@type\":\"WebPage\",\"@id\":\"https:\/\/vittra.se\/orebro\/artikel\/orebros-nya-rektor\/\",\"url\":\"https:\/\/vittra.se\/orebro\/artikel\/orebros-nya-rektor\/\",\"name\":\"Tr\u00e4ffa Vittra \u00d6rebros rektor - \u00d6rebro\",\"isPartOf\":{\"@id\":\"https:\/\/vittra.se\/orebro\/#website\"},\"datePublished\":\"2021-12-09T14:34:33+00:00\",\"dateModified\":\"2024-04-02T12:21:41+00:00\",\"breadcrumb\":{\"@id\":\"https:\/\/vittra.se\/orebro\/artikel\/orebros-nya-rektor\/#breadcrumb\"},\"inLanguage\":\"sv-SE\",\"potentialAction\":[{\"@type\":\"ReadAction\",\"target\":[\"https:\/\/vittra.se\/orebro\/artikel\/orebros-nya-rektor\/\"]}]},{\"@type\":\"BreadcrumbList\",\"@id\":\"https:\/\/vittra.se\/orebro\/artikel\/orebros-nya-rektor\/#breadcrumb\",\"itemListElement\":[{\"@type\":\"ListItem\",\"position\":1,\"name\":\"Start\",\"item\":\"https:\/\/vittra.se\/orebro\"},{\"@type\":\"ListItem\",\"position\":2,\"name\":\"Artikel\"}]},{\"@type\":\"WebSite\",\"@id\":\"https:\/\/vittra.se\/orebro\/#website\",\"url\":\"https:\/\/vittra.se\/orebro\/\",\"name\":\"\u00d6rebro\",\"description\":\"Kunskap att f\u00f6r\u00e4ndra. Mod att p\u00e5verka.\",\"potentialAction\":[{\"@type\":\"SearchAction\",\"target\":{\"@type\":\"EntryPoint\",\"urlTemplate\":\"https:\/\/vittra.se\/orebro\/?s={search_term_string}\"},\"query-input\":\"required name=search_term_string\"}],\"inLanguage\":\"sv-SE\"}]}<\/script>\n<!-- \/ Yoast SEO plugin. -->","yoast_head_json":{"title":"\u00d6rebro","robots":{"index":"index","follow":"follow","max-snippet":"max-snippet:-1","max-image-preview":"max-image-preview:large","max-video-preview":"max-video-preview:-1"},"canonical":"https:\/\/vittra.se\/orebro\/artikel\/orebros-nya-rektor\/","og_locale":"sv_SE","og_type":"article","og_url":"https:\/\/vittra.se\/orebro\/artikel\/orebros-nya-rektor\/","og_site_name":"\u00d6rebro","article_modified_time":"2024-04-02T12:21:41+00:00","twitter_card":"summary_large_image","twitter_misc":{"Ber\u00e4knad l\u00e4stid":"2 minuter"},"schema":{"@context":"https:\/\/schema.org","@graph":[{"@type":"WebPage","@id":"https:\/\/vittra.se\/orebro\/artikel\/orebros-nya-rektor\/","url":"https:\/\/vittra.se\/orebro\/artikel\/orebros-nya-rektor\/","name":"Tr\u00e4ffa Vittra \u00d6rebros rektor - \u00d6rebro","isPartOf":{"@id":"https:\/\/vittra.se\/orebro\/#website"},"datePublished":"2021-12-09T14:34:33+00:00","dateModified":"2024-04-02T12:21:41+00:00","breadcrumb":{"@id":"https:\/\/vittra.se\/orebro\/artikel\/orebros-nya-rektor\/#breadcrumb"},"inLanguage":"sv-SE","potentialAction":[{"@type":"ReadAction","target":["https:\/\/vittra.se\/orebro\/artikel\/orebros-nya-rektor\/"]}]},{"@type":"BreadcrumbList","@id":"https:\/\/vittra.se\/orebro\/artikel\/orebros-nya-rektor\/#breadcrumb","itemListElement":[{"@type":"ListItem","position":1,"name":"Start","item":"https:\/\/vittra.se\/orebro"},{"@type":"ListItem","position":2,"name":"Artikel"}]},{"@type":"WebSite","@id":"https:\/\/vittra.se\/orebro\/#website","url":"https:\/\/vittra.se\/orebro\/","name":"\u00d6rebro","description":"Kunskap att f\u00f6r\u00e4ndra. Mod att p\u00e5verka.","potentialAction":[{"@type":"SearchAction","target":{"@type":"EntryPoint","urlTemplate":"https:\/\/vittra.se\/orebro\/?s={search_term_string}"},"query-input":"required name=search_term_string"}],"inLanguage":"sv-SE"}]}},"_links":{"self":[{"href":"https:\/\/vittra.se\/orebro\/wp-json\/wp\/v2\/article\/1345"}],"collection":[{"href":"https:\/\/vittra.se\/orebro\/wp-json\/wp\/v2\/article"}],"about":[{"href":"https:\/\/vittra.se\/orebro\/wp-json\/wp\/v2\/types\/article"}],"wp:attachment":[{"href":"https:\/\/vittra.se\/orebro\/wp-json\/wp\/v2\/media?parent=1345"}],"wp:term":[{"taxonomy":"article_category","embeddable":true,"href":"https:\/\/vittra.se\/orebro\/wp-json\/wp\/v2\/article_category?post=1345"}],"curies":[{"name":"wp","href":"https:\/\/api.w.org\/{rel}","templated":true}]}}