{"id":1357,"date":"2026-04-17T11:57:17","date_gmt":"2026-04-17T09:57:17","guid":{"rendered":"https:\/\/vittra.se\/landborgen\/?post_type=article&#038;p=1357"},"modified":"2026-04-20T13:50:56","modified_gmt":"2026-04-20T11:50:56","slug":"vittra-landborgens-elever-forbattrar-helsingborg","status":"publish","type":"article","link":"https:\/\/vittra.se\/landborgen\/artikel\/vittra-landborgens-elever-forbattrar-helsingborg\/","title":{"rendered":"Vittra Landborgens elever f\u00f6rb\u00e4ttrar Helsingborg"},"content":{"rendered":"\n<div class=\"wp-block-group is-layout-constrained wp-block-group-is-layout-constrained\">\n<div class=\"wp-block-columns is-layout-flex wp-container-core-columns-layout-1 wp-block-columns-is-layout-flex\">\n<div class=\"wp-block-column is-layout-flow wp-block-column-is-layout-flow\" style=\"flex-basis:100%\">\n<div class=\"wp-block-group is-layout-constrained wp-block-group-is-layout-constrained\">\n<h1 class=\"wp-block-heading\">Vittra Landborgens elever f\u00f6rb\u00e4ttrar Helsingborg<\/h1>\n\n\n\n<p   class=\"site__ingress container text-left  site__text-color--dark  site__free_text--ingress p-0\">\n\tHur bygger vi en b\u00e4ttre stad tillsammans med de unga som faktiskt ska leva i den? Vad h\u00e4nder n\u00e4r unga inte bara l\u00e4r sig om samh\u00e4llet utan f\u00e5r vara med och f\u00f6r\u00e4ndra det? Det \u00e4r precis den fr\u00e5gan v\u00e5ra elever just nu utforskar genom ett projekt d\u00e4r de l\u00e4mnar klassrummet  f\u00f6r att m\u00f6ta verkligheten.\r\n\r\n<\/p>\n\n\n\n\n\n\n<figure  class=\"ams-media l-container l-stack l-stack-2xs u-pt-fluid-md-xl u-pb-fluid-md-xl is-center is-center@md\"  style=\"--width-desktop: 800px;\">\n\t\t\t <a href=\"https:\/\/forms.gle\/gX4cbTfdHsJj2VHR6\" class=\"ams-media__link u-radius-square\" target=\"_blank\"> \t\t<img decoding=\"async\" width=\"600\" height=\"501\" src=\"https:\/\/vittra.se\/wp-content\/uploads\/sites\/15\/2026\/04\/img9845-600x501.jpg\" class=\"ams-media__image u-ratio-landscape u-radius-square\" alt=\"Dimitrij Aleshkov visar hur man st\u00e5r i Power Pose i 2 minuter innan en Pitch\" sizes=\"(max-width: 600px) 100vw, 600px\" srcset=\"https:\/\/vittra.se\/wp-content\/uploads\/sites\/15\/2026\/04\/img9845-600x501.jpg 600w, https:\/\/vittra.se\/wp-content\/uploads\/sites\/15\/2026\/04\/img9845-300x251.jpg 300w, https:\/\/vittra.se\/wp-content\/uploads\/sites\/15\/2026\/04\/img9845-400x334.jpg 400w, https:\/\/vittra.se\/wp-content\/uploads\/sites\/15\/2026\/04\/img9845-800x668.jpg 800w, https:\/\/vittra.se\/wp-content\/uploads\/sites\/15\/2026\/04\/img9845-1024x855.jpg 1024w, https:\/\/vittra.se\/wp-content\/uploads\/sites\/15\/2026\/04\/img9845.jpg 1140w\" \/>\n\t\t <\/a> \n\t\n\t\t\t<figcaption class=\"ams-media__caption u-font-small\">\n\t\t\tDimitrij Aleshkov visar hur en stark &quot;power pose&quot; ska anv\u00e4ndas 2 minuter innan en pitch \n\t\t<\/figcaption>\n\t<\/figure>\n\n\n\n<p class=\"is-style-narrow\"><em><strong>\u201cDet h\u00e4r ger oss en chans att visa v\u00e5r kreativa sida och vad vi faktiskt kan. F\u00f6r elever som kanske har det sv\u00e5rt i klassrummet blir det h\u00e4r ett annat s\u00e4tt att visa vad man kan. Vi f\u00e5r samarbeta p\u00e5 ett annat s\u00e4tt och ta mer ansvar men ocks\u00e5 se hur det \u00e4r i vuxenlivet. Mitt personliga m\u00e5l har varit att samarbeta mer med andra och det har jag verkligen f\u00e5tt tr\u00e4na p\u00e5 i det h\u00e4r projektet.\u201d<\/strong><\/em> Tilly Wingren, elev i \u00e5k 8<\/p>\n\n\n\n<h2 class=\"wp-block-heading\">Ett klassrum utan v\u00e4ggar<\/h2>\n\n\n\n<p>Tillsammans med Kristoffer Rahr och Edoardo Facciotto fr\u00e5n Yovinn Designbyr\u00e5 i Helsingborg har eleverna arbetat i en designprocess med fokus p\u00e5 mikro-mobilitet, stadsmilj\u00f6 och hur vi kan skapa smartare, tryggare och mer h\u00e5llbara l\u00f6sningar f\u00f6r framtidens Helsingborg.<\/p>\n\n\n\n<p>Nya s\u00e4tt att f\u00f6rflytta sig i staden skapar nya behov, men \u00e4ven nya problem. Det har varit utg\u00e5ngspunkten i projektet. Problem har eleverna sj\u00e4lva identifierat och hittat l\u00f6sningar p\u00e5. <\/p>\n\n\n\n\n<figure  class=\"ams-media l-container l-stack l-stack-2xs u-pt-fluid-md-xl u-pb-fluid-md-xl is-center is-center@md\"  style=\"--width-desktop: 800px;\">\n\t\t\t\t\t<img decoding=\"async\" width=\"600\" height=\"380\" src=\"https:\/\/vittra.se\/wp-content\/uploads\/sites\/15\/2026\/04\/yovinn-3-600x380.jpg\" class=\"ams-media__image u-ratio-landscape u-radius-square\" alt=\"Eleverna i Think City och Kristoffer Rahr kartl\u00e4gger insikter p\u00e5 Yovinn Designbyr\u00e5\" sizes=\"(max-width: 600px) 100vw, 600px\" srcset=\"https:\/\/vittra.se\/wp-content\/uploads\/sites\/15\/2026\/04\/yovinn-3-600x380.jpg 600w, https:\/\/vittra.se\/wp-content\/uploads\/sites\/15\/2026\/04\/yovinn-3-300x190.jpg 300w, https:\/\/vittra.se\/wp-content\/uploads\/sites\/15\/2026\/04\/yovinn-3-400x253.jpg 400w, https:\/\/vittra.se\/wp-content\/uploads\/sites\/15\/2026\/04\/yovinn-3-800x507.jpg 800w, https:\/\/vittra.se\/wp-content\/uploads\/sites\/15\/2026\/04\/yovinn-3-1024x649.jpg 1024w, https:\/\/vittra.se\/wp-content\/uploads\/sites\/15\/2026\/04\/yovinn-3-1200x760.jpg 1200w, https:\/\/vittra.se\/wp-content\/uploads\/sites\/15\/2026\/04\/yovinn-3.jpg 1793w\" \/>\n\t\t\n\t\n\t\t\t<figcaption class=\"ams-media__caption u-font-small\">\n\t\t\tEleverna i Think City och Kristoffer Rahr kartl\u00e4gger insikter\n\t\t<\/figcaption>\n\t<\/figure>\n\n\n\n<p>Men det viktigaste har inte varit den f\u00e4rdiga id\u00e9n. Det viktigaste har varit l\u00e4randet p\u00e5 v\u00e4gen dit.<\/p>\n\n\n\n<p>Eleverna har intervjuat m\u00e4nniskor p\u00e5 stan, observerat hur stadsmilj\u00f6n anv\u00e4nds, identifierat behov och utvecklat egna l\u00f6sningar utifr\u00e5n det de sett och h\u00f6rt.<\/p>\n\n\n\n<p>Som en del av processen har de ocks\u00e5 tr\u00e4ffat Erik Bredmar och Ami Cvitman Trellman fr\u00e5n Stadsbyggnadsf\u00f6rvaltningen och kommunalr\u00e5den Alexander Svensson och Fia Kamlund p\u00e5 R\u00e5dhuset. Det har gett dem en konkret f\u00f6rst\u00e5else f\u00f6r hur beslut fattas och hur ungas perspektiv kan f\u00e5 en plats i samh\u00e4llsutvecklingen.<\/p>\n\n\n\n\n<figure  class=\"ams-media l-container l-stack l-stack-2xs u-pt-fluid-md-xl u-pb-fluid-md-xl is-center is-center@md\"  style=\"--width-desktop: 800px;\">\n\t\t\t\t\t<img decoding=\"async\" width=\"600\" height=\"450\" src=\"https:\/\/vittra.se\/wp-content\/uploads\/sites\/15\/2026\/04\/img9848-600x450.jpg\" class=\"ams-media__image u-ratio-landscape u-radius-square\" alt=\"\" sizes=\"(max-width: 600px) 100vw, 600px\" srcset=\"https:\/\/vittra.se\/wp-content\/uploads\/sites\/15\/2026\/04\/img9848-600x450.jpg 600w, https:\/\/vittra.se\/wp-content\/uploads\/sites\/15\/2026\/04\/img9848-300x225.jpg 300w, https:\/\/vittra.se\/wp-content\/uploads\/sites\/15\/2026\/04\/img9848-400x300.jpg 400w, https:\/\/vittra.se\/wp-content\/uploads\/sites\/15\/2026\/04\/img9848-800x600.jpg 800w, https:\/\/vittra.se\/wp-content\/uploads\/sites\/15\/2026\/04\/img9848-1024x769.jpg 1024w, https:\/\/vittra.se\/wp-content\/uploads\/sites\/15\/2026\/04\/img9848-1200x901.jpg 1200w, https:\/\/vittra.se\/wp-content\/uploads\/sites\/15\/2026\/04\/img9848-768x576.jpg 768w, https:\/\/vittra.se\/wp-content\/uploads\/sites\/15\/2026\/04\/img9848.jpg 1844w\" \/>\n\t\t\n\t\n\t\t\t<figcaption class=\"ams-media__caption u-font-small\">\n\t\t\tV\u00e5ra unga st\u00e4ller fr\u00e5gor till stadens politiker\n\t\t<\/figcaption>\n\t<\/figure>\n\n\n\n<h2 class=\"wp-block-heading\">N\u00e4r modet v\u00e4xer fram<\/h2>\n\n\n\n<p>Samtidigt har eleverna f\u00e5tt tr\u00e4na p\u00e5 n\u00e5gra av de mest v\u00e4rdefulla framtidsf\u00f6rm\u00e5gorna: att st\u00e4lla fr\u00e5gor, lyssna aktivt, t\u00e4nka kreativt, ompr\u00f6va sina id\u00e9er och samarbeta kring l\u00f6sningar som h\u00e5ller i verkligheten.<\/p>\n\n\n\n<p>Det har ocks\u00e5 varit en resa i mod.<\/p>\n\n\n\n<p><strong>Elias Berglund<\/strong> beskriver det s\u00e5 h\u00e4r:<br>&#8211; Man var nerv\u00f6s i b\u00f6rjan, men n\u00e4r man kom in i det s\u00e5 blev det b\u00e4ttre och det \u00e4r kanske n\u00e5got man vill jobba med i framtiden.<\/p>\n\n\n\n<p><strong>Amir Safwan<\/strong> inst\u00e4mmer:<br>&#8211; Jag hade kunnat g\u00e5 fram och fr\u00e5gat vem som helst nu n\u00e4r jag vet hur jag ska g\u00f6ra.<\/p>\n\n\n\n<p>Han forts\u00e4tter:<br>&#8211; Man l\u00e4r sig och visar sig sj\u00e4lv att man \u00e4r modig nog att g\u00e5 fram och fr\u00e5ga fr\u00e4mmande folk.<\/p>\n\n\n\n<p><strong>Tilly Wingren<\/strong> lyfter en annan viktig del av l\u00e4randet:<br>&#8211; Det har varit j\u00e4tteintressant men sv\u00e5rt, speciellt att omformulera sina fr\u00e5gor.<\/p>\n\n\n\n<p>Just d\u00e4r syns projektets styrka.<\/p>\n\n\n\n<p>Det handlar inte bara om \u00e4mneskunskap, utan om att bygga mod, kommunikation, probleml\u00f6sning och tilltro till den egna f\u00f6rm\u00e5gan.<\/p>\n\n\n\n<p>Under projektets g\u00e5ng har eleverna ocks\u00e5 f\u00e5tt professionell tr\u00e4ning i pitchteknik av entrepren\u00f6rerna Dimitrij Aleshkov och Dragos Cruceat. Inf\u00f6r finalen kommer de dessutom att m\u00f6ta AI-experten P\u00e4r Wikberg f\u00f6r att vidareutveckla sina id\u00e9er och sitt s\u00e4tt att presentera dem.<\/p>\n\n\n\n\n<figure  class=\"ams-media l-container l-stack l-stack-2xs u-pt-fluid-md-xl u-pb-fluid-md-xl is-center is-center@md\"  style=\"--width-desktop: 800px;\">\n\t\t\t\t\t<img decoding=\"async\" width=\"600\" height=\"447\" src=\"https:\/\/vittra.se\/wp-content\/uploads\/sites\/15\/2026\/04\/f15fa0c4-ae10-4d74-8049-c758a1ea3065-1-600x447.jpg\" class=\"ams-media__image u-ratio-landscape u-radius-square\" alt=\"Elever och projektguide i Think City\" sizes=\"(max-width: 600px) 100vw, 600px\" srcset=\"https:\/\/vittra.se\/wp-content\/uploads\/sites\/15\/2026\/04\/f15fa0c4-ae10-4d74-8049-c758a1ea3065-1-600x447.jpg 600w, https:\/\/vittra.se\/wp-content\/uploads\/sites\/15\/2026\/04\/f15fa0c4-ae10-4d74-8049-c758a1ea3065-1-300x224.jpg 300w, https:\/\/vittra.se\/wp-content\/uploads\/sites\/15\/2026\/04\/f15fa0c4-ae10-4d74-8049-c758a1ea3065-1-400x298.jpg 400w, https:\/\/vittra.se\/wp-content\/uploads\/sites\/15\/2026\/04\/f15fa0c4-ae10-4d74-8049-c758a1ea3065-1-800x596.jpg 800w, https:\/\/vittra.se\/wp-content\/uploads\/sites\/15\/2026\/04\/f15fa0c4-ae10-4d74-8049-c758a1ea3065-1-1024x763.jpg 1024w, https:\/\/vittra.se\/wp-content\/uploads\/sites\/15\/2026\/04\/f15fa0c4-ae10-4d74-8049-c758a1ea3065-1.jpg 1170w\" \/>\n\t\t\n\t\n\t\t\t<figcaption class=\"ams-media__caption u-font-small\">\n\t\t\tElever och projektguide i Think City\n\t\t<\/figcaption>\n\t<\/figure>\n\n\n\n<h2 class=\"wp-block-heading\">Helsingborg lyssnar<\/h2>\n\n\n\n<p>Den 29 april kulminerar projektet i en Pitch Day, d\u00e4r eleverna presenterar sina l\u00f6sningar inf\u00f6r f\u00f6r\u00e4ldrar, l\u00e4rare, rektorer, politiker och n\u00e4ringsliv. P\u00e5 plats finns bland annat representanter fr\u00e5n Ryde Technology och andra akt\u00f6rer inom mobilitet och innovation.<\/p>\n\n\n\n<p>Det mest anm\u00e4rkningsv\u00e4rda \u00e4r att s\u00e5 m\u00e5nga externa akt\u00f6rer, designers, f\u00f6retag, experter och stadens representanter, har valt att bidra med sin tid, kunskap och sitt engagemang f\u00f6r v\u00e5ra unga.<\/p>\n\n\n\n<p>Det visar vad som blir m\u00f6jligt n\u00e4r skola, stad och n\u00e4ringsliv v\u00e4ljer att investera i framtiden.<\/p>\n\n\n\n<p><strong>Tillsammans.<\/strong><\/p>\n<\/div>\n<\/div>\n<\/div>\n<\/div>\n","protected":false},"template":"","article_category":[17],"yoast_head":"<!-- This site is optimized with the Yoast SEO plugin v22.0 - https:\/\/yoast.com\/wordpress\/plugins\/seo\/ -->\n<title>Landborgen<\/title>\n<meta name=\"description\" content=\"Elever i \u00e5k 8 p\u00e5 Vittra Landborgen utvecklar l\u00f6sningar f\u00f6r framtidens Helsingborg tillsammans med stad och n\u00e4ringsliv.\" \/>\n<meta name=\"robots\" content=\"index, follow, max-snippet:-1, max-image-preview:large, max-video-preview:-1\" \/>\n<link rel=\"canonical\" href=\"https:\/\/vittra.se\/landborgen\/artikel\/vittra-landborgens-elever-forbattrar-helsingborg\/\" \/>\n<meta property=\"og:locale\" content=\"sv_SE\" \/>\n<meta property=\"og:type\" content=\"article\" \/>\n<meta property=\"og:description\" content=\"Elever i \u00e5k 8 p\u00e5 Vittra Landborgen utvecklar l\u00f6sningar f\u00f6r framtidens Helsingborg tillsammans med stad och n\u00e4ringsliv.\" \/>\n<meta property=\"og:url\" content=\"https:\/\/vittra.se\/landborgen\/artikel\/vittra-landborgens-elever-forbattrar-helsingborg\/\" \/>\n<meta property=\"og:site_name\" content=\"Landborgen\" \/>\n<meta property=\"article:modified_time\" content=\"2026-04-20T11:50:56+00:00\" \/>\n<meta property=\"og:image\" content=\"https:\/\/vittra.se\/wp-content\/uploads\/sites\/15\/2026\/04\/img9845.jpg\" \/>\n\t<meta property=\"og:image:width\" content=\"1140\" \/>\n\t<meta property=\"og:image:height\" content=\"630\" \/>\n\t<meta property=\"og:image:type\" content=\"image\/jpeg\" \/>\n<meta name=\"twitter:card\" content=\"summary_large_image\" \/>\n<meta name=\"twitter:description\" content=\"Elever i \u00e5k 8 p\u00e5 Vittra Landborgen utvecklar l\u00f6sningar f\u00f6r framtidens Helsingborg tillsammans med stad och n\u00e4ringsliv.\" \/>\n<meta name=\"twitter:image\" content=\"https:\/\/vittra.se\/wp-content\/uploads\/sites\/15\/2026\/04\/img9845.jpg\" \/>\n<meta name=\"twitter:label1\" content=\"Ber\u00e4knad l\u00e4stid\" \/>\n\t<meta name=\"twitter:data1\" content=\"3 minuter\" \/>\n<script type=\"application\/ld+json\" class=\"yoast-schema-graph\">{\"@context\":\"https:\/\/schema.org\",\"@graph\":[{\"@type\":\"WebPage\",\"@id\":\"https:\/\/vittra.se\/landborgen\/artikel\/vittra-landborgens-elever-forbattrar-helsingborg\/\",\"url\":\"https:\/\/vittra.se\/landborgen\/artikel\/vittra-landborgens-elever-forbattrar-helsingborg\/\",\"name\":\"Vittra Landborgens elever f\u00f6rb\u00e4ttrar Helsingborg - Landborgen\",\"isPartOf\":{\"@id\":\"https:\/\/vittra.se\/landborgen\/#website\"},\"datePublished\":\"2026-04-17T09:57:17+00:00\",\"dateModified\":\"2026-04-20T11:50:56+00:00\",\"description\":\"Elever i \u00e5k 8 p\u00e5 Vittra Landborgen utvecklar l\u00f6sningar f\u00f6r framtidens Helsingborg tillsammans med stad och n\u00e4ringsliv.\",\"breadcrumb\":{\"@id\":\"https:\/\/vittra.se\/landborgen\/artikel\/vittra-landborgens-elever-forbattrar-helsingborg\/#breadcrumb\"},\"inLanguage\":\"sv-SE\",\"potentialAction\":[{\"@type\":\"ReadAction\",\"target\":[\"https:\/\/vittra.se\/landborgen\/artikel\/vittra-landborgens-elever-forbattrar-helsingborg\/\"]}]},{\"@type\":\"BreadcrumbList\",\"@id\":\"https:\/\/vittra.se\/landborgen\/artikel\/vittra-landborgens-elever-forbattrar-helsingborg\/#breadcrumb\",\"itemListElement\":[{\"@type\":\"ListItem\",\"position\":1,\"name\":\"Start\",\"item\":\"https:\/\/vittra.se\/landborgen\"},{\"@type\":\"ListItem\",\"position\":2,\"name\":\"Artikel\"}]},{\"@type\":\"WebSite\",\"@id\":\"https:\/\/vittra.se\/landborgen\/#website\",\"url\":\"https:\/\/vittra.se\/landborgen\/\",\"name\":\"Landborgen\",\"description\":\"Kunskap att f\u00f6r\u00e4ndra. Mod att p\u00e5verka.\",\"potentialAction\":[{\"@type\":\"SearchAction\",\"target\":{\"@type\":\"EntryPoint\",\"urlTemplate\":\"https:\/\/vittra.se\/landborgen\/?s={search_term_string}\"},\"query-input\":\"required name=search_term_string\"}],\"inLanguage\":\"sv-SE\"}]}<\/script>\n<!-- \/ Yoast SEO plugin. -->","yoast_head_json":{"title":"Landborgen","description":"Elever i \u00e5k 8 p\u00e5 Vittra Landborgen utvecklar l\u00f6sningar f\u00f6r framtidens Helsingborg tillsammans med stad och n\u00e4ringsliv.","robots":{"index":"index","follow":"follow","max-snippet":"max-snippet:-1","max-image-preview":"max-image-preview:large","max-video-preview":"max-video-preview:-1"},"canonical":"https:\/\/vittra.se\/landborgen\/artikel\/vittra-landborgens-elever-forbattrar-helsingborg\/","og_locale":"sv_SE","og_type":"article","og_description":"Elever i \u00e5k 8 p\u00e5 Vittra Landborgen utvecklar l\u00f6sningar f\u00f6r framtidens Helsingborg tillsammans med stad och n\u00e4ringsliv.","og_url":"https:\/\/vittra.se\/landborgen\/artikel\/vittra-landborgens-elever-forbattrar-helsingborg\/","og_site_name":"Landborgen","article_modified_time":"2026-04-20T11:50:56+00:00","og_image":[{"width":1140,"height":630,"url":"https:\/\/vittra.se\/wp-content\/uploads\/sites\/15\/2026\/04\/img9845.jpg","type":"image\/jpeg"}],"twitter_card":"summary_large_image","twitter_description":"Elever i \u00e5k 8 p\u00e5 Vittra Landborgen utvecklar l\u00f6sningar f\u00f6r framtidens Helsingborg tillsammans med stad och n\u00e4ringsliv.","twitter_image":"https:\/\/vittra.se\/wp-content\/uploads\/sites\/15\/2026\/04\/img9845.jpg","twitter_misc":{"Ber\u00e4knad l\u00e4stid":"3 minuter"},"schema":{"@context":"https:\/\/schema.org","@graph":[{"@type":"WebPage","@id":"https:\/\/vittra.se\/landborgen\/artikel\/vittra-landborgens-elever-forbattrar-helsingborg\/","url":"https:\/\/vittra.se\/landborgen\/artikel\/vittra-landborgens-elever-forbattrar-helsingborg\/","name":"Vittra Landborgens elever f\u00f6rb\u00e4ttrar Helsingborg - Landborgen","isPartOf":{"@id":"https:\/\/vittra.se\/landborgen\/#website"},"datePublished":"2026-04-17T09:57:17+00:00","dateModified":"2026-04-20T11:50:56+00:00","description":"Elever i \u00e5k 8 p\u00e5 Vittra Landborgen utvecklar l\u00f6sningar f\u00f6r framtidens Helsingborg tillsammans med stad och n\u00e4ringsliv.","breadcrumb":{"@id":"https:\/\/vittra.se\/landborgen\/artikel\/vittra-landborgens-elever-forbattrar-helsingborg\/#breadcrumb"},"inLanguage":"sv-SE","potentialAction":[{"@type":"ReadAction","target":["https:\/\/vittra.se\/landborgen\/artikel\/vittra-landborgens-elever-forbattrar-helsingborg\/"]}]},{"@type":"BreadcrumbList","@id":"https:\/\/vittra.se\/landborgen\/artikel\/vittra-landborgens-elever-forbattrar-helsingborg\/#breadcrumb","itemListElement":[{"@type":"ListItem","position":1,"name":"Start","item":"https:\/\/vittra.se\/landborgen"},{"@type":"ListItem","position":2,"name":"Artikel"}]},{"@type":"WebSite","@id":"https:\/\/vittra.se\/landborgen\/#website","url":"https:\/\/vittra.se\/landborgen\/","name":"Landborgen","description":"Kunskap att f\u00f6r\u00e4ndra. Mod att p\u00e5verka.","potentialAction":[{"@type":"SearchAction","target":{"@type":"EntryPoint","urlTemplate":"https:\/\/vittra.se\/landborgen\/?s={search_term_string}"},"query-input":"required name=search_term_string"}],"inLanguage":"sv-SE"}]}},"_links":{"self":[{"href":"https:\/\/vittra.se\/landborgen\/wp-json\/wp\/v2\/article\/1357"}],"collection":[{"href":"https:\/\/vittra.se\/landborgen\/wp-json\/wp\/v2\/article"}],"about":[{"href":"https:\/\/vittra.se\/landborgen\/wp-json\/wp\/v2\/types\/article"}],"wp:attachment":[{"href":"https:\/\/vittra.se\/landborgen\/wp-json\/wp\/v2\/media?parent=1357"}],"wp:term":[{"taxonomy":"article_category","embeddable":true,"href":"https:\/\/vittra.se\/landborgen\/wp-json\/wp\/v2\/article_category?post=1357"}],"curies":[{"name":"wp","href":"https:\/\/api.w.org\/{rel}","templated":true}]}}