{"id":1320,"date":"2026-03-05T13:43:21","date_gmt":"2026-03-05T12:43:21","guid":{"rendered":"https:\/\/vittra.se\/landborgen\/?post_type=article&#038;p=1320"},"modified":"2026-03-05T14:00:05","modified_gmt":"2026-03-05T13:00:05","slug":"radda-barnen-och-vittraskolor-i-samarbete-om-ungas-fritid-i-helsingborg","status":"publish","type":"article","link":"https:\/\/vittra.se\/landborgen\/artikel\/radda-barnen-och-vittraskolor-i-samarbete-om-ungas-fritid-i-helsingborg\/","title":{"rendered":"R\u00e4dda Barnen och Vittraskolor i samarbete om ungas fritid i Helsingborg"},"content":{"rendered":"\n<div class=\"wp-block-group is-layout-constrained wp-container-core-group-layout-1 wp-block-group-is-layout-constrained\">\n<h1 class=\"wp-block-heading\">R\u00e4dda Barnen och Vittraskolor i samarbete om ungas fritid i Helsingborg<\/h1>\n\n\n\n<p   class=\"site__ingress container text-left  site__text-color--dark  site__free_text--ingress p-0\">\n\tR\u00e4dda Barnen inleder ett samarbete tillsammans med oss p\u00e5 Vittra Landborgen och Vittra Adolfsberg. Genom sagocaf\u00e9 och olika fritidsaktiviteter f\u00e5r barn och elever m\u00f6jlighet att utveckla sitt spr\u00e5k, sin l\u00e4slust och sin gemenskap \u2013 b\u00e5de i och utanf\u00f6r skolan.<\/p>\n\n\n\n\n\t<div\n\t\t class=\"module_wrapper container-fluid images-module\" >\n\t\t<div class=\"row\">\n\t\t\t<div\n\t\t\t\t\tclass=\"col-12 m-0 p-0 position-relative images_module__slideshow images_module__slideshow-container module-expand \">\n\n\t\t\t\t<div class=\"images_module__slide \" data-slide=\"\"\n\t\t\t\t\t data-duration=\"\"><\/div>\n\t\t\t\t\t\t\t\t\t<div\n\t\t\t\t\t\t class=\"images_module__slides \">\n\n\n\t\t\t\t\t\t<div class=\"images__wrapper\"\n\t\t\t\t\t\t\t style=\"aspect-ratio: 1200 \/ 531;\">\n\t\t\t\t\t\t\t<img decoding=\"async\" width=\"2000\" height=\"1333\" src=\"https:\/\/vittra.se\/wp-content\/uploads\/sites\/15\/2026\/03\/vittraadolfsberg202404fsk25.jpg\" class=\"images__image_ratio  \" alt=\"Elever och l\u00e4rare skriver tillsammans.\" style=\"aspect-ratio: 1200 \/ 531;object-position: center center;\" srcset=\"https:\/\/vittra.se\/wp-content\/uploads\/sites\/15\/2026\/03\/vittraadolfsberg202404fsk25.jpg 2000w, https:\/\/vittra.se\/wp-content\/uploads\/sites\/15\/2026\/03\/vittraadolfsberg202404fsk25-300x200.jpg 300w, https:\/\/vittra.se\/wp-content\/uploads\/sites\/15\/2026\/03\/vittraadolfsberg202404fsk25-400x267.jpg 400w, https:\/\/vittra.se\/wp-content\/uploads\/sites\/15\/2026\/03\/vittraadolfsberg202404fsk25-600x400.jpg 600w, https:\/\/vittra.se\/wp-content\/uploads\/sites\/15\/2026\/03\/vittraadolfsberg202404fsk25-800x533.jpg 800w, https:\/\/vittra.se\/wp-content\/uploads\/sites\/15\/2026\/03\/vittraadolfsberg202404fsk25-1024x682.jpg 1024w, https:\/\/vittra.se\/wp-content\/uploads\/sites\/15\/2026\/03\/vittraadolfsberg202404fsk25-1200x800.jpg 1200w\" sizes=\"(max-width: 2000px) 100vw, 2000px\" \/>\t\t\t\t\t\t<\/div>\n\n\t\t\t\t\t\t\n\t\t\t\t\t\t\t\t\t\t\t<\/div>\n\t\t\t\t\n\t\t\t\t<div class=\"images_module__container_dot \">\n\t\t\t\t\t<div style=\"text-align:center\">\n\t\t\t\t\t\t\t\t\t\t\t\t\t<span   data-i=\"0\"\n\t\t\t\t\t\t\t\t  class=\"images_module__dot\n\t\t\t\t\t\t\t\t\t\t\t\t\t  \"><\/span>\n\t\t\t\t\t\t\t\t\t\t\t<\/div>\n\t\t\t\t<\/div>\n\n\t\t\t<\/div>\n\t\t<\/div>\n\t<\/div>\n\n\n\t\n\n\n<script>\n\tvar images_display_descriptive_text = \"\";\n<\/script>\n\n\n\n<div style=\"height:48px\" aria-hidden=\"true\" class=\"wp-block-spacer\"><\/div>\n\n\n\n<p>Vi p\u00e5 Vittra Landborgen har inlett ett samarbete med R\u00e4dda Barnen i Helsingborg. Tillsammans med Vittra Adolfsberg vill vi ge fler barn och elever tillg\u00e5ng till meningsfulla fritidsaktiviteter och samtidigt st\u00e4rka deras spr\u00e5kutveckling. Genom sagor, kreativt skrivande och olika aktiviteter f\u00e5r barn m\u00f6jlighet att utvecklas b\u00e5de socialt och kunskapsm\u00e4ssigt.<\/p>\n\n\n\n<h3 class=\"wp-block-heading\">Sagocaf\u00e9et lockar b\u00e5de barn och v\u00e5rdnadshavare<\/h3>\n\n\n\n<p>Projektet p\u00e5g\u00e5r till en b\u00f6rjan under ett \u00e5r och syftar till att skapa trygga m\u00f6tesplatser d\u00e4r barn och elever inspireras till att l\u00e4sa, skriva och prova nya fritidsaktiviteter. De f\u00f6rsta tillf\u00e4llena av sagocaf\u00e9et har redan lockat m\u00e5nga barn och f\u00f6r\u00e4ldrar. R\u00e4dda Barnen har tidigare sett goda resultat av liknande samarbeten p\u00e5 andra skolor.<\/p>\n\n\n\n<p>\u2013 I andra projekt med liknande uppl\u00e4gg ser vi positiva resultat. Eleverna \u00e4r mer motiverade i skolan, deltar mer aktivt i undervisningen och r\u00f6r sig mer p\u00e5 fritiden. Vi ser ocks\u00e5 att gemenskapen st\u00e4rks n\u00e4r elever m\u00f6ts i nya sammanhang. F\u00f6rhoppningen \u00e4r att vi \u00e4ven h\u00e4r ska se samma positiva effekter, s\u00e4ger Susan Stieger-Petrusson, ansvarig f\u00f6r samarbetet p\u00e5 R\u00e4dda Barnen.<\/p>\n\n\n\n<p>Hos oss p\u00e5 Vittra Landborgen riktar sig sagocaf\u00e9et till elever i f\u00f6rskoleklass och l\u00e5gstadiet, d\u00e4r barnen f\u00e5r lyssna p\u00e5 h\u00f6gl\u00e4sning, prata om b\u00f6cker och dramatisera ber\u00e4ttelser. P\u00e5 Vittra Adolfsberg v\u00e4nder sig sagocaf\u00e9et till f\u00f6rskolebarn och deras f\u00f6r\u00e4ldrar \u2013 oavsett om barnet g\u00e5r p\u00e5 f\u00f6rskolan eller inte.<\/p>\n\n\n\n<h3 class=\"wp-block-heading\">M\u00e5let \u00e4r att v\u00e4cka l\u00e4sgl\u00e4dje<\/h3>\n\n\n\n<p>M\u00e5let \u00e4r att v\u00e4cka l\u00e4sgl\u00e4dje och skapa nya l\u00e4svanor, b\u00e5de i skolan och hemma. Spr\u00e5kutveckling \u00e4r ett prioriterat omr\u00e5de inom Vittras skolor och arbetet b\u00f6rjar redan i f\u00f6rskolan. Samarbetet \u00e4r en av flera satsningar som ska bidra till att alla elever ska kunna l\u00e4sa n\u00e4r de l\u00e4mnar \u00e5rskurs 1.<\/p>\n\n\n\n<p>\u2013 Det k\u00e4nns bra att kunna erbjuda eleverna fler s\u00e4tt att hitta sina intressen och v\u00e4xa som individer. Vi vill st\u00f6tta dem att v\u00e5ga ta sig utanf\u00f6r sin komfortzon och uppt\u00e4cka nya sammanhang, s\u00e4ger Maud Sevebrant, tf rektor p\u00e5 Vittra Landborgen.<\/p>\n\n\n\n<h3 class=\"wp-block-heading\">\u00c4ldre elever f\u00e5r testa nya fritidsaktiviteter<\/h3>\n\n\n\n<p>F\u00f6r \u00e4ldre elever erbjuder R\u00e4dda Barnen ocks\u00e5 konceptet DO IT (delaktighet, organisering, inkludering och trygghet), d\u00e4r elever f\u00e5r prova olika fritidsaktiviteter efter skoltid. Under \u00e5ret har elever i \u00e5rskurs 4\u20136 hos oss p\u00e5 Vittra Landborgen bland annat f\u00e5tt prova olika bollsporter. Elever i \u00e5rskurs 7\u20139 p\u00e5 Vittra Adolfsberg har, i samarbete med Kulturskolan, f\u00e5tt prova olika instrument. Under v\u00e5ren planeras \u00e4ven aktiviteter i naturen tillsammans med bland annat scouterna.<\/p>\n<\/div>\n","protected":false},"template":"","article_category":[4,17],"yoast_head":"<!-- This site is optimized with the Yoast SEO plugin v22.0 - https:\/\/yoast.com\/wordpress\/plugins\/seo\/ -->\n<title>Landborgen<\/title>\n<meta name=\"description\" content=\"R\u00e4dda Barnen inleder ett samarbete tillsammans med oss och Vittra Adolfsberg. Detta genom sagocaf\u00e9 och olika fritidsaktiviteter.\" \/>\n<meta name=\"robots\" content=\"index, follow, max-snippet:-1, max-image-preview:large, max-video-preview:-1\" \/>\n<link rel=\"canonical\" href=\"https:\/\/vittra.se\/landborgen\/artikel\/radda-barnen-och-vittraskolor-i-samarbete-om-ungas-fritid-i-helsingborg\/\" \/>\n<meta property=\"og:locale\" content=\"sv_SE\" \/>\n<meta property=\"og:type\" content=\"article\" \/>\n<meta property=\"og:description\" content=\"R\u00e4dda Barnen inleder ett samarbete tillsammans med oss och Vittra Adolfsberg. Detta genom sagocaf\u00e9 och olika fritidsaktiviteter.\" \/>\n<meta property=\"og:url\" content=\"https:\/\/vittra.se\/landborgen\/artikel\/radda-barnen-och-vittraskolor-i-samarbete-om-ungas-fritid-i-helsingborg\/\" \/>\n<meta property=\"og:site_name\" content=\"Landborgen\" \/>\n<meta property=\"article:modified_time\" content=\"2026-03-05T13:00:05+00:00\" \/>\n<meta name=\"twitter:card\" content=\"summary_large_image\" \/>\n<meta name=\"twitter:description\" content=\"R\u00e4dda Barnen inleder ett samarbete tillsammans med oss och Vittra Adolfsberg. Detta genom sagocaf\u00e9 och olika fritidsaktiviteter.\" \/>\n<meta name=\"twitter:image\" content=\"https:\/\/vittra.se\/wp-content\/uploads\/sites\/15\/2026\/03\/vittraadolfsberg202404fsk25-1200x630.jpg\" \/>\n<meta name=\"twitter:label1\" content=\"Ber\u00e4knad l\u00e4stid\" \/>\n\t<meta name=\"twitter:data1\" content=\"2 minuter\" \/>\n<script type=\"application\/ld+json\" class=\"yoast-schema-graph\">{\"@context\":\"https:\/\/schema.org\",\"@graph\":[{\"@type\":\"WebPage\",\"@id\":\"https:\/\/vittra.se\/landborgen\/artikel\/radda-barnen-och-vittraskolor-i-samarbete-om-ungas-fritid-i-helsingborg\/\",\"url\":\"https:\/\/vittra.se\/landborgen\/artikel\/radda-barnen-och-vittraskolor-i-samarbete-om-ungas-fritid-i-helsingborg\/\",\"name\":\"R\u00e4dda Barnen och Vittraskolor i samarbete om ungas fritid i Helsingborg - Landborgen\",\"isPartOf\":{\"@id\":\"https:\/\/vittra.se\/landborgen\/#website\"},\"datePublished\":\"2026-03-05T12:43:21+00:00\",\"dateModified\":\"2026-03-05T13:00:05+00:00\",\"description\":\"R\u00e4dda Barnen inleder ett samarbete tillsammans med oss och Vittra Adolfsberg. Detta genom sagocaf\u00e9 och olika fritidsaktiviteter.\",\"breadcrumb\":{\"@id\":\"https:\/\/vittra.se\/landborgen\/artikel\/radda-barnen-och-vittraskolor-i-samarbete-om-ungas-fritid-i-helsingborg\/#breadcrumb\"},\"inLanguage\":\"sv-SE\",\"potentialAction\":[{\"@type\":\"ReadAction\",\"target\":[\"https:\/\/vittra.se\/landborgen\/artikel\/radda-barnen-och-vittraskolor-i-samarbete-om-ungas-fritid-i-helsingborg\/\"]}]},{\"@type\":\"BreadcrumbList\",\"@id\":\"https:\/\/vittra.se\/landborgen\/artikel\/radda-barnen-och-vittraskolor-i-samarbete-om-ungas-fritid-i-helsingborg\/#breadcrumb\",\"itemListElement\":[{\"@type\":\"ListItem\",\"position\":1,\"name\":\"Start\",\"item\":\"https:\/\/vittra.se\/landborgen\"},{\"@type\":\"ListItem\",\"position\":2,\"name\":\"Artikel\"}]},{\"@type\":\"WebSite\",\"@id\":\"https:\/\/vittra.se\/landborgen\/#website\",\"url\":\"https:\/\/vittra.se\/landborgen\/\",\"name\":\"Landborgen\",\"description\":\"Kunskap att f\u00f6r\u00e4ndra. Mod att p\u00e5verka.\",\"potentialAction\":[{\"@type\":\"SearchAction\",\"target\":{\"@type\":\"EntryPoint\",\"urlTemplate\":\"https:\/\/vittra.se\/landborgen\/?s={search_term_string}\"},\"query-input\":\"required name=search_term_string\"}],\"inLanguage\":\"sv-SE\"}]}<\/script>\n<!-- \/ Yoast SEO plugin. -->","yoast_head_json":{"title":"Landborgen","description":"R\u00e4dda Barnen inleder ett samarbete tillsammans med oss och Vittra Adolfsberg. Detta genom sagocaf\u00e9 och olika fritidsaktiviteter.","robots":{"index":"index","follow":"follow","max-snippet":"max-snippet:-1","max-image-preview":"max-image-preview:large","max-video-preview":"max-video-preview:-1"},"canonical":"https:\/\/vittra.se\/landborgen\/artikel\/radda-barnen-och-vittraskolor-i-samarbete-om-ungas-fritid-i-helsingborg\/","og_locale":"sv_SE","og_type":"article","og_description":"R\u00e4dda Barnen inleder ett samarbete tillsammans med oss och Vittra Adolfsberg. Detta genom sagocaf\u00e9 och olika fritidsaktiviteter.","og_url":"https:\/\/vittra.se\/landborgen\/artikel\/radda-barnen-och-vittraskolor-i-samarbete-om-ungas-fritid-i-helsingborg\/","og_site_name":"Landborgen","article_modified_time":"2026-03-05T13:00:05+00:00","twitter_card":"summary_large_image","twitter_description":"R\u00e4dda Barnen inleder ett samarbete tillsammans med oss och Vittra Adolfsberg. Detta genom sagocaf\u00e9 och olika fritidsaktiviteter.","twitter_image":"https:\/\/vittra.se\/wp-content\/uploads\/sites\/15\/2026\/03\/vittraadolfsberg202404fsk25-1200x630.jpg","twitter_misc":{"Ber\u00e4knad l\u00e4stid":"2 minuter"},"schema":{"@context":"https:\/\/schema.org","@graph":[{"@type":"WebPage","@id":"https:\/\/vittra.se\/landborgen\/artikel\/radda-barnen-och-vittraskolor-i-samarbete-om-ungas-fritid-i-helsingborg\/","url":"https:\/\/vittra.se\/landborgen\/artikel\/radda-barnen-och-vittraskolor-i-samarbete-om-ungas-fritid-i-helsingborg\/","name":"R\u00e4dda Barnen och Vittraskolor i samarbete om ungas fritid i Helsingborg - Landborgen","isPartOf":{"@id":"https:\/\/vittra.se\/landborgen\/#website"},"datePublished":"2026-03-05T12:43:21+00:00","dateModified":"2026-03-05T13:00:05+00:00","description":"R\u00e4dda Barnen inleder ett samarbete tillsammans med oss och Vittra Adolfsberg. Detta genom sagocaf\u00e9 och olika fritidsaktiviteter.","breadcrumb":{"@id":"https:\/\/vittra.se\/landborgen\/artikel\/radda-barnen-och-vittraskolor-i-samarbete-om-ungas-fritid-i-helsingborg\/#breadcrumb"},"inLanguage":"sv-SE","potentialAction":[{"@type":"ReadAction","target":["https:\/\/vittra.se\/landborgen\/artikel\/radda-barnen-och-vittraskolor-i-samarbete-om-ungas-fritid-i-helsingborg\/"]}]},{"@type":"BreadcrumbList","@id":"https:\/\/vittra.se\/landborgen\/artikel\/radda-barnen-och-vittraskolor-i-samarbete-om-ungas-fritid-i-helsingborg\/#breadcrumb","itemListElement":[{"@type":"ListItem","position":1,"name":"Start","item":"https:\/\/vittra.se\/landborgen"},{"@type":"ListItem","position":2,"name":"Artikel"}]},{"@type":"WebSite","@id":"https:\/\/vittra.se\/landborgen\/#website","url":"https:\/\/vittra.se\/landborgen\/","name":"Landborgen","description":"Kunskap att f\u00f6r\u00e4ndra. Mod att p\u00e5verka.","potentialAction":[{"@type":"SearchAction","target":{"@type":"EntryPoint","urlTemplate":"https:\/\/vittra.se\/landborgen\/?s={search_term_string}"},"query-input":"required name=search_term_string"}],"inLanguage":"sv-SE"}]}},"_links":{"self":[{"href":"https:\/\/vittra.se\/landborgen\/wp-json\/wp\/v2\/article\/1320"}],"collection":[{"href":"https:\/\/vittra.se\/landborgen\/wp-json\/wp\/v2\/article"}],"about":[{"href":"https:\/\/vittra.se\/landborgen\/wp-json\/wp\/v2\/types\/article"}],"wp:attachment":[{"href":"https:\/\/vittra.se\/landborgen\/wp-json\/wp\/v2\/media?parent=1320"}],"wp:term":[{"taxonomy":"article_category","embeddable":true,"href":"https:\/\/vittra.se\/landborgen\/wp-json\/wp\/v2\/article_category?post=1320"}],"curies":[{"name":"wp","href":"https:\/\/api.w.org\/{rel}","templated":true}]}}