{"id":1430,"date":"2025-11-26T11:32:21","date_gmt":"2025-11-26T10:32:21","guid":{"rendered":"https:\/\/vittra.se\/kronhusparken\/?post_type=article&#038;p=1430"},"modified":"2025-12-03T16:02:33","modified_gmt":"2025-12-03T15:02:33","slug":"pedagoger","status":"publish","type":"article","link":"https:\/\/vittra.se\/kronhusparken\/artikel\/pedagoger\/","title":{"rendered":"Pedagoger"},"content":{"rendered":"\n<div class=\"wp-block-group is-layout-constrained wp-container-core-group-layout-1 wp-block-group-is-layout-constrained\">\n<h1 class=\"wp-block-heading\">L\u00e4r k\u00e4nna v\u00e5ra pedagoger<\/h1>\n\n\n\n<p   class=\"site__ingress container text-left  site__text-color--dark  site__free_text--ingress p-0\">\n\tL\u00e4r k\u00e4nna v\u00e5ra pedagoger och l\u00e4rare lite b\u00e4ttre! Vad motiverar dem mest och hur uppmuntrar de till nyfikenhet och kreativitet? <\/p>\n\n\n\n\n\n<h2 class=\"wp-block-heading\"><em>Cecilia Thell<\/em> \u2013 Pedagog p\u00e5 l\u00e5g- och mellanstadiet<\/h2>\n\n\n\n<h3 class=\"wp-block-heading\">Hur jobbar du f\u00f6r att koppla l\u00e4randet till elevernas egen vardag och samh\u00e4llsfr\u00e5gor?<\/h3>\n\n\n\n<p>Jag utg\u00e5r ofta fr\u00e5n elevernas egna erfarenheter och intressen n\u00e4r jag planerar undervisningen. Genom att koppla uppgifter till s\u00e5dant de m\u00f6ter i sin vardag som familj, fritidsaktiviteter, nyheter och olika h\u00e4ndelser i livet blir inneh\u00e5llet mer meningsfullt. Jag anv\u00e4nder samtal, aktuella exempel och olika uttrycksformer f\u00f6r att visa hur skolans kunskaper h\u00e4nger ihop med samh\u00e4llet. Jag visar eleverna hur det de l\u00e4r sig i skolan inte bara \u00e4r n\u00e5got man g\u00f6r i klassrummet, utan faktiskt har en koppling till livet utanf\u00f6r skolan och samh\u00e4llet i stort. P\u00e5 s\u00e5 s\u00e4tt bidrar jag till engagemang och g\u00f6r l\u00e4randet relevant b\u00e5de f\u00f6r nuet och framtiden.<\/p>\n\n\n\n<h3 class=\"wp-block-heading\">Vad tror du att dina elever skulle l\u00e4ra dig om du bytte plats med dem f\u00f6r en dag?<\/h3>\n\n\n\n<p>De skulle l\u00e4ra mig att se skolan ur deras perspektiv, som hur det k\u00e4nns att vara elev i olika situationer. Jag skulle uppt\u00e4cka nya s\u00e4tt att anv\u00e4nda olika verktyg p\u00e5 b\u00e4sta s\u00e4tt.<\/p>\n\n\n\n<h3 class=\"wp-block-heading\">Vad inneb\u00e4r \u201dmedvetet l\u00e4rande\u201d f\u00f6r dig i vardagen?<\/h3>\n\n\n\n<p>F\u00f6r mig inneb\u00e4r medvetet l\u00e4rande att eleverna f\u00f6rst\u00e5r varf\u00f6r de l\u00e4r sig n\u00e5got, inte bara vad. Jag g\u00f6r m\u00e5len tydliga, l\u00e5ter dem reflektera \u00f6ver sin utveckling och ger \u00e5terkoppling som visar n\u00e4sta steg. Det g\u00f6r l\u00e4randet mer begripligt och ger eleverna ett \u00e4garskap \u00f6ver sitt l\u00e4rande.<\/p>\n\n\n\n<h3 class=\"wp-block-heading\">Hur jobbar ni f\u00f6r att skapa goda relationer p\u00e5 skolan?<\/h3>\n\n\n\n<p>Jag arbetar aktivt f\u00f6r att skapa trygghet och tillit mellan elever och vuxna (v\u00e5rdnadshavare) genom n\u00e4rvaro, lyh\u00f6rdhet samt fasta rutiner under dagarna. Jag prioriterar tid f\u00f6r samtal, samarbete och gemensamma aktiviteter d\u00e4r alla f\u00e5r bidra. Relationerna st\u00e4rks ocks\u00e5 genom ett respektfullt bem\u00f6tande, tydliga f\u00f6rv\u00e4ntningar och ett klimat d\u00e4r alla k\u00e4nner sig sedda och inkluderade.<\/p>\n\n\n\n\t<style>\n\t\t.inner {\n\n\t\t\tmargin: 0 auto;\n\n\n\t\t}\n\t<\/style>\n\t<div\n\t\t class=\"container images-module\" >\n\t\t<div class=\"row images_module__slideshow\">\n\n\t\t\t<div\n\t\t\t\t\tclass=\"col-md-12 p-0 position-relative images_module__slideshow images_module__slideshow-container  \">\n\t\t\t\t<div class=\"images_module__slide\" data-slide=\"\"\n\t\t\t\t\t data-duration=\"\"><\/div>\n\t\t\t\t\t\t\t\t\t<div\n\t\t\t\t\t\t class=\"images_module__slides\n\n\t\t\t\t\t   \"\n\t\t\t\t\t>\n\n\t\t\t\t\t\t<div class=\"images__wrapper\" style=\"aspect-ratio: 851 \/ 851;\">\n\t\t\t\t\t\t\t<img decoding=\"async\" width=\"480\" height=\"640\" src=\"https:\/\/vittra.se\/wp-content\/uploads\/sites\/12\/2025\/10\/img0996.jpg\" class=\"images__image_ratio  \" alt=\"portr\u00e4ttbild\" style=\"aspect-ratio: 851 \/ 851;object-position: center center;\" srcset=\"https:\/\/vittra.se\/wp-content\/uploads\/sites\/12\/2025\/10\/img0996.jpg 480w, https:\/\/vittra.se\/wp-content\/uploads\/sites\/12\/2025\/10\/img0996-300x400.jpg 300w, https:\/\/vittra.se\/wp-content\/uploads\/sites\/12\/2025\/10\/img0996-400x533.jpg 400w\" sizes=\"(max-width: 480px) 100vw, 480px\" \/>\t\t\t\t\t\t<\/div>\n\t\t\t\t\t\t\n\n\t\t\t\t\t\t\t\t\t\t\t<\/div>\n\t\t\t\t\n\t\t\t\t<div class=\"images_module__container_dot\">\n\t\t\t\t\t<div style=\"text-align:center\">\n\n\n\t\t\t\t\t\t\t\t\t\t\t\t\t<span   data-i=\"0\"\n\t\t\t\t\t\t\t\t  class=\"\n\t\t\t\t\t\t\timages_module__dot\n\t\t\t\t\t\t\t\t\t\t\t\t\t\t\"\n\t\t\t\t\t\t\t><\/span>\n\t\t\t\t\t\t\t\t\t\t\t<\/div>\n\t\t\t\t<\/div>\n\n\n\t\t\t<\/div>\n\t\t<\/div>\n\t<\/div>\n\n\t\n\n\n<script>\n\tvar images_display_descriptive_text = \"\";\n<\/script>\n\n\n\n<h2 class=\"wp-block-heading\"><em>Stefan Hult<\/em> \u2013 Pedagog p\u00e5 h\u00f6gstadiet<\/h2>\n\n\n\n<h3 class=\"wp-block-heading\">Vilken Vittraf\u00f6rm\u00e5ga brukar engagera eleverna mest, och varf\u00f6r tror du att det \u00e4r s\u00e5?<\/h3>\n\n\n\n<p>Samarbete \u00e4r nog den Vittraf\u00f6rm\u00e5ga som eleverna ser som mest naturlig att jobba med d\u00e4r de ocks\u00e5 kan bidra med, utan pekpinnar. Den blir konkret i stunden p\u00e5 ett s\u00e4tt som \u00f6vriga f\u00f6rm\u00e5gor inte blir. Jag tror ocks\u00e5 att det framf\u00f6rallt beror p\u00e5 att det inneb\u00e4r ett socialt utbyte med andra p\u00e5 olika s\u00e4tt. Det vanligaste exemplet i vardagen \u00e4r grupparbeten i olika \u00e4mnen vilket sker fr\u00e5n tidig tid i skolan. Erfarenheten att grupparbete b\u00e5de kan vara lyckosamt och konfliktfyllt \u00e4r till exempel ofta med under utvecklingssamtalen, s\u00e5 det \u00e4r n\u00e5got som engagerar. Samarbete inneb\u00e4r chansen att f\u00e5 k\u00e4nna samh\u00f6righet kring n\u00e5got, vilket alltid \u00e4r viktigt men kanske speciellt f\u00f6r ungdomar i sammanhang och milj\u00f6er med andra ungdomar.<\/p>\n\n\n\n<h3 class=\"wp-block-heading\">Vad \u00e4r det b\u00e4sta med att jobba p\u00e5 h\u00f6gstadiet?<\/h3>\n\n\n\n<p>F\u00f6r mig \u00e4r det b\u00e4sta att f\u00e5 f\u00f6lja unga m\u00e4nniskor i skarven mellan att vara barn och den f\u00f6rsta vuxenutvecklingen. Att samtala med eleverna i \u00e5k 7 och sedan i slutet av \u00e5k 9 &#8211; det har h\u00e4nt s\u00e5 oerh\u00f6rt mycket under de \u00e5ren som \u00e4r s\u00e5 h\u00e4ftigt att f\u00e5 vara en del av. Det g\u00e4ller kunskapsutvecklingen, men f\u00f6r mig framf\u00f6rallt den personliga och sociala utvecklingen, att hitta sig sj\u00e4lv inf\u00f6r n\u00e4sta steg &#8211; gymnasiet.<\/p>\n\n\n\n<h3 class=\"wp-block-heading\">Vad hoppas du att eleverna tar med sig efter sin tid p\u00e5 Vittra?<\/h3>\n\n\n\n<p>Vittra pr\u00e4glas f\u00f6r mig av en n\u00e4ra och direkt relation mellan elever och pedagoger, elever och elever samt pedagoger och pedagoger. Jag hoppas att de med hj\u00e4lp av den erfarenheten tar med sig insikten och kunskapen att de kan p\u00e5verka sig sj\u00e4lva och sin omgivning genom att skapa goda relationer med andra och p\u00e5 s\u00e5 s\u00e4tt kunna n\u00e5 dit man vill komma.<\/p>\n\n\n\n\t<style>\n\t\t.inner {\n\n\t\t\tmargin: 0 auto;\n\n\n\t\t}\n\t<\/style>\n\t<div\n\t\t class=\"container images-module\" >\n\t\t<div class=\"row images_module__slideshow\">\n\n\t\t\t<div\n\t\t\t\t\tclass=\"col-md-12 p-0 position-relative images_module__slideshow images_module__slideshow-container  \">\n\t\t\t\t<div class=\"images_module__slide\" data-slide=\"\"\n\t\t\t\t\t data-duration=\"\"><\/div>\n\t\t\t\t\t\t\t\t\t<div\n\t\t\t\t\t\t class=\"images_module__slides\n\n\t\t\t\t\t   \"\n\t\t\t\t\t>\n\n\t\t\t\t\t\t<div class=\"images__wrapper\" style=\"aspect-ratio: 851 \/ 851;\">\n\t\t\t\t\t\t\t<img decoding=\"async\" width=\"400\" height=\"600\" src=\"https:\/\/vittra.se\/wp-content\/uploads\/sites\/12\/2020\/10\/stefan-hult.jpg\" class=\"images__image_ratio  \" alt=\"\" style=\"aspect-ratio: 851 \/ 851;object-position: center center;\" srcset=\"https:\/\/vittra.se\/wp-content\/uploads\/sites\/12\/2020\/10\/stefan-hult.jpg 400w, https:\/\/vittra.se\/wp-content\/uploads\/sites\/12\/2020\/10\/stefan-hult-200x300.jpg 200w, https:\/\/vittra.se\/wp-content\/uploads\/sites\/12\/2020\/10\/stefan-hult-153x229.jpg 153w, https:\/\/vittra.se\/wp-content\/uploads\/sites\/12\/2020\/10\/stefan-hult-340x510.jpg 340w\" sizes=\"(max-width: 400px) 100vw, 400px\" \/>\t\t\t\t\t\t<\/div>\n\t\t\t\t\t\t\n\n\t\t\t\t\t\t\t\t\t\t\t<\/div>\n\t\t\t\t\n\t\t\t\t<div class=\"images_module__container_dot\">\n\t\t\t\t\t<div style=\"text-align:center\">\n\n\n\t\t\t\t\t\t\t\t\t\t\t\t\t<span   data-i=\"0\"\n\t\t\t\t\t\t\t\t  class=\"\n\t\t\t\t\t\t\timages_module__dot\n\t\t\t\t\t\t\t\t\t\t\t\t\t\t\"\n\t\t\t\t\t\t\t><\/span>\n\t\t\t\t\t\t\t\t\t\t\t<\/div>\n\t\t\t\t<\/div>\n\n\n\t\t\t<\/div>\n\t\t<\/div>\n\t<\/div>\n\n\t\n\n\n<script>\n\tvar images_display_descriptive_text = \"\";\n<\/script>\n<\/div>\n","protected":false},"template":"","article_category":[4,74],"yoast_head":"<!-- This site is optimized with the Yoast SEO plugin v22.0 - https:\/\/yoast.com\/wordpress\/plugins\/seo\/ -->\n<title>L\u00e4r k\u00e4nna v\u00e5ra pedagoger | Vittra Kronhusparken<\/title>\n<meta name=\"description\" content=\"L\u00e4r k\u00e4nna v\u00e5ra pedagoger och l\u00e4rare p\u00e5 Vittra Kronhusparken! Vad motiverar dem mest och hur uppmuntrar de till nyfikenhet och kreativitet?\" \/>\n<meta name=\"robots\" content=\"index, follow, max-snippet:-1, max-image-preview:large, max-video-preview:-1\" \/>\n<link rel=\"canonical\" href=\"https:\/\/vittra.se\/kronhusparken\/artikel\/pedagoger\/\" \/>\n<meta property=\"og:locale\" content=\"sv_SE\" \/>\n<meta property=\"og:type\" content=\"article\" \/>\n<meta property=\"og:title\" content=\"L\u00e4r k\u00e4nna v\u00e5ra pedagoger | Vittra Kronhusparken\" \/>\n<meta property=\"og:description\" content=\"L\u00e4r k\u00e4nna v\u00e5ra pedagoger och l\u00e4rare p\u00e5 Vittra Kronhusparken! Vad motiverar dem mest och hur uppmuntrar de till nyfikenhet och kreativitet?\" \/>\n<meta property=\"og:url\" content=\"https:\/\/vittra.se\/kronhusparken\/artikel\/pedagoger\/\" \/>\n<meta property=\"og:site_name\" content=\"Kronhusparken\" \/>\n<meta property=\"article:modified_time\" content=\"2025-12-03T15:02:33+00:00\" \/>\n<meta name=\"twitter:card\" content=\"summary_large_image\" \/>\n<meta name=\"twitter:title\" content=\"L\u00e4r k\u00e4nna v\u00e5ra pedagoger | Vittra Kronhusparken\" \/>\n<meta name=\"twitter:description\" content=\"L\u00e4r k\u00e4nna v\u00e5ra pedagoger och l\u00e4rare p\u00e5 Vittra Kronhusparken! Vad motiverar dem mest och hur uppmuntrar de till nyfikenhet och kreativitet?\" \/>\n<meta name=\"twitter:image\" content=\"https:\/\/vittra.se\/wp-content\/uploads\/sites\/12\/2025\/10\/img0996-480x630.jpg\" \/>\n<meta name=\"twitter:label1\" content=\"Ber\u00e4knad l\u00e4stid\" \/>\n\t<meta name=\"twitter:data1\" content=\"3 minuter\" \/>\n<script type=\"application\/ld+json\" class=\"yoast-schema-graph\">{\"@context\":\"https:\/\/schema.org\",\"@graph\":[{\"@type\":\"WebPage\",\"@id\":\"https:\/\/vittra.se\/kronhusparken\/artikel\/pedagoger\/\",\"url\":\"https:\/\/vittra.se\/kronhusparken\/artikel\/pedagoger\/\",\"name\":\"L\u00e4r k\u00e4nna v\u00e5ra pedagoger | Vittra Kronhusparken\",\"isPartOf\":{\"@id\":\"https:\/\/vittra.se\/kronhusparken\/#website\"},\"datePublished\":\"2025-11-26T10:32:21+00:00\",\"dateModified\":\"2025-12-03T15:02:33+00:00\",\"description\":\"L\u00e4r k\u00e4nna v\u00e5ra pedagoger och l\u00e4rare p\u00e5 Vittra Kronhusparken! Vad motiverar dem mest och hur uppmuntrar de till nyfikenhet och kreativitet?\",\"breadcrumb\":{\"@id\":\"https:\/\/vittra.se\/kronhusparken\/artikel\/pedagoger\/#breadcrumb\"},\"inLanguage\":\"sv-SE\",\"potentialAction\":[{\"@type\":\"ReadAction\",\"target\":[\"https:\/\/vittra.se\/kronhusparken\/artikel\/pedagoger\/\"]}]},{\"@type\":\"BreadcrumbList\",\"@id\":\"https:\/\/vittra.se\/kronhusparken\/artikel\/pedagoger\/#breadcrumb\",\"itemListElement\":[{\"@type\":\"ListItem\",\"position\":1,\"name\":\"Start\",\"item\":\"https:\/\/vittra.se\/kronhusparken\"},{\"@type\":\"ListItem\",\"position\":2,\"name\":\"Artikel\"}]},{\"@type\":\"WebSite\",\"@id\":\"https:\/\/vittra.se\/kronhusparken\/#website\",\"url\":\"https:\/\/vittra.se\/kronhusparken\/\",\"name\":\"Kronhusparken\",\"description\":\"Kunskap att f\u00f6r\u00e4ndra. Mod att p\u00e5verka.\",\"potentialAction\":[{\"@type\":\"SearchAction\",\"target\":{\"@type\":\"EntryPoint\",\"urlTemplate\":\"https:\/\/vittra.se\/kronhusparken\/?s={search_term_string}\"},\"query-input\":\"required name=search_term_string\"}],\"inLanguage\":\"sv-SE\"}]}<\/script>\n<!-- \/ Yoast SEO plugin. -->","yoast_head_json":{"title":"L\u00e4r k\u00e4nna v\u00e5ra pedagoger | Vittra Kronhusparken","description":"L\u00e4r k\u00e4nna v\u00e5ra pedagoger och l\u00e4rare p\u00e5 Vittra Kronhusparken! Vad motiverar dem mest och hur uppmuntrar de till nyfikenhet och kreativitet?","robots":{"index":"index","follow":"follow","max-snippet":"max-snippet:-1","max-image-preview":"max-image-preview:large","max-video-preview":"max-video-preview:-1"},"canonical":"https:\/\/vittra.se\/kronhusparken\/artikel\/pedagoger\/","og_locale":"sv_SE","og_type":"article","og_title":"L\u00e4r k\u00e4nna v\u00e5ra pedagoger | Vittra Kronhusparken","og_description":"L\u00e4r k\u00e4nna v\u00e5ra pedagoger och l\u00e4rare p\u00e5 Vittra Kronhusparken! Vad motiverar dem mest och hur uppmuntrar de till nyfikenhet och kreativitet?","og_url":"https:\/\/vittra.se\/kronhusparken\/artikel\/pedagoger\/","og_site_name":"Kronhusparken","article_modified_time":"2025-12-03T15:02:33+00:00","twitter_card":"summary_large_image","twitter_title":"L\u00e4r k\u00e4nna v\u00e5ra pedagoger | Vittra Kronhusparken","twitter_description":"L\u00e4r k\u00e4nna v\u00e5ra pedagoger och l\u00e4rare p\u00e5 Vittra Kronhusparken! Vad motiverar dem mest och hur uppmuntrar de till nyfikenhet och kreativitet?","twitter_image":"https:\/\/vittra.se\/wp-content\/uploads\/sites\/12\/2025\/10\/img0996-480x630.jpg","twitter_misc":{"Ber\u00e4knad l\u00e4stid":"3 minuter"},"schema":{"@context":"https:\/\/schema.org","@graph":[{"@type":"WebPage","@id":"https:\/\/vittra.se\/kronhusparken\/artikel\/pedagoger\/","url":"https:\/\/vittra.se\/kronhusparken\/artikel\/pedagoger\/","name":"L\u00e4r k\u00e4nna v\u00e5ra pedagoger | Vittra Kronhusparken","isPartOf":{"@id":"https:\/\/vittra.se\/kronhusparken\/#website"},"datePublished":"2025-11-26T10:32:21+00:00","dateModified":"2025-12-03T15:02:33+00:00","description":"L\u00e4r k\u00e4nna v\u00e5ra pedagoger och l\u00e4rare p\u00e5 Vittra Kronhusparken! Vad motiverar dem mest och hur uppmuntrar de till nyfikenhet och kreativitet?","breadcrumb":{"@id":"https:\/\/vittra.se\/kronhusparken\/artikel\/pedagoger\/#breadcrumb"},"inLanguage":"sv-SE","potentialAction":[{"@type":"ReadAction","target":["https:\/\/vittra.se\/kronhusparken\/artikel\/pedagoger\/"]}]},{"@type":"BreadcrumbList","@id":"https:\/\/vittra.se\/kronhusparken\/artikel\/pedagoger\/#breadcrumb","itemListElement":[{"@type":"ListItem","position":1,"name":"Start","item":"https:\/\/vittra.se\/kronhusparken"},{"@type":"ListItem","position":2,"name":"Artikel"}]},{"@type":"WebSite","@id":"https:\/\/vittra.se\/kronhusparken\/#website","url":"https:\/\/vittra.se\/kronhusparken\/","name":"Kronhusparken","description":"Kunskap att f\u00f6r\u00e4ndra. Mod att p\u00e5verka.","potentialAction":[{"@type":"SearchAction","target":{"@type":"EntryPoint","urlTemplate":"https:\/\/vittra.se\/kronhusparken\/?s={search_term_string}"},"query-input":"required name=search_term_string"}],"inLanguage":"sv-SE"}]}},"_links":{"self":[{"href":"https:\/\/vittra.se\/kronhusparken\/wp-json\/wp\/v2\/article\/1430"}],"collection":[{"href":"https:\/\/vittra.se\/kronhusparken\/wp-json\/wp\/v2\/article"}],"about":[{"href":"https:\/\/vittra.se\/kronhusparken\/wp-json\/wp\/v2\/types\/article"}],"wp:attachment":[{"href":"https:\/\/vittra.se\/kronhusparken\/wp-json\/wp\/v2\/media?parent=1430"}],"wp:term":[{"taxonomy":"article_category","embeddable":true,"href":"https:\/\/vittra.se\/kronhusparken\/wp-json\/wp\/v2\/article_category?post=1430"}],"curies":[{"name":"wp","href":"https:\/\/api.w.org\/{rel}","templated":true}]}}