{"id":1788,"date":"2026-04-17T16:48:48","date_gmt":"2026-04-17T14:48:48","guid":{"rendered":"https:\/\/vittra.se\/jakobsberg\/?post_type=article&#038;p=1788"},"modified":"2026-04-17T16:48:57","modified_gmt":"2026-04-17T14:48:57","slug":"elevroster","status":"publish","type":"article","link":"https:\/\/vittra.se\/jakobsberg\/artikel\/elevroster\/","title":{"rendered":"Elevr\u00f6ster"},"content":{"rendered":"\n<div class=\"wp-block-group is-layout-constrained wp-container-core-group-layout-1 wp-block-group-is-layout-constrained\">\n<h1 class=\"wp-block-heading\">M\u00f6t v\u00e5ra elever p\u00e5 Vittra Jakobsberg<\/h1>\n\n\n\n<p   class=\"site__ingress container text-left  site__text-color--dark  site__free_text--ingress p-0\">\n\tHur \u00e4r det egentligen att g\u00e5 p\u00e5 Vittra? H\u00e4r ber\u00e4ttar v\u00e5ra elever om sin vardag, vad de tycker om att g\u00f6ra p\u00e5 skolan och hur de ser p\u00e5 framtiden.<\/p>\n\n\n\n\n\n<h2 class=\"wp-block-heading\"><em>Valeria<\/em>, F\u00f6rskoleklass<\/h2>\n\n\n\n<h3 class=\"wp-block-heading\">Vad tycker du \u00e4r roligast att g\u00f6ra p\u00e5 din skola?<\/h3>\n\n\n\n<p>Att jobba i min matematikbok. F\u00f6r det \u00e4r bra och det \u00e4r inte s\u00e5 m\u00e5nga sidor s\u00e5 jag blir inte tr\u00f6tt i handen. Jag vill ocks\u00e5 l\u00e4ra mig att kl\u00e4ttra i tr\u00e4d f\u00f6r jag \u00e4r inte s\u00e5 bra p\u00e5 det.<\/p>\n\n\n\n<h2 class=\"wp-block-heading\">Vad g\u00f6r l\u00e4rarna som du tycker \u00e4r bra h\u00e4r?<\/h2>\n\n\n\n<p>Om n\u00e5gon g\u00f6r n\u00e5got dumt mot n\u00e5gon kompis s\u00e5 s\u00e4ger dom till<\/p>\n\n\n\n<h2 class=\"wp-block-heading\">Vad g\u00f6r ni i klassen f\u00f6r att alla ska k\u00e4nna sig glada och vilja vara med?<\/h2>\n\n\n\n<p>Om man blir ledsen s\u00e5 s\u00e4ger man till s\u00e5 det inte blir s\u00e5 igen. Jag kan tr\u00f6sta en kompis om n\u00e5gon \u00e4r ledsen.<\/p>\n\n\n\n\n<figure  class=\"ams-media l-container l-stack l-stack-2xs u-pt-fluid-md-xl u-pb-fluid-md-xl is-left is-left@md\"  style=\"--width-desktop: 550px;\">\n\t\t\t\t\t<img decoding=\"async\" width=\"400\" height=\"600\" src=\"https:\/\/vittra.se\/wp-content\/uploads\/sites\/11\/2026\/04\/valeria-forskoleklass.jpg\" class=\"ams-media__image u-ratio-portrait u-radius-square\" alt=\"\" sizes=\"(max-width: 400px) 100vw, 400px\" srcset=\"https:\/\/vittra.se\/wp-content\/uploads\/sites\/11\/2026\/04\/valeria-forskoleklass.jpg 400w, https:\/\/vittra.se\/wp-content\/uploads\/sites\/11\/2026\/04\/valeria-forskoleklass-300x450.jpg 300w\" \/>\n\t\t\n\t\n\t<\/figure>\n\n\n\n<h2 class=\"wp-block-heading\"><em>Benin<\/em>, \u00c5rskurs 4<\/h2>\n\n\n\n<h2 class=\"wp-block-heading\">Vad \u00e4r det b\u00e4sta med att g\u00e5 p\u00e5 din skola?<\/h2>\n\n\n\n<p>Att det \u00e4r sn\u00e4lla l\u00e4rare och att det \u00e4r mycket b\u00e4ttre regler h\u00e4r \u00e4n p\u00e5 min andra skola. Alla p\u00e5 skolan \u00e4r sn\u00e4lla och man l\u00e4r sig mycket mer h\u00e4r. Det b\u00e4sta \u00e4r ocks\u00e5 mina v\u00e4nner och jag l\u00e4r mig p\u00e5 ett mycket b\u00e4ttre s\u00e4tt \u00e4n innan. Ibland har vi dagar n\u00e4r vi \u00e4r tillsammans med yngre och \u00e4ldre elever. Det \u00e4r kul och jag k\u00e4nner mig trygg med alla. Jag trivs j\u00e4ttebra p\u00e5 min skola!<\/p>\n\n\n\n<h2 class=\"wp-block-heading\">N\u00e4r k\u00e4nner du dig stolt i skolan?<\/h2>\n\n\n\n<p>N\u00e4r jag klarar t ex prov bra och f\u00e5r ber\u00f6m. Jag \u00e4r stolt \u00f6ver att g\u00e5 i den h\u00e4r skolan och stolt \u00f6ver allting h\u00e4r men det jag k\u00e4nner mig mest stolt \u00f6ver \u00e4r att man tar hand om eleverna p\u00e5 ett bra s\u00e4tt. De vuxna vill att barnen ska f\u00e5 l\u00e4ra sig s\u00e5 mycket som m\u00f6jligt och alla vuxna \u00e4r sn\u00e4lla bryr sig j\u00e4ttemycket om eleverna.<\/p>\n\n\n\n<h2 class=\"wp-block-heading\">Finns det n\u00e5got du har l\u00e4rt dig i skolan som du ocks\u00e5 g\u00f6r\/anv\u00e4nder hemma?<\/h2>\n\n\n\n<p>Idrott och h\u00e4lsa i skolan \u00e4r viktigt och det \u00e4r jag glad att jag f\u00e5r g\u00f6ra. Svenska och matte \u00e4r j\u00e4ttebra att kunna. Att kunna st\u00e5 upp f\u00f6r sig sj\u00e4lv, att bry sig om och respektera andra \u00e4r viktigt och det pratar vi mycket om p\u00e5 skolan.<\/p>\n\n\n\n\n<figure  class=\"ams-media l-container l-stack l-stack-2xs u-pt-fluid-md-xl u-pb-fluid-md-xl is-left is-left@md\"  style=\"--width-desktop: 550px;\">\n\t\t\t\t\t<img decoding=\"async\" width=\"400\" height=\"600\" src=\"https:\/\/vittra.se\/wp-content\/uploads\/sites\/11\/2026\/04\/benin-arskurs-4.jpg\" class=\"ams-media__image u-ratio-portrait u-radius-square\" alt=\"\" sizes=\"(max-width: 400px) 100vw, 400px\" srcset=\"https:\/\/vittra.se\/wp-content\/uploads\/sites\/11\/2026\/04\/benin-arskurs-4.jpg 400w, https:\/\/vittra.se\/wp-content\/uploads\/sites\/11\/2026\/04\/benin-arskurs-4-300x450.jpg 300w\" \/>\n\t\t\n\t\n\t<\/figure>\n\n\n\n<h2 class=\"wp-block-heading\">Maria, \u00c5rskurs 8<\/h2>\n\n\n\n<h2 class=\"wp-block-heading\">Hur skulle du beskriva din skola f\u00f6r n\u00e5gon som inte g\u00e5r h\u00e4r?<\/h2>\n\n\n\n<p>Jag skulle beskriva Vittra som ett v\u00e4ldigt tryggt och bra st\u00e4lle f\u00f6r eleverna d\u00e4r man f\u00e5r vara sig sj\u00e4lv. L\u00e4rarna bryr sig om eleverna och f\u00f6rs\u00f6ker hj\u00e4lpa oss att lyckas och n\u00e5 v\u00e5rt m\u00e5l. Det finns bra samarbete mellan l\u00e4rarna och eleverna, vilket g\u00f6r milj\u00f6n tryggare. Det finns ganska bra samarbete mellan eleverna ocks\u00e5, vilket inneb\u00e4r att man l\u00e4r k\u00e4nna fler och skolan k\u00e4nns mer \u00f6ppen.<\/p>\n\n\n\n<h2 class=\"wp-block-heading\">Hur har du utvecklats under din tid p\u00e5 skolan?<\/h2>\n\n\n\n<p>Under min tid i Vittra tycker jag att jag har l\u00e4rt mig att ta b\u00e4ttre ansvar f\u00f6r mitt arbete och planera mina uppgifter. Jag har utvecklats b\u00e5de i skolan men ocks\u00e5 som person. Jag har l\u00e4rt mig att st\u00e4lla fr\u00e5gor n\u00e4r jag inte f\u00f6rst\u00e5r, att samarbeta med andra och att f\u00f6rs\u00f6ka g\u00f6ra mitt b\u00e4sta, \u00e4ven n\u00e4r n\u00e5got k\u00e4nns sv\u00e5rt.<\/p>\n\n\n\n<h2 class=\"wp-block-heading\">Utifr\u00e5n det du har l\u00e4rt dig i skolan, vad tror du att du alltid kommer komma ih\u00e5g i framtiden?<\/h2>\n\n\n\n<p>Jag tror att jag kommer mest komma ih\u00e5g hur viktigt det \u00e4r att kunna kommunicera och samarbeta med andra. Jag har ocks\u00e5 l\u00e4rt mig att misstag \u00e4r inte n\u00e5got speciellt d\u00e5ligt, utan \u00e4r n\u00e5got som man l\u00e4r sig av. Det kommer jag absolut ta med mig i framtiden.<\/p>\n\n\n\n\n<figure  class=\"ams-media l-container l-stack l-stack-2xs u-pt-fluid-md-xl u-pb-fluid-md-xl is-left is-left@md\"  style=\"--width-desktop: 550px;\">\n\t\t\t\t\t<img decoding=\"async\" width=\"400\" height=\"600\" src=\"https:\/\/vittra.se\/wp-content\/uploads\/sites\/11\/2026\/04\/maria-arskurs-8.jpg\" class=\"ams-media__image u-ratio-portrait u-radius-square\" alt=\"\" sizes=\"(max-width: 400px) 100vw, 400px\" srcset=\"https:\/\/vittra.se\/wp-content\/uploads\/sites\/11\/2026\/04\/maria-arskurs-8.jpg 400w, https:\/\/vittra.se\/wp-content\/uploads\/sites\/11\/2026\/04\/maria-arskurs-8-300x450.jpg 300w\" \/>\n\t\t\n\t\n\t<\/figure>\n<\/div>\n","protected":false},"template":"","article_category":[4,17],"yoast_head":"<!-- This site is optimized with the Yoast SEO plugin v22.0 - https:\/\/yoast.com\/wordpress\/plugins\/seo\/ -->\n<title>Jakobsberg<\/title>\n<meta name=\"robots\" content=\"index, follow, max-snippet:-1, max-image-preview:large, max-video-preview:-1\" \/>\n<link rel=\"canonical\" href=\"https:\/\/vittra.se\/jakobsberg\/artikel\/elevroster\/\" \/>\n<meta property=\"og:locale\" content=\"sv_SE\" \/>\n<meta property=\"og:type\" content=\"article\" \/>\n<meta property=\"og:url\" content=\"https:\/\/vittra.se\/jakobsberg\/artikel\/elevroster\/\" \/>\n<meta property=\"og:site_name\" content=\"Jakobsberg\" \/>\n<meta property=\"article:modified_time\" content=\"2026-04-17T14:48:57+00:00\" \/>\n<meta name=\"twitter:card\" content=\"summary_large_image\" \/>\n<meta name=\"twitter:label1\" content=\"Ber\u00e4knad l\u00e4stid\" \/>\n\t<meta name=\"twitter:data1\" content=\"3 minuter\" \/>\n<script type=\"application\/ld+json\" class=\"yoast-schema-graph\">{\"@context\":\"https:\/\/schema.org\",\"@graph\":[{\"@type\":\"WebPage\",\"@id\":\"https:\/\/vittra.se\/jakobsberg\/artikel\/elevroster\/\",\"url\":\"https:\/\/vittra.se\/jakobsberg\/artikel\/elevroster\/\",\"name\":\"Elevr\u00f6ster - Jakobsberg\",\"isPartOf\":{\"@id\":\"https:\/\/vittra.se\/jakobsberg\/#website\"},\"datePublished\":\"2026-04-17T14:48:48+00:00\",\"dateModified\":\"2026-04-17T14:48:57+00:00\",\"breadcrumb\":{\"@id\":\"https:\/\/vittra.se\/jakobsberg\/artikel\/elevroster\/#breadcrumb\"},\"inLanguage\":\"sv-SE\",\"potentialAction\":[{\"@type\":\"ReadAction\",\"target\":[\"https:\/\/vittra.se\/jakobsberg\/artikel\/elevroster\/\"]}]},{\"@type\":\"BreadcrumbList\",\"@id\":\"https:\/\/vittra.se\/jakobsberg\/artikel\/elevroster\/#breadcrumb\",\"itemListElement\":[{\"@type\":\"ListItem\",\"position\":1,\"name\":\"Start\",\"item\":\"https:\/\/vittra.se\/jakobsberg\"},{\"@type\":\"ListItem\",\"position\":2,\"name\":\"Artikel\"}]},{\"@type\":\"WebSite\",\"@id\":\"https:\/\/vittra.se\/jakobsberg\/#website\",\"url\":\"https:\/\/vittra.se\/jakobsberg\/\",\"name\":\"Jakobsberg\",\"description\":\"Kunskap att f\u00f6r\u00e4ndra. Mod att p\u00e5verka.\",\"potentialAction\":[{\"@type\":\"SearchAction\",\"target\":{\"@type\":\"EntryPoint\",\"urlTemplate\":\"https:\/\/vittra.se\/jakobsberg\/?s={search_term_string}\"},\"query-input\":\"required name=search_term_string\"}],\"inLanguage\":\"sv-SE\"}]}<\/script>\n<!-- \/ Yoast SEO plugin. -->","yoast_head_json":{"title":"Jakobsberg","robots":{"index":"index","follow":"follow","max-snippet":"max-snippet:-1","max-image-preview":"max-image-preview:large","max-video-preview":"max-video-preview:-1"},"canonical":"https:\/\/vittra.se\/jakobsberg\/artikel\/elevroster\/","og_locale":"sv_SE","og_type":"article","og_url":"https:\/\/vittra.se\/jakobsberg\/artikel\/elevroster\/","og_site_name":"Jakobsberg","article_modified_time":"2026-04-17T14:48:57+00:00","twitter_card":"summary_large_image","twitter_misc":{"Ber\u00e4knad l\u00e4stid":"3 minuter"},"schema":{"@context":"https:\/\/schema.org","@graph":[{"@type":"WebPage","@id":"https:\/\/vittra.se\/jakobsberg\/artikel\/elevroster\/","url":"https:\/\/vittra.se\/jakobsberg\/artikel\/elevroster\/","name":"Elevr\u00f6ster - Jakobsberg","isPartOf":{"@id":"https:\/\/vittra.se\/jakobsberg\/#website"},"datePublished":"2026-04-17T14:48:48+00:00","dateModified":"2026-04-17T14:48:57+00:00","breadcrumb":{"@id":"https:\/\/vittra.se\/jakobsberg\/artikel\/elevroster\/#breadcrumb"},"inLanguage":"sv-SE","potentialAction":[{"@type":"ReadAction","target":["https:\/\/vittra.se\/jakobsberg\/artikel\/elevroster\/"]}]},{"@type":"BreadcrumbList","@id":"https:\/\/vittra.se\/jakobsberg\/artikel\/elevroster\/#breadcrumb","itemListElement":[{"@type":"ListItem","position":1,"name":"Start","item":"https:\/\/vittra.se\/jakobsberg"},{"@type":"ListItem","position":2,"name":"Artikel"}]},{"@type":"WebSite","@id":"https:\/\/vittra.se\/jakobsberg\/#website","url":"https:\/\/vittra.se\/jakobsberg\/","name":"Jakobsberg","description":"Kunskap att f\u00f6r\u00e4ndra. Mod att p\u00e5verka.","potentialAction":[{"@type":"SearchAction","target":{"@type":"EntryPoint","urlTemplate":"https:\/\/vittra.se\/jakobsberg\/?s={search_term_string}"},"query-input":"required name=search_term_string"}],"inLanguage":"sv-SE"}]}},"_links":{"self":[{"href":"https:\/\/vittra.se\/jakobsberg\/wp-json\/wp\/v2\/article\/1788"}],"collection":[{"href":"https:\/\/vittra.se\/jakobsberg\/wp-json\/wp\/v2\/article"}],"about":[{"href":"https:\/\/vittra.se\/jakobsberg\/wp-json\/wp\/v2\/types\/article"}],"wp:attachment":[{"href":"https:\/\/vittra.se\/jakobsberg\/wp-json\/wp\/v2\/media?parent=1788"}],"wp:term":[{"taxonomy":"article_category","embeddable":true,"href":"https:\/\/vittra.se\/jakobsberg\/wp-json\/wp\/v2\/article_category?post=1788"}],"curies":[{"name":"wp","href":"https:\/\/api.w.org\/{rel}","templated":true}]}}