{"id":1708,"date":"2025-11-12T13:27:07","date_gmt":"2025-11-12T12:27:07","guid":{"rendered":"https:\/\/vittra.se\/jakobsberg\/?post_type=article&#038;p=1708"},"modified":"2025-11-12T13:27:38","modified_gmt":"2025-11-12T12:27:38","slug":"vittra-jakobsberg-ar-arets-hallbara-forskola","status":"publish","type":"article","link":"https:\/\/vittra.se\/jakobsberg\/artikel\/vittra-jakobsberg-ar-arets-hallbara-forskola\/","title":{"rendered":"Vittra Jakobsberg \u00e4r \u00c5rets h\u00e5llbara f\u00f6rskola"},"content":{"rendered":"\n<div class=\"wp-block-group is-layout-constrained wp-container-core-group-layout-1 wp-block-group-is-layout-constrained\">\n<h1 class=\"wp-block-heading\">Vittra Jakobsberg \u00e4r \u00c5rets h\u00e5llbara f\u00f6rskola<\/h1>\n\n\n\n<p   class=\"site__ingress container text-left  site__text-color--dark  site__free_text--ingress p-0\">\n\tVi p\u00e5 Vittra Jakobsberg \u00e4r stolta och glada \u00f6ver att ha utsetts till \u00c5rets h\u00e5llbara f\u00f6rskola 2025 av H\u00e5ll Sverige Rent \u2013 i konkurrens med \u00f6ver 750 f\u00f6rskolor, grundskolor och gymnasieskolor \u00f6ver hela landet.<\/p>\n\n\n\n\n\t<div\n\t\t class=\"module_wrapper container-fluid images-module\" >\n\t\t<div class=\"row\">\n\t\t\t<div\n\t\t\t\t\tclass=\"col-12 m-0 p-0 position-relative images_module__slideshow images_module__slideshow-container module-expand \">\n\n\t\t\t\t<div class=\"images_module__slide \" data-slide=\"\"\n\t\t\t\t\t data-duration=\"\"><\/div>\n\t\t\t\t\t\t\t\t\t<div\n\t\t\t\t\t\t class=\"images_module__slides \">\n\n\n\t\t\t\t\t\t<div class=\"images__wrapper\"\n\t\t\t\t\t\t\t style=\"aspect-ratio: 1200 \/ 531;\">\n\t\t\t\t\t\t\t<img decoding=\"async\" width=\"1550\" height=\"1054\" src=\"https:\/\/vittra.se\/wp-content\/uploads\/sites\/11\/2025\/11\/namnlos-design-43.png\" class=\"images__image_ratio  \" alt=\"Elever st\u00e5r med skyltar d\u00e4r det st\u00e5r: \u00c5rets h\u00e5llbara f\u00f6rskola. De str\u00e4cker upp h\u00e4nderna och ser glada ut.\" style=\"aspect-ratio: 1200 \/ 531;object-position: center center;\" srcset=\"https:\/\/vittra.se\/wp-content\/uploads\/sites\/11\/2025\/11\/namnlos-design-43.png 1550w, https:\/\/vittra.se\/wp-content\/uploads\/sites\/11\/2025\/11\/namnlos-design-43-300x204.png 300w, https:\/\/vittra.se\/wp-content\/uploads\/sites\/11\/2025\/11\/namnlos-design-43-400x272.png 400w, https:\/\/vittra.se\/wp-content\/uploads\/sites\/11\/2025\/11\/namnlos-design-43-600x408.png 600w, https:\/\/vittra.se\/wp-content\/uploads\/sites\/11\/2025\/11\/namnlos-design-43-800x544.png 800w, https:\/\/vittra.se\/wp-content\/uploads\/sites\/11\/2025\/11\/namnlos-design-43-1024x696.png 1024w, https:\/\/vittra.se\/wp-content\/uploads\/sites\/11\/2025\/11\/namnlos-design-43-1200x816.png 1200w\" sizes=\"(max-width: 1550px) 100vw, 1550px\" \/>\t\t\t\t\t\t<\/div>\n\n\t\t\t\t\t\t\n\t\t\t\t\t\t\t\t\t\t\t<\/div>\n\t\t\t\t\n\t\t\t\t<div class=\"images_module__container_dot \">\n\t\t\t\t\t<div style=\"text-align:center\">\n\t\t\t\t\t\t\t\t\t\t\t\t\t<span   data-i=\"0\"\n\t\t\t\t\t\t\t\t  class=\"images_module__dot\n\t\t\t\t\t\t\t\t\t\t\t\t\t  \"><\/span>\n\t\t\t\t\t\t\t\t\t\t\t<\/div>\n\t\t\t\t<\/div>\n\n\t\t\t<\/div>\n\t\t<\/div>\n\t<\/div>\n\n\n\t\n\n\n<script>\n\tvar images_display_descriptive_text = \"\";\n<\/script>\n\n\n\n<div style=\"height:12px\" aria-hidden=\"true\" class=\"wp-block-spacer\"><\/div>\n\n\n\n<p>Utm\u00e4rkelsen \u00e4r ett erk\u00e4nnande av v\u00e5rt arbete med att g\u00f6ra h\u00e5llbarhet till en naturlig del av varje dag p\u00e5 f\u00f6rskolan. Genom \u00e5terbruksprojekt tillsammans med ett \u00e4ldreboende, initiativ f\u00f6r att minska matsvinn och h\u00e4lsofr\u00e4mjande aktiviteter l\u00e5ter vi barnens id\u00e9er, nyfikenhet och engagemang visa v\u00e4gen mot en mer h\u00e5llbar framtid<strong>. <\/strong><\/p>\n\n\n\n<p>\u2013 F\u00f6r oss \u00e4r h\u00e5llbarhet inte ett projekt vid sidan av, utan ett f\u00f6rh\u00e5llningss\u00e4tt som genomsyrar hela v\u00e5r verksamhet varje dag, tillsammans med barnen, s\u00e4ger Rebecka Bengtsson, f\u00f6rskoll\u00e4rare och ansvarig f\u00f6r Gr\u00f6n Flagg-processen p\u00e5 Vittra Jakobsberg.<\/p>\n\n\n\n<h3 class=\"wp-block-heading\">Hur jobbar ni med h\u00e5llbarhet i f\u00f6rskolan?<\/h3>\n\n\n\n<p>Sedan vi ansl\u00f6t oss till Gr\u00f6n Flagg, H\u00e5ll Sverige Rents utbildningsprogram och Sveriges st\u00f6rsta h\u00e5llbarhetscertifiering f\u00f6r skolor och f\u00f6rskolor, har vi arbetat systematiskt med tre utvecklingsomr\u00e5den: <strong>skr\u00e4p och avfall, livsstil och h\u00e4lsa, samt konsumtion och resurser.<\/strong> Arbetet \u00e4r n\u00e4ra kopplat till l\u00e4roplanen, de globala m\u00e5len och <strong>st\u00e4rker barnens f\u00f6rst\u00e5else f\u00f6r sin egen roll i en h\u00e5llbar v\u00e4rld.<\/strong><\/p>\n\n\n\n<p>&#8211; En del av v\u00e5rt arbete med  handlar om att l\u00e4ra sig om matsvinn. De \u00e4ldre barnen v\u00e4ger matsvinn dagligen och sorterar det i hinkar d\u00e4r det st\u00e5r \u201cJag blev m\u00e4tt\u201d, \u201cJag tyckte inte om\u201d eller \u201cJag hann inte\u201d. Det leder till reflektion, samtal och medvetna val. De yngre barnen har skapat \u201cKompostinas matsvinnstavla\u201d, d\u00e4r de med hj\u00e4lp av bildst\u00f6d dokumenterar om det blev matsvinn eller inte. I slutet av veckan r\u00e4knar de tillsammans hur m\u00e5nga dagar \u201cKompostina\u201d har varit glad, s\u00e4ger Rebecka Bengtsson.<\/p>\n\n\n\n<h3 class=\"wp-block-heading has-text-align-left\">Vad tycker barnen?<\/h3>\n\n\n\n<p>Barnen tycker att det roligaste i h\u00e5llbarhetsarbetet \u00e4r att plocka skr\u00e4p, eller \u201cr\u00e4dda naturen\u201d som de ocks\u00e5 s\u00e4ger. De tycker om att f\u00e5 vara med och p\u00e5verka, och springa olika lopp.&nbsp;<\/p>\n\n\n\n<p>&#8211; I Vittraloppet fick barnen r\u00f6sta p\u00e5 vilken organisation vi skulle samla in pengar till och valet blev Min Stora Dag. <strong>Det \u00e4r viktigt att barnen upplever att deras handlingar skapar faktisk f\u00f6r\u00e4ndring<\/strong>, s\u00e4ger Rebecka Bengtsson.&nbsp;<\/p>\n\n\n\n<h3 class=\"wp-block-heading\">Diplom och medaljer i naturmaterial<\/h3>\n\n\n\n<p>I samband med vinsten ig\u00e5r fick barnen delta i r\u00f6relseaktiviteter och det delades ut b\u00e5de diplom och medaljer av naturmaterial.&nbsp;<\/p>\n\n\n\n<p>&#8211; Alla barn, oavsett \u00e5lder, kan arbeta med h\u00e5llbarhet utifr\u00e5n sina f\u00f6ruts\u00e4ttningar. En framg\u00e5ngsfaktor i v\u00e5rt arbete har varit att vi som \u00e4r pedagoger \u00e4r n\u00e4rvarande, lyh\u00f6rda och planerar undervisningen utifr\u00e5n barnens intresse och nyfikenhet. Jag \u00e4r glad att hela v\u00e5r f\u00f6rskola med barn, pedagoger, ledning och v\u00e5rdnadshavare \u00e4r med p\u00e5 t\u00e5get. <strong>Vi har en helhetssyn och g\u00f6r skillnad tillsammans.<\/strong>&nbsp;<\/p>\n\n\n\n<h2 class=\"wp-block-heading\">Motiveringen fr\u00e5n H\u00e5ll Sverige Rent<\/h2>\n\n\n\n<p>Vittra Jakobsbergs f\u00f6rskola tilldelas priset \u00c5rets h\u00e5llbara f\u00f6rskola f\u00f6r ett kreativt och engagerande arbete d\u00e4r r\u00f6relse, milj\u00f6medvetenhet och resurshantering v\u00e4vs samman i en helhetssyn p\u00e5 h\u00e5llbar utveckling. Genom sitt arbete med Gr\u00f6n Flagg har f\u00f6rskolan skapat en l\u00e4randemilj\u00f6 d\u00e4r barnens id\u00e9er och nyfikenhet st\u00e5r i centrum, bland annat genom \u00e5terbruksprojekt, initiativ f\u00f6r att minska matsvinn och h\u00e4lsofr\u00e4mjande aktiviteter. F\u00f6r ett h\u00e5llbarhetsarbete som knyter an till l\u00e4roplanen och de Globala m\u00e5len och som st\u00e4rker barnens f\u00f6rst\u00e5else f\u00f6r sin f\u00f6rm\u00e5ga att bidra till en mer h\u00e5llbar v\u00e4rld.<\/p>\n<\/div>\n","protected":false},"template":"","article_category":[17],"yoast_head":"<!-- This site is optimized with the Yoast SEO plugin v22.0 - https:\/\/yoast.com\/wordpress\/plugins\/seo\/ -->\n<title>Jakobsberg<\/title>\n<meta name=\"robots\" content=\"index, follow, max-snippet:-1, max-image-preview:large, max-video-preview:-1\" \/>\n<link rel=\"canonical\" href=\"https:\/\/vittra.se\/jakobsberg\/artikel\/vittra-jakobsberg-ar-arets-hallbara-forskola\/\" \/>\n<meta property=\"og:locale\" content=\"sv_SE\" \/>\n<meta property=\"og:type\" content=\"article\" \/>\n<meta property=\"og:url\" content=\"https:\/\/vittra.se\/jakobsberg\/artikel\/vittra-jakobsberg-ar-arets-hallbara-forskola\/\" \/>\n<meta property=\"og:site_name\" content=\"Jakobsberg\" \/>\n<meta property=\"article:modified_time\" content=\"2025-11-12T12:27:38+00:00\" \/>\n<meta name=\"twitter:card\" content=\"summary_large_image\" \/>\n<meta name=\"twitter:image\" content=\"https:\/\/vittra.se\/wp-content\/uploads\/sites\/11\/2025\/11\/namnlos-design-43-1200x630.png\" \/>\n<meta name=\"twitter:label1\" content=\"Ber\u00e4knad l\u00e4stid\" \/>\n\t<meta name=\"twitter:data1\" content=\"3 minuter\" \/>\n<script type=\"application\/ld+json\" class=\"yoast-schema-graph\">{\"@context\":\"https:\/\/schema.org\",\"@graph\":[{\"@type\":\"WebPage\",\"@id\":\"https:\/\/vittra.se\/jakobsberg\/artikel\/vittra-jakobsberg-ar-arets-hallbara-forskola\/\",\"url\":\"https:\/\/vittra.se\/jakobsberg\/artikel\/vittra-jakobsberg-ar-arets-hallbara-forskola\/\",\"name\":\"Vittra Jakobsberg \u00e4r \u00c5rets h\u00e5llbara f\u00f6rskola - Jakobsberg\",\"isPartOf\":{\"@id\":\"https:\/\/vittra.se\/jakobsberg\/#website\"},\"datePublished\":\"2025-11-12T12:27:07+00:00\",\"dateModified\":\"2025-11-12T12:27:38+00:00\",\"breadcrumb\":{\"@id\":\"https:\/\/vittra.se\/jakobsberg\/artikel\/vittra-jakobsberg-ar-arets-hallbara-forskola\/#breadcrumb\"},\"inLanguage\":\"sv-SE\",\"potentialAction\":[{\"@type\":\"ReadAction\",\"target\":[\"https:\/\/vittra.se\/jakobsberg\/artikel\/vittra-jakobsberg-ar-arets-hallbara-forskola\/\"]}]},{\"@type\":\"BreadcrumbList\",\"@id\":\"https:\/\/vittra.se\/jakobsberg\/artikel\/vittra-jakobsberg-ar-arets-hallbara-forskola\/#breadcrumb\",\"itemListElement\":[{\"@type\":\"ListItem\",\"position\":1,\"name\":\"Start\",\"item\":\"https:\/\/vittra.se\/jakobsberg\"},{\"@type\":\"ListItem\",\"position\":2,\"name\":\"Artikel\"}]},{\"@type\":\"WebSite\",\"@id\":\"https:\/\/vittra.se\/jakobsberg\/#website\",\"url\":\"https:\/\/vittra.se\/jakobsberg\/\",\"name\":\"Jakobsberg\",\"description\":\"Kunskap att f\u00f6r\u00e4ndra. Mod att p\u00e5verka.\",\"potentialAction\":[{\"@type\":\"SearchAction\",\"target\":{\"@type\":\"EntryPoint\",\"urlTemplate\":\"https:\/\/vittra.se\/jakobsberg\/?s={search_term_string}\"},\"query-input\":\"required name=search_term_string\"}],\"inLanguage\":\"sv-SE\"}]}<\/script>\n<!-- \/ Yoast SEO plugin. -->","yoast_head_json":{"title":"Jakobsberg","robots":{"index":"index","follow":"follow","max-snippet":"max-snippet:-1","max-image-preview":"max-image-preview:large","max-video-preview":"max-video-preview:-1"},"canonical":"https:\/\/vittra.se\/jakobsberg\/artikel\/vittra-jakobsberg-ar-arets-hallbara-forskola\/","og_locale":"sv_SE","og_type":"article","og_url":"https:\/\/vittra.se\/jakobsberg\/artikel\/vittra-jakobsberg-ar-arets-hallbara-forskola\/","og_site_name":"Jakobsberg","article_modified_time":"2025-11-12T12:27:38+00:00","twitter_card":"summary_large_image","twitter_image":"https:\/\/vittra.se\/wp-content\/uploads\/sites\/11\/2025\/11\/namnlos-design-43-1200x630.png","twitter_misc":{"Ber\u00e4knad l\u00e4stid":"3 minuter"},"schema":{"@context":"https:\/\/schema.org","@graph":[{"@type":"WebPage","@id":"https:\/\/vittra.se\/jakobsberg\/artikel\/vittra-jakobsberg-ar-arets-hallbara-forskola\/","url":"https:\/\/vittra.se\/jakobsberg\/artikel\/vittra-jakobsberg-ar-arets-hallbara-forskola\/","name":"Vittra Jakobsberg \u00e4r \u00c5rets h\u00e5llbara f\u00f6rskola - Jakobsberg","isPartOf":{"@id":"https:\/\/vittra.se\/jakobsberg\/#website"},"datePublished":"2025-11-12T12:27:07+00:00","dateModified":"2025-11-12T12:27:38+00:00","breadcrumb":{"@id":"https:\/\/vittra.se\/jakobsberg\/artikel\/vittra-jakobsberg-ar-arets-hallbara-forskola\/#breadcrumb"},"inLanguage":"sv-SE","potentialAction":[{"@type":"ReadAction","target":["https:\/\/vittra.se\/jakobsberg\/artikel\/vittra-jakobsberg-ar-arets-hallbara-forskola\/"]}]},{"@type":"BreadcrumbList","@id":"https:\/\/vittra.se\/jakobsberg\/artikel\/vittra-jakobsberg-ar-arets-hallbara-forskola\/#breadcrumb","itemListElement":[{"@type":"ListItem","position":1,"name":"Start","item":"https:\/\/vittra.se\/jakobsberg"},{"@type":"ListItem","position":2,"name":"Artikel"}]},{"@type":"WebSite","@id":"https:\/\/vittra.se\/jakobsberg\/#website","url":"https:\/\/vittra.se\/jakobsberg\/","name":"Jakobsberg","description":"Kunskap att f\u00f6r\u00e4ndra. Mod att p\u00e5verka.","potentialAction":[{"@type":"SearchAction","target":{"@type":"EntryPoint","urlTemplate":"https:\/\/vittra.se\/jakobsberg\/?s={search_term_string}"},"query-input":"required name=search_term_string"}],"inLanguage":"sv-SE"}]}},"_links":{"self":[{"href":"https:\/\/vittra.se\/jakobsberg\/wp-json\/wp\/v2\/article\/1708"}],"collection":[{"href":"https:\/\/vittra.se\/jakobsberg\/wp-json\/wp\/v2\/article"}],"about":[{"href":"https:\/\/vittra.se\/jakobsberg\/wp-json\/wp\/v2\/types\/article"}],"wp:attachment":[{"href":"https:\/\/vittra.se\/jakobsberg\/wp-json\/wp\/v2\/media?parent=1708"}],"wp:term":[{"taxonomy":"article_category","embeddable":true,"href":"https:\/\/vittra.se\/jakobsberg\/wp-json\/wp\/v2\/article_category?post=1708"}],"curies":[{"name":"wp","href":"https:\/\/api.w.org\/{rel}","templated":true}]}}