{"id":1654,"date":"2025-12-03T16:02:14","date_gmt":"2025-12-03T15:02:14","guid":{"rendered":"https:\/\/vittra.se\/jakobsberg\/?post_type=article&#038;p=1654"},"modified":"2025-12-03T16:02:15","modified_gmt":"2025-12-03T15:02:15","slug":"pedagoger","status":"publish","type":"article","link":"https:\/\/vittra.se\/jakobsberg\/artikel\/pedagoger\/","title":{"rendered":"Pedagoger"},"content":{"rendered":"\n<div class=\"wp-block-group is-layout-constrained wp-container-core-group-layout-1 wp-block-group-is-layout-constrained\">\n<h1 class=\"wp-block-heading\">L\u00e4r k\u00e4nna v\u00e5ra pedagoger<\/h1>\n\n\n\n<p   class=\"site__ingress container text-left  site__text-color--dark  site__free_text--ingress p-0\">\n\tL\u00e4r k\u00e4nna v\u00e5ra pedagoger och l\u00e4rare lite b\u00e4ttre! Vad motiverar dem mest och hur uppmuntrar de till nyfikenhet och kreativitet? <\/p>\n\n\n\n\n\n<h2 class=\"wp-block-heading\">Rebecka Bengtsson \u2013 Pedagog p\u00e5 f\u00f6rskolan<\/h2>\n\n\n\n<h3 class=\"wp-block-heading\">Hur kombinerar man lek och undervisning i f\u00f6rskolan?<\/h3>\n\n\n\n<p>Jag utg\u00e5r alltid fr\u00e5n barnens intressen och nyfikenhet. Leken blir en naturlig del av undervisningen n\u00e4r vi pedagoger \u00e4r n\u00e4rvarande, lyh\u00f6rda och st\u00e4ller \u00f6ppna, nyfikna fr\u00e5gor. Till exempel i v\u00e5rt projekt om eld och Eldtrollet f\u00e5r barnen bygga egna eldar av naturmaterial, utforska f\u00e4rger eller ta sig an olika uppdrag som Eldtrollet beh\u00f6ver hj\u00e4lp med. <\/p>\n\n\n\n<h3 class=\"wp-block-heading\">Hur g\u00f6r du f\u00f6r att uppmuntra barnens nyfikenhet i vardagen?<\/h3>\n\n\n\n<p>Genom att f\u00f6lja barnens fr\u00e5gor och id\u00e9er kan vi prata om s\u00e4kerhet, naturens kretslopp och fenomenet eld p\u00e5 ett lekfullt och l\u00e4rorikt s\u00e4tt. Den planerade undervisningen utg\u00e5r alltid fr\u00e5n barnens reflektioner, behov och fr\u00e5gest\u00e4llningar, samtidigt som den har ett tydligt syfte och fokus p\u00e5 det gemensamma utforskandet. P\u00e5 s\u00e5 s\u00e4tt blir l\u00e4randet b\u00e5de meningsfullt och lustfyllt.<\/p>\n\n\n\n<h3 class=\"wp-block-heading\">Hur besvarar och uppmuntrar ni barnens nyfikenhet?<\/h3>\n\n\n\n<p>Jag uppmuntrar barnens nyfikenhet genom att st\u00e4lla \u00f6ppna, genuina fr\u00e5gor och lyssna p\u00e5 deras tankar. N\u00e4r barnen till exempel hittar ett brev fr\u00e5n Eldtrollet under ett \u00e4ventyr st\u00e4ller jag fr\u00e5gor som: \u201dHur tror ni att Eldtrollet vill att vi ska g\u00f6ra det h\u00e4r?\u201d eller \u201dVilka material beh\u00f6ver vi f\u00f6r att l\u00f6sa uppdraget?\u201d. Jag skapar milj\u00f6er som bjuder in till utforskande och ger barnen tid, utrymme och material som v\u00e4cker fr\u00e5gor, nyfikenhet och id\u00e9er. Genom att utg\u00e5 fr\u00e5n barnens egna reflektioner, exempelvis i projektet om de fyra elementen, f\u00e5r de m\u00f6jlighet att unders\u00f6ka och uppt\u00e4cka med alla sina sinnen.<\/p>\n\n\n\n<h3 class=\"wp-block-heading\">Vad \u00e4r det b\u00e4sta med att vara pedagog p\u00e5 just er f\u00f6rskola?<\/h3>\n\n\n\n<p>Det b\u00e4sta med att arbeta p\u00e5 Vittra Jakobsberg \u00e4r den starka gemenskapen och det engagemang som finns i arbetslaget. Vi arbetar tillsammans med fokus p\u00e5 barnens b\u00e4sta och med tydliga m\u00e5l f\u00f6r l\u00e4rande och utveckling. Jag uppskattar ocks\u00e5 att vi st\u00e4ndigt utvecklar v\u00e5rt arbete och fokuserar p\u00e5 kvalitet. Dessutom finns det alltid m\u00f6jligheter till kompetensutveckling. F\u00f6r mig personligen \u00e4r det alla fantastiska kollegor, chansen att driva och leda arbetet med Gr\u00f6n Flagg och k\u00e4nslan av att alltid bli sedd, h\u00f6rd och vara betydelsefull i ett st\u00f6rre sammanhang.<\/p>\n\n\n\n<h3 class=\"wp-block-heading\">Vad inneb\u00e4r &#8221;modig kultur&#8221; f\u00f6r dig?<\/h3>\n\n\n\n<p>F\u00f6r mig betyder modig kultur att man v\u00e5gar st\u00e5 upp f\u00f6r sig sj\u00e4lv och f\u00f6r sina elever. P\u00e5 s\u00e5 s\u00e4tt visar man att man \u00e4r en modig f\u00f6rebild f\u00f6r sina elever. Att man som pedagog visar och l\u00e4r ut att misstag \u00e4r helt okej och att det \u00e4r n\u00e5got man l\u00e4r sig av och som man kommer g\u00f6ra m\u00e5nga g\u00e5nger i livet. Att man ska v\u00e5ga utmana sig sj\u00e4lv och f\u00f6rs\u00f6ka t\u00e4nka p\u00e5 de g\u00e5nger i livet som man faktiskt klarat av n\u00e5got som man innan inte trodde var m\u00f6jligt. Att man \u00f6verlever ett misstag och att man till exempel pratar med sin klass om vad som \u00e4r det v\u00e4rsta som kan h\u00e4nda och hur man i s\u00e5 fall tar sig ur obekv\u00e4ma situationer. Vi f\u00f6rs\u00f6ker tillsammans att lyfta det som eleverna sj\u00e4lva tycker \u00e4r jobbigt eller l\u00e4skigt. <\/p>\n\n\n\n\t<style>\n\t\t.inner {\n\n\t\t\tmargin: 0 auto;\n\n\n\t\t}\n\t<\/style>\n\t<div\n\t\t class=\"container images-module\" >\n\t\t<div class=\"row images_module__slideshow\">\n\n\t\t\t<div\n\t\t\t\t\tclass=\"col-md-12 p-0 position-relative images_module__slideshow images_module__slideshow-container  \">\n\t\t\t\t<div class=\"images_module__slide\" data-slide=\"\"\n\t\t\t\t\t data-duration=\"\"><\/div>\n\t\t\t\t\t\t\t\t\t<div\n\t\t\t\t\t\t class=\"images_module__slides\n\n\t\t\t\t\t   \"\n\t\t\t\t\t>\n\n\t\t\t\t\t\t<div class=\"images__wrapper\" style=\"aspect-ratio: 851 \/ 851;\">\n\t\t\t\t\t\t\t<img decoding=\"async\" width=\"240\" height=\"361\" src=\"https:\/\/vittra.se\/wp-content\/uploads\/sites\/11\/2025\/10\/7115308-1.jpg\" class=\"images__image_ratio  \" alt=\"N\u00e4rbild p\u00e5 l\u00e4rare.\" style=\"aspect-ratio: 851 \/ 851;object-position: center center;\" \/>\t\t\t\t\t\t<\/div>\n\t\t\t\t\t\t\n\n\t\t\t\t\t\t\t\t\t\t\t<\/div>\n\t\t\t\t\n\t\t\t\t<div class=\"images_module__container_dot\">\n\t\t\t\t\t<div style=\"text-align:center\">\n\n\n\t\t\t\t\t\t\t\t\t\t\t\t\t<span   data-i=\"0\"\n\t\t\t\t\t\t\t\t  class=\"\n\t\t\t\t\t\t\timages_module__dot\n\t\t\t\t\t\t\t\t\t\t\t\t\t\t\"\n\t\t\t\t\t\t\t><\/span>\n\t\t\t\t\t\t\t\t\t\t\t<\/div>\n\t\t\t\t<\/div>\n\n\n\t\t\t<\/div>\n\t\t<\/div>\n\t<\/div>\n\n\t\n\n\n<script>\n\tvar images_display_descriptive_text = \"\";\n<\/script>\n\n\n\n<h2 class=\"wp-block-heading\"><em>Monika Youssif<\/em> \u2013 Pedagog p\u00e5 mellanstadiet<\/h2>\n\n\n\n<h3 class=\"wp-block-heading\">Hur jobbar du f\u00f6r att koppla l\u00e4randet till elevernas egen vardag och samh\u00e4llsfr\u00e5gor?<\/h3>\n\n\n\n<p>Jag arbetar kontinuerligt med att analysera inneh\u00e5llet i undervisningen och hitta konkreta kopplingar till elevernas vardag och aktuella samh\u00e4llsfr\u00e5gor. M\u00e5let \u00e4r att g\u00f6ra kunskapen relevant och meningsfull. N\u00e4r vi till exempel l\u00e4ser om FN diskuterar vi organisationens roll i samtida konflikter, s\u00e5som kriget mellan Israel och Palestina. Detta hj\u00e4lper eleverna att f\u00f6rst\u00e5 globala akt\u00f6rers betydelse i praktiken. Vid undervisning om fotosyntesen g\u00e5r vi fr\u00e5n teori till praktik genom att plantera egna v\u00e4xter och observera hur de v\u00e4xer. Genom dessa praktiska och verklighetsanknutna exempel bef\u00e4sts kunskapen och blir l\u00e4ttare att relatera till.<\/p>\n\n\n\n<h3 class=\"wp-block-heading\">Vad tror du att dina elever skulle l\u00e4ra dig om du bytte plats med dem f\u00f6r en dag?<\/h3>\n\n\n\n<p>Om jag fick byta plats med mina elever f\u00f6r en dag skulle jag framf\u00f6r allt l\u00e4ra mig vikten av t\u00e5lamod i att hantera en hel skoldag med m\u00e5nga \u00e4mnen. Jag skulle ocks\u00e5 l\u00e5ta mig inspireras av deras nyfikenhet och f\u00f6rm\u00e5ga att t\u00e4nka utanf\u00f6r boxen \u2013 att se saker ur nya kreativa perspektiv.<\/p>\n\n\n\n<h3 class=\"wp-block-heading\">Vad inneb\u00e4r \u201dmedvetet l\u00e4rande\u201d f\u00f6r dig i vardagen?<\/h3>\n\n\n\n<p>F\u00f6r mig inneb\u00e4r medvetet l\u00e4rande att anpassa undervisningen efter elevernas individuella kunskapsniv\u00e5. Jag arbetar stegvis med nya omr\u00e5den och ser till att inneh\u00e5llet \u00e4r elevn\u00e4ra. Jag l\u00e4gger stor vikt vid att st\u00e4ndigt ge konkreta exempel, eftersom det \u00e4r dessa som fastnar och bef\u00e4ster kunskapen b\u00e4st. Dessutom repeterar vi kontinuerligt de viktigaste begreppen under l\u00e4s\u00e5ret.<\/p>\n\n\n\n<h3 class=\"wp-block-heading\">Hur ser du att Vittraf\u00f6rm\u00e5gorna g\u00f6r skillnad f\u00f6r barnensutveckling?<\/h3>\n\n\n\n<p>Vittraf\u00f6rm\u00e5gorna \u00e4r grundl\u00e4ggande verktyg som ger v\u00e5ra elever m\u00f6jlighet att tidigt s\u00e4tta korrekta ord p\u00e5 och f\u00f6rst\u00e5 sina egna handlingar och sitt arbete. En stor del av det eleverna g\u00f6r i skolan \u00e4r direkt kopplat till dessa f\u00f6rm\u00e5gor. Till exempel tr\u00e4nas planering och reflektion under varje Vittrasamling, vilket skapar en vana f\u00f6r att medvetet granska och f\u00f6rb\u00e4ttra det egna l\u00e4randet. Genom dagliga moment av samarbete med kamrater utvecklar de avg\u00f6rande sociala och kommunikativa f\u00e4rdigheter. Dessutom f\u00e5r eleverna kontinuerligt m\u00f6jlighet att t\u00e4nja p\u00e5 sin kreativitet och uth\u00e5llighet under lektionerna. Genom detta arbete blir eleverna bekanta med och trygga i de f\u00e4rdigheter som \u00e4r n\u00f6dv\u00e4ndiga f\u00f6r framg\u00e5ngsrika studier p\u00e5 universitetet och ute i arbetslivet.<\/p>\n\n\n\n\t<style>\n\t\t.inner {\n\n\t\t\tmargin: 0 auto;\n\n\n\t\t}\n\t<\/style>\n\t<div\n\t\t class=\"container images-module\" >\n\t\t<div class=\"row images_module__slideshow\">\n\n\t\t\t<div\n\t\t\t\t\tclass=\"col-md-12 p-0 position-relative images_module__slideshow images_module__slideshow-container  \">\n\t\t\t\t<div class=\"images_module__slide\" data-slide=\"\"\n\t\t\t\t\t data-duration=\"\"><\/div>\n\t\t\t\t\t\t\t\t\t<div\n\t\t\t\t\t\t class=\"images_module__slides\n\n\t\t\t\t\t   \"\n\t\t\t\t\t>\n\n\t\t\t\t\t\t<div class=\"images__wrapper\" style=\"aspect-ratio: 851 \/ 851;\">\n\t\t\t\t\t\t\t<img decoding=\"async\" width=\"400\" height=\"600\" src=\"https:\/\/vittra.se\/wp-content\/uploads\/sites\/11\/2025\/10\/monika-yousif.jpg\" class=\"images__image_ratio  \" alt=\"\" style=\"aspect-ratio: 851 \/ 851;object-position: center center;\" srcset=\"https:\/\/vittra.se\/wp-content\/uploads\/sites\/11\/2025\/10\/monika-yousif.jpg 400w, https:\/\/vittra.se\/wp-content\/uploads\/sites\/11\/2025\/10\/monika-yousif-300x450.jpg 300w\" sizes=\"(max-width: 400px) 100vw, 400px\" \/>\t\t\t\t\t\t<\/div>\n\t\t\t\t\t\t\n\n\t\t\t\t\t\t\t\t\t\t\t<\/div>\n\t\t\t\t\t\t\t\t\t<div\n\t\t\t\t\t\t class=\"images_module__slides\n\n\t\t\t\t\t   \"\n\t\t\t\t\t>\n\n\t\t\t\t\t\t<div class=\"images__wrapper\" style=\"aspect-ratio: 851 \/ 851;\">\n\t\t\t\t\t\t\t\t\t\t\t\t\t<\/div>\n\t\t\t\t\t\t\n\n\t\t\t\t\t\t\t\t\t\t\t<\/div>\n\t\t\t\t\n\t\t\t\t<div class=\"images_module__container_dot\">\n\t\t\t\t\t<div style=\"text-align:center\">\n\n\n\t\t\t\t\t\t\t\t\t\t\t\t\t<span   data-i=\"0\"\n\t\t\t\t\t\t\t\t  class=\"\n\t\t\t\t\t\t\timages_module__dot\n\t\t\t\t\t\t\timages_module__dot_style\t\t\t\t\t\t\t\"\n\t\t\t\t\t\t\t><\/span>\n\t\t\t\t\t\t\t\t\t\t\t\t\t<span   data-i=\"1\"\n\t\t\t\t\t\t\t\t  class=\"\n\t\t\t\t\t\t\timages_module__dot\n\t\t\t\t\t\t\timages_module__dot_style\t\t\t\t\t\t\t\"\n\t\t\t\t\t\t\t><\/span>\n\t\t\t\t\t\t\t\t\t\t\t<\/div>\n\t\t\t\t<\/div>\n\n\n\t\t\t<\/div>\n\t\t<\/div>\n\t<\/div>\n\n\t\n\n\n<script>\n\tvar images_display_descriptive_text = \"\";\n<\/script>\n\n\n\n<h2 class=\"wp-block-heading\"><em>Namn<\/em> \u2013 Pedagog p\u00e5 h\u00f6gstadiet<\/h2>\n\n\n\n<h3 class=\"wp-block-heading\">Vilken Vittraf\u00f6rm\u00e5ga brukar engagera eleverna mest, och varf\u00f6r tror du att det \u00e4r s\u00e5?<\/h3>\n\n\n\n<p>F\u00f6rm\u00e5gan att<em>&nbsp;<\/em>samarbeta&nbsp;brukar engagera eleverna mest, iallafall i mitt \u00e4mne. De uppskattar att f\u00e5 arbeta tillsammans, utbyta id\u00e9er och l\u00f6sa problem i grupp. Det skapar gemenskap, st\u00e4rker relationer och g\u00f6r l\u00e4randet mer meningsfullt. N\u00e4r eleverna k\u00e4nner att deras tankar bidrar till n\u00e5got st\u00f6rre v\u00e4cks motivation, ansvarstagande och kreativitet. Samtidigt tr\u00e4nar de p\u00e5 att lyssna, kompromissa och f\u00f6rst\u00e5 olika perspektiv som \u00e4r viktiga f\u00e4rdigheter f\u00f6r framtiden.<\/p>\n\n\n\n<h3 class=\"wp-block-heading\">Vad \u00e4r det b\u00e4sta med att jobba p\u00e5 h\u00f6gstadiet?<\/h3>\n\n\n\n<p>Det b\u00e4sta med att jobba p\u00e5 h\u00f6gstadiet \u00e4r att f\u00e5 f\u00f6lja elevernas utveckling i en tid n\u00e4r de verkligen b\u00f6rjar hitta sig sj\u00e4lva. Samtalen blir djupare, humorn rikare och l\u00e4randet mer sj\u00e4lvst\u00e4ndigt. Det \u00e4r givande att se hur de v\u00e4xer, tar ansvar och f\u00f6rbereder sig f\u00f6r framtiden.<\/p>\n\n\n\n<h3 class=\"wp-block-heading\">Vad hoppas du att eleverna tar med sig efter sin tid p\u00e5 Vittra?<\/h3>\n\n\n\n<p>Jag hoppas att eleverna l\u00e4mnar Vittra med en stark tro p\u00e5 sig sj\u00e4lva, nyfikenhet p\u00e5 omv\u00e4rlden och mod att p\u00e5verka. Att de k\u00e4nner sig trygga i vilka de \u00e4r, v\u00e5gar t\u00e4nka fritt och samarbeta med andra med v\u00e4rderingar och f\u00f6rm\u00e5gor som hj\u00e4lper dem hela livet.<\/p>\n\n\n\n<h3 class=\"wp-block-heading\">Hur ser du att Vittraf\u00f6rm\u00e5gorna g\u00f6r skillnad f\u00f6r elevernas utveckling?<\/h3>\n\n\n\n<p>Vittraf\u00f6rm\u00e5gorna g\u00f6r skillnad genom att ge eleverna verktyg att f\u00f6rst\u00e5 sig sj\u00e4lva, samarbeta och ta ansvar f\u00f6r sitt l\u00e4rande. Genom att tr\u00e4na p\u00e5 reflektion, kommunikation och probleml\u00f6sning utvecklar de b\u00e5de sociala och akademiska f\u00e4rdigheter. Det st\u00e4rker deras sj\u00e4lvst\u00e4ndighet, kreativitet och empati och g\u00f6r dem b\u00e4ttre rustade att m\u00f6ta framtidens utmaningar med trygghet och nyfikenhet.<\/p>\n\n\n\n\t<style>\n\t\t.inner {\n\n\t\t\tmargin: 0 auto;\n\n\n\t\t}\n\t<\/style>\n\t<div\n\t\t class=\"container images-module\" >\n\t\t<div class=\"row images_module__slideshow\">\n\n\t\t\t<div\n\t\t\t\t\tclass=\"col-md-12 p-0 position-relative images_module__slideshow images_module__slideshow-container  \">\n\t\t\t\t<div class=\"images_module__slide\" data-slide=\"\"\n\t\t\t\t\t data-duration=\"\"><\/div>\n\t\t\t\t\t\t\t\t\t<div\n\t\t\t\t\t\t class=\"images_module__slides\n\n\t\t\t\t\t   \"\n\t\t\t\t\t>\n\n\t\t\t\t\t\t<div class=\"images__wrapper\" style=\"aspect-ratio: 851 \/ 851;\">\n\t\t\t\t\t\t\t<img decoding=\"async\" width=\"240\" height=\"361\" src=\"https:\/\/vittra.se\/wp-content\/uploads\/sites\/11\/2025\/10\/7115356.jpg\" class=\"images__image_ratio  \" alt=\"\" style=\"aspect-ratio: 851 \/ 851;object-position: center center;\" \/>\t\t\t\t\t\t<\/div>\n\t\t\t\t\t\t\n\n\t\t\t\t\t\t\t\t\t\t\t<\/div>\n\t\t\t\t\n\t\t\t\t<div class=\"images_module__container_dot\">\n\t\t\t\t\t<div style=\"text-align:center\">\n\n\n\t\t\t\t\t\t\t\t\t\t\t\t\t<span   data-i=\"0\"\n\t\t\t\t\t\t\t\t  class=\"\n\t\t\t\t\t\t\timages_module__dot\n\t\t\t\t\t\t\t\t\t\t\t\t\t\t\"\n\t\t\t\t\t\t\t><\/span>\n\t\t\t\t\t\t\t\t\t\t\t<\/div>\n\t\t\t\t<\/div>\n\n\n\t\t\t<\/div>\n\t\t<\/div>\n\t<\/div>\n\n\t\n\n\n<script>\n\tvar images_display_descriptive_text = \"\";\n<\/script>\n<\/div>\n","protected":false},"template":"","article_category":[4,75],"yoast_head":"<!-- This site is optimized with the Yoast SEO plugin v22.0 - https:\/\/yoast.com\/wordpress\/plugins\/seo\/ -->\n<title>L\u00e4r k\u00e4nna v\u00e5ra pedagoger | Vittra Jakobsberg<\/title>\n<meta name=\"description\" content=\"L\u00e4r k\u00e4nna v\u00e5ra pedagoger och l\u00e4rare p\u00e5 Vittra Jakobsberg! Vad motiverar dem mest och hur uppmuntrar de till nyfikenhet och kreativitet?\" \/>\n<meta name=\"robots\" content=\"index, follow, max-snippet:-1, max-image-preview:large, max-video-preview:-1\" \/>\n<link rel=\"canonical\" href=\"https:\/\/vittra.se\/jakobsberg\/artikel\/pedagoger\/\" \/>\n<meta property=\"og:locale\" content=\"sv_SE\" \/>\n<meta property=\"og:type\" content=\"article\" \/>\n<meta property=\"og:title\" content=\"L\u00e4r k\u00e4nna v\u00e5ra pedagoger | Vittra Jakobsberg\" \/>\n<meta property=\"og:description\" content=\"L\u00e4r k\u00e4nna v\u00e5ra pedagoger och l\u00e4rare p\u00e5 Vittra Jakobsberg! Vad motiverar dem mest och hur uppmuntrar de till nyfikenhet och kreativitet?\" \/>\n<meta property=\"og:url\" content=\"https:\/\/vittra.se\/jakobsberg\/artikel\/pedagoger\/\" \/>\n<meta property=\"og:site_name\" content=\"Jakobsberg\" \/>\n<meta property=\"article:modified_time\" content=\"2025-12-03T15:02:15+00:00\" \/>\n<meta name=\"twitter:card\" content=\"summary_large_image\" \/>\n<meta name=\"twitter:title\" content=\"L\u00e4r k\u00e4nna v\u00e5ra pedagoger | Vittra Jakobsberg\" \/>\n<meta name=\"twitter:description\" content=\"L\u00e4r k\u00e4nna v\u00e5ra pedagoger och l\u00e4rare p\u00e5 Vittra Jakobsberg! Vad motiverar dem mest och hur uppmuntrar de till nyfikenhet och kreativitet?\" \/>\n<meta name=\"twitter:image\" content=\"https:\/\/vittra.se\/wp-content\/uploads\/sites\/11\/2025\/10\/7115308-1.jpg\" \/>\n<meta name=\"twitter:label1\" content=\"Ber\u00e4knad l\u00e4stid\" \/>\n\t<meta name=\"twitter:data1\" content=\"6 minuter\" \/>\n<script type=\"application\/ld+json\" class=\"yoast-schema-graph\">{\"@context\":\"https:\/\/schema.org\",\"@graph\":[{\"@type\":\"WebPage\",\"@id\":\"https:\/\/vittra.se\/jakobsberg\/artikel\/pedagoger\/\",\"url\":\"https:\/\/vittra.se\/jakobsberg\/artikel\/pedagoger\/\",\"name\":\"L\u00e4r k\u00e4nna v\u00e5ra pedagoger | Vittra Jakobsberg\",\"isPartOf\":{\"@id\":\"https:\/\/vittra.se\/jakobsberg\/#website\"},\"datePublished\":\"2025-12-03T15:02:14+00:00\",\"dateModified\":\"2025-12-03T15:02:15+00:00\",\"description\":\"L\u00e4r k\u00e4nna v\u00e5ra pedagoger och l\u00e4rare p\u00e5 Vittra Jakobsberg! Vad motiverar dem mest och hur uppmuntrar de till nyfikenhet och kreativitet?\",\"breadcrumb\":{\"@id\":\"https:\/\/vittra.se\/jakobsberg\/artikel\/pedagoger\/#breadcrumb\"},\"inLanguage\":\"sv-SE\",\"potentialAction\":[{\"@type\":\"ReadAction\",\"target\":[\"https:\/\/vittra.se\/jakobsberg\/artikel\/pedagoger\/\"]}]},{\"@type\":\"BreadcrumbList\",\"@id\":\"https:\/\/vittra.se\/jakobsberg\/artikel\/pedagoger\/#breadcrumb\",\"itemListElement\":[{\"@type\":\"ListItem\",\"position\":1,\"name\":\"Start\",\"item\":\"https:\/\/vittra.se\/jakobsberg\"},{\"@type\":\"ListItem\",\"position\":2,\"name\":\"Artikel\"}]},{\"@type\":\"WebSite\",\"@id\":\"https:\/\/vittra.se\/jakobsberg\/#website\",\"url\":\"https:\/\/vittra.se\/jakobsberg\/\",\"name\":\"Jakobsberg\",\"description\":\"Kunskap att f\u00f6r\u00e4ndra. Mod att p\u00e5verka.\",\"potentialAction\":[{\"@type\":\"SearchAction\",\"target\":{\"@type\":\"EntryPoint\",\"urlTemplate\":\"https:\/\/vittra.se\/jakobsberg\/?s={search_term_string}\"},\"query-input\":\"required name=search_term_string\"}],\"inLanguage\":\"sv-SE\"}]}<\/script>\n<!-- \/ Yoast SEO plugin. -->","yoast_head_json":{"title":"L\u00e4r k\u00e4nna v\u00e5ra pedagoger | Vittra Jakobsberg","description":"L\u00e4r k\u00e4nna v\u00e5ra pedagoger och l\u00e4rare p\u00e5 Vittra Jakobsberg! Vad motiverar dem mest och hur uppmuntrar de till nyfikenhet och kreativitet?","robots":{"index":"index","follow":"follow","max-snippet":"max-snippet:-1","max-image-preview":"max-image-preview:large","max-video-preview":"max-video-preview:-1"},"canonical":"https:\/\/vittra.se\/jakobsberg\/artikel\/pedagoger\/","og_locale":"sv_SE","og_type":"article","og_title":"L\u00e4r k\u00e4nna v\u00e5ra pedagoger | Vittra Jakobsberg","og_description":"L\u00e4r k\u00e4nna v\u00e5ra pedagoger och l\u00e4rare p\u00e5 Vittra Jakobsberg! Vad motiverar dem mest och hur uppmuntrar de till nyfikenhet och kreativitet?","og_url":"https:\/\/vittra.se\/jakobsberg\/artikel\/pedagoger\/","og_site_name":"Jakobsberg","article_modified_time":"2025-12-03T15:02:15+00:00","twitter_card":"summary_large_image","twitter_title":"L\u00e4r k\u00e4nna v\u00e5ra pedagoger | Vittra Jakobsberg","twitter_description":"L\u00e4r k\u00e4nna v\u00e5ra pedagoger och l\u00e4rare p\u00e5 Vittra Jakobsberg! Vad motiverar dem mest och hur uppmuntrar de till nyfikenhet och kreativitet?","twitter_image":"https:\/\/vittra.se\/wp-content\/uploads\/sites\/11\/2025\/10\/7115308-1.jpg","twitter_misc":{"Ber\u00e4knad l\u00e4stid":"6 minuter"},"schema":{"@context":"https:\/\/schema.org","@graph":[{"@type":"WebPage","@id":"https:\/\/vittra.se\/jakobsberg\/artikel\/pedagoger\/","url":"https:\/\/vittra.se\/jakobsberg\/artikel\/pedagoger\/","name":"L\u00e4r k\u00e4nna v\u00e5ra pedagoger | Vittra Jakobsberg","isPartOf":{"@id":"https:\/\/vittra.se\/jakobsberg\/#website"},"datePublished":"2025-12-03T15:02:14+00:00","dateModified":"2025-12-03T15:02:15+00:00","description":"L\u00e4r k\u00e4nna v\u00e5ra pedagoger och l\u00e4rare p\u00e5 Vittra Jakobsberg! Vad motiverar dem mest och hur uppmuntrar de till nyfikenhet och kreativitet?","breadcrumb":{"@id":"https:\/\/vittra.se\/jakobsberg\/artikel\/pedagoger\/#breadcrumb"},"inLanguage":"sv-SE","potentialAction":[{"@type":"ReadAction","target":["https:\/\/vittra.se\/jakobsberg\/artikel\/pedagoger\/"]}]},{"@type":"BreadcrumbList","@id":"https:\/\/vittra.se\/jakobsberg\/artikel\/pedagoger\/#breadcrumb","itemListElement":[{"@type":"ListItem","position":1,"name":"Start","item":"https:\/\/vittra.se\/jakobsberg"},{"@type":"ListItem","position":2,"name":"Artikel"}]},{"@type":"WebSite","@id":"https:\/\/vittra.se\/jakobsberg\/#website","url":"https:\/\/vittra.se\/jakobsberg\/","name":"Jakobsberg","description":"Kunskap att f\u00f6r\u00e4ndra. Mod att p\u00e5verka.","potentialAction":[{"@type":"SearchAction","target":{"@type":"EntryPoint","urlTemplate":"https:\/\/vittra.se\/jakobsberg\/?s={search_term_string}"},"query-input":"required name=search_term_string"}],"inLanguage":"sv-SE"}]}},"_links":{"self":[{"href":"https:\/\/vittra.se\/jakobsberg\/wp-json\/wp\/v2\/article\/1654"}],"collection":[{"href":"https:\/\/vittra.se\/jakobsberg\/wp-json\/wp\/v2\/article"}],"about":[{"href":"https:\/\/vittra.se\/jakobsberg\/wp-json\/wp\/v2\/types\/article"}],"wp:attachment":[{"href":"https:\/\/vittra.se\/jakobsberg\/wp-json\/wp\/v2\/media?parent=1654"}],"wp:term":[{"taxonomy":"article_category","embeddable":true,"href":"https:\/\/vittra.se\/jakobsberg\/wp-json\/wp\/v2\/article_category?post=1654"}],"curies":[{"name":"wp","href":"https:\/\/api.w.org\/{rel}","templated":true}]}}