{"id":1639,"date":"2026-04-20T13:39:10","date_gmt":"2026-04-20T11:39:10","guid":{"rendered":"https:\/\/vittra.se\/halmstad\/?post_type=article&#038;p=1639"},"modified":"2026-04-21T07:47:35","modified_gmt":"2026-04-21T05:47:35","slug":"elevroster","status":"publish","type":"article","link":"https:\/\/vittra.se\/halmstad\/artikel\/elevroster\/","title":{"rendered":"Elevr\u00f6ster"},"content":{"rendered":"\n<div class=\"wp-block-group is-layout-constrained wp-container-core-group-layout-1 wp-block-group-is-layout-constrained\">\n<h1 class=\"wp-block-heading\">M\u00f6t v\u00e5ra elever p\u00e5 Vittra<\/h1>\n\n\n\n<p   class=\"site__ingress container text-left  site__text-color--dark  site__free_text--ingress p-0\">\n\tHur \u00e4r det egentligen att g\u00e5 p\u00e5 Vittra? H\u00e4r ber\u00e4ttar v\u00e5ra elever om sin vardag, vad de tycker om att g\u00f6ra p\u00e5 skolan och hur de ser p\u00e5 framtiden.  <\/p>\n\n\n\n\n\n<h2 class=\"wp-block-heading\">Oscar och Miryam\u2013 Elever i f\u00f6rskoleklass<\/h2>\n\n\n\n<h3 class=\"wp-block-heading\">Vad tycker du \u00e4r roligast att g\u00f6ra p\u00e5 din skola?<\/h3>\n\n\n\n<p>Miryam: Jag tycker matte, med plus och minus \u00e4r kul f\u00f6r man f\u00e5r r\u00e4kna och skriva. Fritids \u00e4r ocks\u00e5 roligt man f\u00e5r v\u00e4lja bland m\u00e5nga saker. Oscar: Matteboken \u00e4r rolig och jag har l\u00e4rt mig sv\u00e5ra tal:10 g\u00e5nger 10 \u00e4r 100. Fritids \u00e4r roligt f\u00f6r d\u00e4r f\u00e5r jag rita och p\u00e4rla.<\/p>\n\n\n\n<h2 class=\"wp-block-heading\">Vad g\u00f6r l\u00e4rarna som du tycker \u00e4r bra h\u00e4r?<\/h2>\n\n\n\n<p>Miryam: L\u00e4rarna kan mycket saker. Bastian kan mycket om noter och d\u00e5 klappar vi takten. Vi hade en 100-fest n\u00e4r vi hade g\u00e5tt 100 dagar i skolan-det var roligt. Oscar: 100-festen var nice, jag vill ha det igen. L\u00e4rarna \u00e4r sn\u00e4lla och de hj\u00e4lper oss att vara kompisar. L\u00e4rarna lyssnar p\u00e5 oss och p\u00e5 vad vi s\u00e4ger.<\/p>\n\n\n\n<h2 class=\"wp-block-heading\">Vad g\u00f6r ni i klassen f\u00f6r att alla ska k\u00e4nna sig glada och vilja vara med?<\/h2>\n\n\n\n<p>Miryam: Vi fr\u00e5gar om andra vill vara med och vi \u00e4r sn\u00e4lla mot varandra. Oscar: Om n\u00e5gon \u00e4r ensam s\u00e5 f\u00e5r de vara med och leka.<\/p>\n\n\n\n\n<figure  class=\"ams-media l-container l-stack l-stack-2xs u-pt-fluid-md-xl u-pb-fluid-md-xl is-center is-left@md\"  style=\"--width-desktop: 500px;\">\n\t\t\t\t\t<img decoding=\"async\" width=\"600\" height=\"509\" src=\"https:\/\/vittra.se\/wp-content\/uploads\/sites\/9\/2026\/04\/img2897-scaled-e1776613684675-600x509.jpg\" class=\"ams-media__image u-ratio-landscape u-radius-square\" alt=\"Oscar och Miryam\" sizes=\"(max-width: 600px) 100vw, 600px\" srcset=\"https:\/\/vittra.se\/wp-content\/uploads\/sites\/9\/2026\/04\/img2897-scaled-e1776613684675-600x509.jpg 600w, https:\/\/vittra.se\/wp-content\/uploads\/sites\/9\/2026\/04\/img2897-scaled-e1776613684675-300x255.jpg 300w, https:\/\/vittra.se\/wp-content\/uploads\/sites\/9\/2026\/04\/img2897-scaled-e1776613684675-400x340.jpg 400w, https:\/\/vittra.se\/wp-content\/uploads\/sites\/9\/2026\/04\/img2897-scaled-e1776613684675-800x679.jpg 800w, https:\/\/vittra.se\/wp-content\/uploads\/sites\/9\/2026\/04\/img2897-scaled-e1776613684675-1024x869.jpg 1024w, https:\/\/vittra.se\/wp-content\/uploads\/sites\/9\/2026\/04\/img2897-scaled-e1776613684675-1200x1019.jpg 1200w, https:\/\/vittra.se\/wp-content\/uploads\/sites\/9\/2026\/04\/img2897-scaled-e1776613684675.jpg 1920w\" \/>\n\t\t\n\t\n\t<\/figure>\n\n\n\n<h2 class=\"wp-block-heading\">Farah och Dennis\u2013 Elever i \u00e5k 5<\/h2>\n\n\n\n<h2 class=\"wp-block-heading\">Vad \u00e4r det b\u00e4sta med att g\u00e5 p\u00e5 din skola?<\/h2>\n\n\n\n<p>Dennis: Det finns mycket bra grejer med skolan. Det b\u00e4sta \u00e4r att om n\u00e5got h\u00e4nder tar l\u00e4rarna tag i det direkt. Jag tycker att skolmaten \u00e4r v\u00e4ldigt bra ocks\u00e5. Jag tycker om att ni vuxna behandlar alla med r\u00e4ttvisa. Farah: Jag tycker det \u00e4r bra hur l\u00e4rarna l\u00e4r ut till oss. N\u00e4r vi \u00e4r klara med n\u00e5got f\u00e5r vi jobba med svenska texter och det tycker vi \u00e4r roligt. Dennis: L\u00e4rarna har varierande uppgifter, n\u00e4r vi \u00e4r klara i matteboken f\u00e5r vi tex arbeta med Magma.<\/p>\n\n\n\n<h2 class=\"wp-block-heading\">N\u00e4r k\u00e4nner du dig stolt i skolan?<\/h2>\n\n\n\n<p>Dennis: Jag k\u00e4nner mig stolt n\u00e4r jag hj\u00e4lper n\u00e5gon yngre. Farah: Jag \u00e4r stolt n\u00e4r jag \u00e4r klar med en utmaning-d\u00e5 k\u00e4nner, jag har gjort det, jag klarade det. Vi brukar vara med de yngre och spela fotboll. Dennis: Jag \u00e4r stolt \u00f6ver att vi hj\u00e4lper de yngre att leta upp n\u00e5got som de tappat bort. Farah: Jag \u00e4r stolt och glad n\u00e4r jag f\u00e5r tillbaka en bed\u00f6mning och det har g\u00e5tt bra. Dennis: Jag \u00e4r stolt \u00f6ver n\u00e4r jag l\u00e4ser h\u00f6gt f\u00f6r klassen och alla har lyssnat.<\/p>\n\n\n\n<h2 class=\"wp-block-heading\">Finns det n\u00e5got du har l\u00e4rt dig i skolan som du ocks\u00e5 g\u00f6r\/anv\u00e4nder hemma?<\/h2>\n\n\n\n<p>Dennis: Ja, tex matte. N\u00e4r jag spelar olika spel m\u00e5ste man anv\u00e4nda matte f\u00f6r att r\u00e4kna ut vissa saker. Farah: N\u00e4r jag spelar spel och vi skriver till varandra har jag nytta av svenska och engelska som jag l\u00e4rt mig. Dennis: Det \u00e4r inga problem att prata p\u00e5 engelska n\u00e4r jag spelar spel. I geografi har vi l\u00e4rt oss om olika l\u00e4nder och det kan jag anv\u00e4nda n\u00e4r jag spelar hemma.<\/p>\n\n\n\n\n<figure  class=\"ams-media l-container l-stack l-stack-2xs u-pt-fluid-md-xl u-pb-fluid-md-xl is-center is-left@md\"  style=\"--width-desktop: 500px;\">\n\t\t\t\t\t<img decoding=\"async\" width=\"600\" height=\"631\" src=\"https:\/\/vittra.se\/wp-content\/uploads\/sites\/9\/2026\/04\/img2941-600x631.jpg\" class=\"ams-media__image u-ratio-landscape u-radius-square\" alt=\"Farah och Dennis\" sizes=\"(max-width: 600px) 100vw, 600px\" srcset=\"https:\/\/vittra.se\/wp-content\/uploads\/sites\/9\/2026\/04\/img2941-600x631.jpg 600w, https:\/\/vittra.se\/wp-content\/uploads\/sites\/9\/2026\/04\/img2941-300x316.jpg 300w, https:\/\/vittra.se\/wp-content\/uploads\/sites\/9\/2026\/04\/img2941-400x421.jpg 400w, https:\/\/vittra.se\/wp-content\/uploads\/sites\/9\/2026\/04\/img2941-800x842.jpg 800w, https:\/\/vittra.se\/wp-content\/uploads\/sites\/9\/2026\/04\/img2941-1024x1077.jpg 1024w, https:\/\/vittra.se\/wp-content\/uploads\/sites\/9\/2026\/04\/img2941-1200x1263.jpg 1200w\" \/>\n\t\t\n\t\n\t<\/figure>\n\n\n\n\n<figure  class=\"ams-media l-container l-stack l-stack-2xs u-pt-fluid-md-xl u-pb-fluid-md-xl is-center is-left@md\"  style=\"--width-desktop: 500px;\">\n\t\n\t<\/figure>\n<\/div>\n\n\n\n\n\n<section  class=\"ams-article c-block l-stacked js-load-more\" data-count=\"3\" data-count-mobile=\"2\">\n\t<div class=\"l-container l-stack l-stack-fluid-2xl u-pt-fluid-3xl-6xl u-pb-fluid-3xl-6xl is-center is-center@md\">\n\t\t\t\t\t<div class=\"ams-article__intro l-stack l-stack-lg\">\n\t\t\t\t\t\n\t<h2\n\tclass=\"c-heading u-font-title-1 \"\n\tstyle=\"\">\n\t\t\n\t\t\t\t\tL\u00e4s mer\n\t\t\t\t\n\t<\/h2>\n\n\t\t\t\t\t\t\t<\/div>\n\t\t\n\t\t\t\n\t    \n\t\n\t<ul id=\"ams-article-list-69f21d2dc61ef\" class=\"ams-article__list l-grid u-gap-2xl u-justify-center js-results \" aria-label=\"Artiklar\" data-filter-animation=\"off\">\n\t\t\t\t\t\t\t\t\t\t\t\t\t\t\t\t\t\n\t\t\t\n\t\t\t\n\t\t\t<li class=\"l-col-6@md l-col-4@lg \" data-filter=\"intervjuer april-2026\">\n\t\t\t\t<article class=\"c-card  has-media-zoom  \" data-variant=\"border\" data-style=\"square\" data-click-area>\n\t\t\t\t\t<div class=\"c-card__content l-stack l-stack-sm\">\n\n\t\t\t\t\t\t\t\t\t\t\t\t\t<time class=\"c-card__date u-font-small\" datetime=\"2026-04-20\">20 april, 2026<\/time>\n\t\t\t\t\t\t\n\t\t\t\t\t\t\t\t\t\t\t\t\t<h3 class=\"c-card__title u-font-title-3\">\n\t\t\t\t\t\t\t\t\t\t\t\t\t\t\t\t\t<a class=\"c-card__link\" href=\"https:\/\/vittra.se\/halmstad\/artikel\/elevroster\/\">\n\t\t\t\t\t\t\t\t\t\tElevr\u00f6ster\n\t\t\t\t\t\t\t\t\t<\/a>\n\t\t\t\t\t\t\t\t\t\t\t\t\t\t\t<\/h3>\n\t\t\t\t\t\t\n\t\t\t\t\t\t\t\t\t\t\t\t\t<p class=\"c-card__text l-stack-xs u-font-body\">\n\t\t\t\t\t\t\t\tHur \u00e4r det att g\u00e5 p\u00e5 Vittra i Halmstad? Vi har intervjuat v\u00e5ra elever om sin var&#8230;\n\t\t\t\t\t\t\t<\/p>\n\t\t\t\t\t\t\n\t\t\t\t\t\t\t\t\t\t\t\t\t<ul class=\"c-card__tags l-stack-grow u-list-none u-pt-md\" aria-label=\"Kategorier\">\n\t\t\t\t\t\t\t\t\t\t\t\t\t\t\t\t\t<li><span class=\"c-tag\" data-variant=\"outline\">Intervjuer<\/span><\/li>\n\t\t\t\t\t\t\t\t\t\t\t\t\t\t\t<\/ul>\n\t\t\t\t\t\t\n\t\t\t\t\t\t<div class=\"c-card__icon\">\n\t\t\t\t\t\t\t\t\t\t\t\t\t\t<svg class=\"ams-icon ams-icon--arrow-right\" width=\"32\" height=\"32\" viewbox=\"0 0 32 32\" fill=\"currentColor\" aria-hidden=\"true\" xmlns=\"http:\/\/www.w3.org\/2000\/svg\">\n\t\t\t\t\t\t\t\t\t\t\t\t\t\t\t\t<path d=\"M15.4617 0.252159L14.9567 0.75931C14.6219 1.09545 14.6219 1.64048 14.9567 1.97669L27.7062 14.7806H0.857144C0.383786 14.7806 0 15.166 0 15.6414V16.3587C0 16.8341 0.383786 17.2195 0.857144 17.2195H27.7062L14.9567 30.0234C14.6219 30.3595 14.6219 30.9045 14.9567 31.2407L15.4617 31.7479C15.7964 32.084 16.3392 32.084 16.6739 31.7479L31.749 16.6087C32.0837 16.2725 32.0837 15.7275 31.749 15.3913L16.6739 0.252159C16.3392 -0.084053 15.7964 -0.084053 15.4617 0.252159Z\"\/>\n\t\t\t\t\t\t\t\n\t\t\t\t\t\t\t<\/svg>\n\t\t\t\t\t\t<\/div>\n\t\t\t\t\t<\/div>\n\n\t\t\t\t\t<div class=\"c-card__media \" style=\" \">\n\t\t\t\t\t\t<img decoding=\"async\" width=\"400\" height=\"421\" src=\"https:\/\/vittra.se\/wp-content\/uploads\/sites\/9\/2026\/04\/img2941-400x421.jpg\" class=\"attachment-sm size-sm\" alt=\"Farah och Dennis\" sizes=\"(min-width: 64em) 300px, (min-width: 48em) calc(.50 * (100vw - 224px)), calc(100vw - 160px)\" srcset=\"https:\/\/vittra.se\/wp-content\/uploads\/sites\/9\/2026\/04\/img2941-400x421.jpg 400w, https:\/\/vittra.se\/wp-content\/uploads\/sites\/9\/2026\/04\/img2941-300x316.jpg 300w, https:\/\/vittra.se\/wp-content\/uploads\/sites\/9\/2026\/04\/img2941-600x631.jpg 600w, https:\/\/vittra.se\/wp-content\/uploads\/sites\/9\/2026\/04\/img2941-800x842.jpg 800w, https:\/\/vittra.se\/wp-content\/uploads\/sites\/9\/2026\/04\/img2941-1024x1077.jpg 1024w, https:\/\/vittra.se\/wp-content\/uploads\/sites\/9\/2026\/04\/img2941-1200x1263.jpg 1200w\" \/>\n\t\t\t\t\t<\/div>\n\t\t\t\t<\/article>\n\t\t\t<\/li>\n\t\t\t\t\t\t\t\t\t\t\t\t\t\t\t\t\t\n\t\t\t\n\t\t\t\n\t\t\t<li class=\"l-col-6@md l-col-4@lg \" data-filter=\"allmant intervjuer november-2025\">\n\t\t\t\t<article class=\"c-card  has-media-zoom  \" data-variant=\"border\" data-style=\"square\" data-click-area>\n\t\t\t\t\t<div class=\"c-card__content l-stack l-stack-sm\">\n\n\t\t\t\t\t\t\t\t\t\t\t\t\t<time class=\"c-card__date u-font-small\" datetime=\"2025-11-26\">26 november, 2025<\/time>\n\t\t\t\t\t\t\n\t\t\t\t\t\t\t\t\t\t\t\t\t<h3 class=\"c-card__title u-font-title-3\">\n\t\t\t\t\t\t\t\t\t\t\t\t\t\t\t\t\t<a class=\"c-card__link\" href=\"https:\/\/vittra.se\/halmstad\/artikel\/pedagoger\/\">\n\t\t\t\t\t\t\t\t\t\tL\u00e4r k\u00e4nna v\u00e5ra pedagoger\n\t\t\t\t\t\t\t\t\t<\/a>\n\t\t\t\t\t\t\t\t\t\t\t\t\t\t\t<\/h3>\n\t\t\t\t\t\t\n\t\t\t\t\t\t\t\t\t\t\t\t\t<p class=\"c-card__text l-stack-xs u-font-body\">\n\t\t\t\t\t\t\t\tL\u00e4r k\u00e4nna v\u00e5ra pedagoger och l\u00e4rare lite b\u00e4ttre! Vad motiverar dem mest och hur &#8230;\n\t\t\t\t\t\t\t<\/p>\n\t\t\t\t\t\t\n\t\t\t\t\t\t\t\t\t\t\t\t\t<ul class=\"c-card__tags l-stack-grow u-list-none u-pt-md\" aria-label=\"Kategorier\">\n\t\t\t\t\t\t\t\t\t\t\t\t\t\t\t\t\t<li><span class=\"c-tag\" data-variant=\"outline\">Allm\u00e4nt<\/span><\/li>\n\t\t\t\t\t\t\t\t\t\t\t\t\t\t\t\t\t<li><span class=\"c-tag\" data-variant=\"outline\">Intervjuer<\/span><\/li>\n\t\t\t\t\t\t\t\t\t\t\t\t\t\t\t<\/ul>\n\t\t\t\t\t\t\n\t\t\t\t\t\t<div class=\"c-card__icon\">\n\t\t\t\t\t\t\t\t\t\t\t\t\t\t<svg class=\"ams-icon ams-icon--arrow-right\" width=\"32\" height=\"32\" viewbox=\"0 0 32 32\" fill=\"currentColor\" aria-hidden=\"true\" xmlns=\"http:\/\/www.w3.org\/2000\/svg\">\n\t\t\t\t\t\t\t\t\t\t\t\t\t\t\t\t<path d=\"M15.4617 0.252159L14.9567 0.75931C14.6219 1.09545 14.6219 1.64048 14.9567 1.97669L27.7062 14.7806H0.857144C0.383786 14.7806 0 15.166 0 15.6414V16.3587C0 16.8341 0.383786 17.2195 0.857144 17.2195H27.7062L14.9567 30.0234C14.6219 30.3595 14.6219 30.9045 14.9567 31.2407L15.4617 31.7479C15.7964 32.084 16.3392 32.084 16.6739 31.7479L31.749 16.6087C32.0837 16.2725 32.0837 15.7275 31.749 15.3913L16.6739 0.252159C16.3392 -0.084053 15.7964 -0.084053 15.4617 0.252159Z\"\/>\n\t\t\t\t\t\t\t\n\t\t\t\t\t\t\t<\/svg>\n\t\t\t\t\t\t<\/div>\n\t\t\t\t\t<\/div>\n\n\t\t\t\t\t<div class=\"c-card__media \" style=\" \">\n\t\t\t\t\t\t<img decoding=\"async\" width=\"400\" height=\"533\" src=\"https:\/\/vittra.se\/wp-content\/uploads\/sites\/9\/2025\/10\/bild-400x533.jpg\" class=\"attachment-sm size-sm\" alt=\"Bild p\u00e5 Patricia\" sizes=\"(min-width: 64em) 300px, (min-width: 48em) calc(.50 * (100vw - 224px)), calc(100vw - 160px)\" srcset=\"https:\/\/vittra.se\/wp-content\/uploads\/sites\/9\/2025\/10\/bild-400x533.jpg 400w, https:\/\/vittra.se\/wp-content\/uploads\/sites\/9\/2025\/10\/bild-300x400.jpg 300w, https:\/\/vittra.se\/wp-content\/uploads\/sites\/9\/2025\/10\/bild-600x800.jpg 600w, https:\/\/vittra.se\/wp-content\/uploads\/sites\/9\/2025\/10\/bild-800x1067.jpg 800w, https:\/\/vittra.se\/wp-content\/uploads\/sites\/9\/2025\/10\/bild-1024x1365.jpg 1024w, https:\/\/vittra.se\/wp-content\/uploads\/sites\/9\/2025\/10\/bild-1200x1600.jpg 1200w, https:\/\/vittra.se\/wp-content\/uploads\/sites\/9\/2025\/10\/bild-scaled.jpg 1920w\" \/>\n\t\t\t\t\t<\/div>\n\t\t\t\t<\/article>\n\t\t\t<\/li>\n\t\t\t\t\t\t\t\t\t\t\t\t\t\t\t\t\t\n\t\t\t\n\t\t\t\n\t\t\t<li class=\"l-col-6@md l-col-4@lg \" data-filter=\"allmant nyhet augusti-2025\">\n\t\t\t\t<article class=\"c-card  has-media-zoom  \" data-variant=\"border\" data-style=\"square\" data-click-area>\n\t\t\t\t\t<div class=\"c-card__content l-stack l-stack-sm\">\n\n\t\t\t\t\t\t\t\t\t\t\t\t\t<time class=\"c-card__date u-font-small\" datetime=\"2025-08-04\">4 augusti, 2025<\/time>\n\t\t\t\t\t\t\n\t\t\t\t\t\t\t\t\t\t\t\t\t<h3 class=\"c-card__title u-font-title-3\">\n\t\t\t\t\t\t\t\t\t\t\t\t\t\t\t\t\t<a class=\"c-card__link\" href=\"https:\/\/vittra.se\/halmstad\/artikel\/lokal\/trygg-skolstart-i-forskoleklass-tips-fran-vittra\">\n\t\t\t\t\t\t\t\t\t\tSkolstart i f\u00f6rskoleklass \u2013 tips f\u00f6r en &#8230;\n\t\t\t\t\t\t\t\t\t<\/a>\n\t\t\t\t\t\t\t\t\t\t\t\t\t\t\t<\/h3>\n\t\t\t\t\t\t\n\t\t\t\t\t\t\t\t\t\t\t\t\t<p class=\"c-card__text l-stack-xs u-font-body\">\n\t\t\t\t\t\t\t\tB\u00f6rja i f\u00f6rskoleklass? Vittra ger dig tips f\u00f6r en trygg skolstart \u2013 med rutiner,&#8230;\n\t\t\t\t\t\t\t<\/p>\n\t\t\t\t\t\t\n\t\t\t\t\t\t\t\t\t\t\t\t\t<ul class=\"c-card__tags l-stack-grow u-list-none u-pt-md\" aria-label=\"Kategorier\">\n\t\t\t\t\t\t\t\t\t\t\t\t\t\t\t\t\t<li><span class=\"c-tag\" data-variant=\"outline\">Allm\u00e4nt<\/span><\/li>\n\t\t\t\t\t\t\t\t\t\t\t\t\t\t\t\t\t<li><span class=\"c-tag\" data-variant=\"outline\">Nyhet<\/span><\/li>\n\t\t\t\t\t\t\t\t\t\t\t\t\t\t\t<\/ul>\n\t\t\t\t\t\t\n\t\t\t\t\t\t<div class=\"c-card__icon\">\n\t\t\t\t\t\t\t\t\t\t\t\t\t\t<svg class=\"ams-icon ams-icon--arrow-right\" width=\"32\" height=\"32\" viewbox=\"0 0 32 32\" fill=\"currentColor\" aria-hidden=\"true\" xmlns=\"http:\/\/www.w3.org\/2000\/svg\">\n\t\t\t\t\t\t\t\t\t\t\t\t\t\t\t\t<path d=\"M15.4617 0.252159L14.9567 0.75931C14.6219 1.09545 14.6219 1.64048 14.9567 1.97669L27.7062 14.7806H0.857144C0.383786 14.7806 0 15.166 0 15.6414V16.3587C0 16.8341 0.383786 17.2195 0.857144 17.2195H27.7062L14.9567 30.0234C14.6219 30.3595 14.6219 30.9045 14.9567 31.2407L15.4617 31.7479C15.7964 32.084 16.3392 32.084 16.6739 31.7479L31.749 16.6087C32.0837 16.2725 32.0837 15.7275 31.749 15.3913L16.6739 0.252159C16.3392 -0.084053 15.7964 -0.084053 15.4617 0.252159Z\"\/>\n\t\t\t\t\t\t\t\n\t\t\t\t\t\t\t<\/svg>\n\t\t\t\t\t\t<\/div>\n\t\t\t\t\t<\/div>\n\n\t\t\t\t\t<div class=\"c-card__media \" style=\" \">\n\t\t\t\t\t\t<img decoding=\"async\" width=\"400\" height=\"267\" src=\"https:\/\/vittra.se\/wp-content\/uploads\/2025\/07\/a5a5407-stor-400x267.jpeg\" class=\"attachment-sm size-sm\" alt=\"Tv\u00e5 flickor sitter bredvid varandra och l\u00e4ser en bok tillsammans.\" sizes=\"(min-width: 64em) 300px, (min-width: 48em) calc(.50 * (100vw - 224px)), calc(100vw - 160px)\" srcset=\"https:\/\/vittra.se\/wp-content\/uploads\/2025\/07\/a5a5407-stor-400x267.jpeg 400w, https:\/\/vittra.se\/wp-content\/uploads\/2025\/07\/a5a5407-stor-300x200.jpeg 300w, https:\/\/vittra.se\/wp-content\/uploads\/2025\/07\/a5a5407-stor-600x400.jpeg 600w, https:\/\/vittra.se\/wp-content\/uploads\/2025\/07\/a5a5407-stor-800x533.jpeg 800w, https:\/\/vittra.se\/wp-content\/uploads\/2025\/07\/a5a5407-stor-1024x682.jpeg 1024w, https:\/\/vittra.se\/wp-content\/uploads\/2025\/07\/a5a5407-stor-1200x800.jpeg 1200w, https:\/\/vittra.se\/wp-content\/uploads\/2025\/07\/a5a5407-stor.jpeg 1280w\" \/>\n\t\t\t\t\t<\/div>\n\t\t\t\t<\/article>\n\t\t\t<\/li>\n\t\t\t\t\t\t\t\t\t\t\t\t\t\t\t\t\t\n\t\t\t\n\t\t\t\n\t\t\t<li class=\"l-col-6@md l-col-4@lg \" data-filter=\"skolutveckling mars-2025\">\n\t\t\t\t<article class=\"c-card  has-media-zoom  \" data-variant=\"border\" data-style=\"square\" data-click-area>\n\t\t\t\t\t<div class=\"c-card__content l-stack l-stack-sm\">\n\n\t\t\t\t\t\t\t\t\t\t\t\t\t<time class=\"c-card__date u-font-small\" datetime=\"2025-03-28\">28 mars, 2025<\/time>\n\t\t\t\t\t\t\n\t\t\t\t\t\t\t\t\t\t\t\t\t<h3 class=\"c-card__title u-font-title-3\">\n\t\t\t\t\t\t\t\t\t\t\t\t\t\t\t\t\t<a class=\"c-card__link\" href=\"https:\/\/vittra.se\/halmstad\/artikel\/lokal\/spraksatsning-halmstad-forskola\">\n\t\t\t\t\t\t\t\t\t\tSpr\u00e5kutveckling genom lek och nyfikenhet\n\t\t\t\t\t\t\t\t\t<\/a>\n\t\t\t\t\t\t\t\t\t\t\t\t\t\t\t<\/h3>\n\t\t\t\t\t\t\n\t\t\t\t\t\t\t\t\t\t\t\t\t<p class=\"c-card__text l-stack-xs u-font-body\">\n\t\t\t\t\t\t\t\tP\u00e5 Vittra Halmstad f\u00f6rskola f\u00e5r barnen en trygg och inspirerande start p\u00e5 sin sp&#8230;\n\t\t\t\t\t\t\t<\/p>\n\t\t\t\t\t\t\n\t\t\t\t\t\t\t\t\t\t\t\t\t<ul class=\"c-card__tags l-stack-grow u-list-none u-pt-md\" aria-label=\"Kategorier\">\n\t\t\t\t\t\t\t\t\t\t\t\t\t\t\t\t\t<li><span class=\"c-tag\" data-variant=\"outline\">Skolutveckling<\/span><\/li>\n\t\t\t\t\t\t\t\t\t\t\t\t\t\t\t<\/ul>\n\t\t\t\t\t\t\n\t\t\t\t\t\t<div class=\"c-card__icon\">\n\t\t\t\t\t\t\t\t\t\t\t\t\t\t<svg class=\"ams-icon ams-icon--arrow-right\" width=\"32\" height=\"32\" viewbox=\"0 0 32 32\" fill=\"currentColor\" aria-hidden=\"true\" xmlns=\"http:\/\/www.w3.org\/2000\/svg\">\n\t\t\t\t\t\t\t\t\t\t\t\t\t\t\t\t<path d=\"M15.4617 0.252159L14.9567 0.75931C14.6219 1.09545 14.6219 1.64048 14.9567 1.97669L27.7062 14.7806H0.857144C0.383786 14.7806 0 15.166 0 15.6414V16.3587C0 16.8341 0.383786 17.2195 0.857144 17.2195H27.7062L14.9567 30.0234C14.6219 30.3595 14.6219 30.9045 14.9567 31.2407L15.4617 31.7479C15.7964 32.084 16.3392 32.084 16.6739 31.7479L31.749 16.6087C32.0837 16.2725 32.0837 15.7275 31.749 15.3913L16.6739 0.252159C16.3392 -0.084053 15.7964 -0.084053 15.4617 0.252159Z\"\/>\n\t\t\t\t\t\t\t\n\t\t\t\t\t\t\t<\/svg>\n\t\t\t\t\t\t<\/div>\n\t\t\t\t\t<\/div>\n\n\t\t\t\t\t<div class=\"c-card__media \" style=\" \">\n\t\t\t\t\t\t<img decoding=\"async\" width=\"400\" height=\"267\" src=\"https:\/\/vittra.se\/wp-content\/uploads\/2025\/03\/vittrahalmstadfotoforskola4ret-400x267.jpg\" class=\"attachment-sm size-sm\" alt=\"\" sizes=\"(min-width: 64em) 300px, (min-width: 48em) calc(.50 * (100vw - 224px)), calc(100vw - 160px)\" srcset=\"https:\/\/vittra.se\/wp-content\/uploads\/2025\/03\/vittrahalmstadfotoforskola4ret-400x267.jpg 400w, https:\/\/vittra.se\/wp-content\/uploads\/2025\/03\/vittrahalmstadfotoforskola4ret-300x200.jpg 300w, https:\/\/vittra.se\/wp-content\/uploads\/2025\/03\/vittrahalmstadfotoforskola4ret-600x400.jpg 600w, https:\/\/vittra.se\/wp-content\/uploads\/2025\/03\/vittrahalmstadfotoforskola4ret-800x533.jpg 800w, https:\/\/vittra.se\/wp-content\/uploads\/2025\/03\/vittrahalmstadfotoforskola4ret-1024x683.jpg 1024w, https:\/\/vittra.se\/wp-content\/uploads\/2025\/03\/vittrahalmstadfotoforskola4ret-1200x800.jpg 1200w, https:\/\/vittra.se\/wp-content\/uploads\/2025\/03\/vittrahalmstadfotoforskola4ret.jpg 1980w\" \/>\n\t\t\t\t\t<\/div>\n\t\t\t\t<\/article>\n\t\t\t<\/li>\n\t\t\t\t\t\t\t\t\t\t\t\t\t\t\t\t\t\n\t\t\t\n\t\t\t\n\t\t\t<li class=\"l-col-6@md l-col-4@lg \" data-filter=\"nyhet oktober-2024\">\n\t\t\t\t<article class=\"c-card  has-media-zoom  \" data-variant=\"border\" data-style=\"square\" data-click-area>\n\t\t\t\t\t<div class=\"c-card__content l-stack l-stack-sm\">\n\n\t\t\t\t\t\t\t\t\t\t\t\t\t<time class=\"c-card__date u-font-small\" datetime=\"2024-10-24\">24 oktober, 2024<\/time>\n\t\t\t\t\t\t\n\t\t\t\t\t\t\t\t\t\t\t\t\t<h3 class=\"c-card__title u-font-title-3\">\n\t\t\t\t\t\t\t\t\t\t\t\t\t\t\t\t\t<a class=\"c-card__link\" href=\"https:\/\/vittra.se\/halmstad\/artikel\/lokal\/fn-dagen\">\n\t\t\t\t\t\t\t\t\t\tVittra firar FN-dagen\n\t\t\t\t\t\t\t\t\t<\/a>\n\t\t\t\t\t\t\t\t\t\t\t\t\t\t\t<\/h3>\n\t\t\t\t\t\t\n\t\t\t\t\t\t\t\t\t\t\t\t\t<p class=\"c-card__text l-stack-xs u-font-body\">\n\t\t\t\t\t\t\t\tV\u00e5ra elever firar FN-dagen \u2013 En global p\u00e5minnelse om fred och samarbete\n\t\t\t\t\t\t\t<\/p>\n\t\t\t\t\t\t\n\t\t\t\t\t\t\t\t\t\t\t\t\t<ul class=\"c-card__tags l-stack-grow u-list-none u-pt-md\" aria-label=\"Kategorier\">\n\t\t\t\t\t\t\t\t\t\t\t\t\t\t\t\t\t<li><span class=\"c-tag\" data-variant=\"outline\">Nyhet<\/span><\/li>\n\t\t\t\t\t\t\t\t\t\t\t\t\t\t\t<\/ul>\n\t\t\t\t\t\t\n\t\t\t\t\t\t<div class=\"c-card__icon\">\n\t\t\t\t\t\t\t\t\t\t\t\t\t\t<svg class=\"ams-icon ams-icon--arrow-right\" width=\"32\" height=\"32\" viewbox=\"0 0 32 32\" fill=\"currentColor\" aria-hidden=\"true\" xmlns=\"http:\/\/www.w3.org\/2000\/svg\">\n\t\t\t\t\t\t\t\t\t\t\t\t\t\t\t\t<path d=\"M15.4617 0.252159L14.9567 0.75931C14.6219 1.09545 14.6219 1.64048 14.9567 1.97669L27.7062 14.7806H0.857144C0.383786 14.7806 0 15.166 0 15.6414V16.3587C0 16.8341 0.383786 17.2195 0.857144 17.2195H27.7062L14.9567 30.0234C14.6219 30.3595 14.6219 30.9045 14.9567 31.2407L15.4617 31.7479C15.7964 32.084 16.3392 32.084 16.6739 31.7479L31.749 16.6087C32.0837 16.2725 32.0837 15.7275 31.749 15.3913L16.6739 0.252159C16.3392 -0.084053 15.7964 -0.084053 15.4617 0.252159Z\"\/>\n\t\t\t\t\t\t\t\n\t\t\t\t\t\t\t<\/svg>\n\t\t\t\t\t\t<\/div>\n\t\t\t\t\t<\/div>\n\n\t\t\t\t\t<div class=\"c-card__media \" style=\" \">\n\t\t\t\t\t\t<img decoding=\"async\" width=\"400\" height=\"225\" src=\"https:\/\/vittra.se\/wp-content\/uploads\/2024\/10\/namnlos-design-400x225.png\" class=\"attachment-sm size-sm\" alt=\"Barns fingrar pekar p\u00e5 en jordglob i traditionella bl\u00e5\/gr\u00f6na f\u00e4rger. I en bl\u00e5 ruta st\u00e5r texten &quot;Idag firar vi FN-dagen!&quot;.\" sizes=\"(min-width: 64em) 300px, (min-width: 48em) calc(.50 * (100vw - 224px)), calc(100vw - 160px)\" srcset=\"https:\/\/vittra.se\/wp-content\/uploads\/2024\/10\/namnlos-design-400x225.png 400w, https:\/\/vittra.se\/wp-content\/uploads\/2024\/10\/namnlos-design-300x169.png 300w, https:\/\/vittra.se\/wp-content\/uploads\/2024\/10\/namnlos-design-600x337.png 600w, https:\/\/vittra.se\/wp-content\/uploads\/2024\/10\/namnlos-design-800x450.png 800w, https:\/\/vittra.se\/wp-content\/uploads\/2024\/10\/namnlos-design-1024x576.png 1024w, https:\/\/vittra.se\/wp-content\/uploads\/2024\/10\/namnlos-design-1200x675.png 1200w, https:\/\/vittra.se\/wp-content\/uploads\/2024\/10\/namnlos-design.png 1654w\" \/>\n\t\t\t\t\t<\/div>\n\t\t\t\t<\/article>\n\t\t\t<\/li>\n\t\t\t\t\t\t\t\t\t\t\t\t\t\t\t\t\t\n\t\t\t\n\t\t\t\n\t\t\t<li class=\"l-col-6@md l-col-4@lg \" data-filter=\"nyhet skolutveckling oktober-2024\">\n\t\t\t\t<article class=\"c-card  has-media-zoom  \" data-variant=\"border\" data-style=\"square\" data-click-area>\n\t\t\t\t\t<div class=\"c-card__content l-stack l-stack-sm\">\n\n\t\t\t\t\t\t\t\t\t\t\t\t\t<time class=\"c-card__date u-font-small\" datetime=\"2024-10-02\">2 oktober, 2024<\/time>\n\t\t\t\t\t\t\n\t\t\t\t\t\t\t\t\t\t\t\t\t<h3 class=\"c-card__title u-font-title-3\">\n\t\t\t\t\t\t\t\t\t\t\t\t\t\t\t\t\t<a class=\"c-card__link\" href=\"https:\/\/vittra.se\/halmstad\/artikel\/lokal\/kvalitetrapporter-23-24\">\n\t\t\t\t\t\t\t\t\t\tV\u00e5ra kvalitetsrapporter \u00e4r publicerade!\n\t\t\t\t\t\t\t\t\t<\/a>\n\t\t\t\t\t\t\t\t\t\t\t\t\t\t\t<\/h3>\n\t\t\t\t\t\t\n\t\t\t\t\t\t\t\t\t\t\t\t\t<p class=\"c-card__text l-stack-xs u-font-body\">\n\t\t\t\t\t\t\t\tRapporterna ger en detaljerad inblick i hur vi arbetar med att utveckla och s\u00e4ke&#8230;\n\t\t\t\t\t\t\t<\/p>\n\t\t\t\t\t\t\n\t\t\t\t\t\t\t\t\t\t\t\t\t<ul class=\"c-card__tags l-stack-grow u-list-none u-pt-md\" aria-label=\"Kategorier\">\n\t\t\t\t\t\t\t\t\t\t\t\t\t\t\t\t\t<li><span class=\"c-tag\" data-variant=\"outline\">Nyhet<\/span><\/li>\n\t\t\t\t\t\t\t\t\t\t\t\t\t\t\t\t\t<li><span class=\"c-tag\" data-variant=\"outline\">Skolutveckling<\/span><\/li>\n\t\t\t\t\t\t\t\t\t\t\t\t\t\t\t<\/ul>\n\t\t\t\t\t\t\n\t\t\t\t\t\t<div class=\"c-card__icon\">\n\t\t\t\t\t\t\t\t\t\t\t\t\t\t<svg class=\"ams-icon ams-icon--arrow-right\" width=\"32\" height=\"32\" viewbox=\"0 0 32 32\" fill=\"currentColor\" aria-hidden=\"true\" xmlns=\"http:\/\/www.w3.org\/2000\/svg\">\n\t\t\t\t\t\t\t\t\t\t\t\t\t\t\t\t<path d=\"M15.4617 0.252159L14.9567 0.75931C14.6219 1.09545 14.6219 1.64048 14.9567 1.97669L27.7062 14.7806H0.857144C0.383786 14.7806 0 15.166 0 15.6414V16.3587C0 16.8341 0.383786 17.2195 0.857144 17.2195H27.7062L14.9567 30.0234C14.6219 30.3595 14.6219 30.9045 14.9567 31.2407L15.4617 31.7479C15.7964 32.084 16.3392 32.084 16.6739 31.7479L31.749 16.6087C32.0837 16.2725 32.0837 15.7275 31.749 15.3913L16.6739 0.252159C16.3392 -0.084053 15.7964 -0.084053 15.4617 0.252159Z\"\/>\n\t\t\t\t\t\t\t\n\t\t\t\t\t\t\t<\/svg>\n\t\t\t\t\t\t<\/div>\n\t\t\t\t\t<\/div>\n\n\t\t\t\t\t<div class=\"c-card__media \" style=\" \">\n\t\t\t\t\t\t<img decoding=\"async\" width=\"400\" height=\"235\" src=\"https:\/\/vittra.se\/wp-content\/uploads\/2024\/10\/skarmavbild-2024-10-02-kl-103748j-400x235.jpg\" class=\"attachment-sm size-sm\" alt=\"En l\u00e4rare sitter mellan tv\u00e5 elever i l\u00e5gstadiet.\" sizes=\"(min-width: 64em) 300px, (min-width: 48em) calc(.50 * (100vw - 224px)), calc(100vw - 160px)\" srcset=\"https:\/\/vittra.se\/wp-content\/uploads\/2024\/10\/skarmavbild-2024-10-02-kl-103748j-400x235.jpg 400w, https:\/\/vittra.se\/wp-content\/uploads\/2024\/10\/skarmavbild-2024-10-02-kl-103748j-300x176.jpg 300w, https:\/\/vittra.se\/wp-content\/uploads\/2024\/10\/skarmavbild-2024-10-02-kl-103748j-600x352.jpg 600w, https:\/\/vittra.se\/wp-content\/uploads\/2024\/10\/skarmavbild-2024-10-02-kl-103748j-800x470.jpg 800w, https:\/\/vittra.se\/wp-content\/uploads\/2024\/10\/skarmavbild-2024-10-02-kl-103748j-1024x601.jpg 1024w, https:\/\/vittra.se\/wp-content\/uploads\/2024\/10\/skarmavbild-2024-10-02-kl-103748j-1200x705.jpg 1200w, https:\/\/vittra.se\/wp-content\/uploads\/2024\/10\/skarmavbild-2024-10-02-kl-103748j.jpg 1996w\" \/>\n\t\t\t\t\t<\/div>\n\t\t\t\t<\/article>\n\t\t\t<\/li>\n\t\t\t\t\t\t\t\t\t\t\t\t\t\t\t\t\t\n\t\t\t\n\t\t\t\n\t\t\t<li class=\"l-col-6@md l-col-4@lg \" data-filter=\"nyhet september-2024\">\n\t\t\t\t<article class=\"c-card  has-media-zoom  \" data-variant=\"border\" data-style=\"square\" data-click-area>\n\t\t\t\t\t<div class=\"c-card__content l-stack l-stack-sm\">\n\n\t\t\t\t\t\t\t\t\t\t\t\t\t<time class=\"c-card__date u-font-small\" datetime=\"2024-09-11\">11 september, 2024<\/time>\n\t\t\t\t\t\t\n\t\t\t\t\t\t\t\t\t\t\t\t\t<h3 class=\"c-card__title u-font-title-3\">\n\t\t\t\t\t\t\t\t\t\t\t\t\t\t\t\t\t<a class=\"c-card__link\" href=\"https:\/\/vittra.se\/halmstad\/artikel\/lokal\/vittradagen-2024\">\n\t\t\t\t\t\t\t\t\t\tIdag firar vi Vittradagen\n\t\t\t\t\t\t\t\t\t<\/a>\n\t\t\t\t\t\t\t\t\t\t\t\t\t\t\t<\/h3>\n\t\t\t\t\t\t\n\t\t\t\t\t\t\t\t\t\t\t\t\t<p class=\"c-card__text l-stack-xs u-font-body\">\n\t\t\t\t\t\t\t\tJ\u00e4mst\u00e4lldhet, v\u00e4rdegrundsfr\u00e5gor, elevinflytande\u2013P\u00e5 Vittradagen lyfter vi det som&#8230;\n\t\t\t\t\t\t\t<\/p>\n\t\t\t\t\t\t\n\t\t\t\t\t\t\t\t\t\t\t\t\t<ul class=\"c-card__tags l-stack-grow u-list-none u-pt-md\" aria-label=\"Kategorier\">\n\t\t\t\t\t\t\t\t\t\t\t\t\t\t\t\t\t<li><span class=\"c-tag\" data-variant=\"outline\">Nyhet<\/span><\/li>\n\t\t\t\t\t\t\t\t\t\t\t\t\t\t\t<\/ul>\n\t\t\t\t\t\t\n\t\t\t\t\t\t<div class=\"c-card__icon\">\n\t\t\t\t\t\t\t\t\t\t\t\t\t\t<svg class=\"ams-icon ams-icon--arrow-right\" width=\"32\" height=\"32\" viewbox=\"0 0 32 32\" fill=\"currentColor\" aria-hidden=\"true\" xmlns=\"http:\/\/www.w3.org\/2000\/svg\">\n\t\t\t\t\t\t\t\t\t\t\t\t\t\t\t\t<path d=\"M15.4617 0.252159L14.9567 0.75931C14.6219 1.09545 14.6219 1.64048 14.9567 1.97669L27.7062 14.7806H0.857144C0.383786 14.7806 0 15.166 0 15.6414V16.3587C0 16.8341 0.383786 17.2195 0.857144 17.2195H27.7062L14.9567 30.0234C14.6219 30.3595 14.6219 30.9045 14.9567 31.2407L15.4617 31.7479C15.7964 32.084 16.3392 32.084 16.6739 31.7479L31.749 16.6087C32.0837 16.2725 32.0837 15.7275 31.749 15.3913L16.6739 0.252159C16.3392 -0.084053 15.7964 -0.084053 15.4617 0.252159Z\"\/>\n\t\t\t\t\t\t\t\n\t\t\t\t\t\t\t<\/svg>\n\t\t\t\t\t\t<\/div>\n\t\t\t\t\t<\/div>\n\n\t\t\t\t\t<div class=\"c-card__media \" style=\" \">\n\t\t\t\t\t\t<img decoding=\"async\" width=\"400\" height=\"245\" src=\"https:\/\/vittra.se\/wp-content\/uploads\/2024\/09\/vittrasplitbild202312elevfn1-e1725958294264-400x245.jpg\" class=\"attachment-sm size-sm\" alt=\"Splittbild d\u00e4r en elev st\u00e5r med ena benet i klassrummet och andra benet p\u00e5 en scen med flaggor bakom sig.\" sizes=\"(min-width: 64em) 300px, (min-width: 48em) calc(.50 * (100vw - 224px)), calc(100vw - 160px)\" srcset=\"https:\/\/vittra.se\/wp-content\/uploads\/2024\/09\/vittrasplitbild202312elevfn1-e1725958294264-400x245.jpg 400w, https:\/\/vittra.se\/wp-content\/uploads\/2024\/09\/vittrasplitbild202312elevfn1-e1725958294264-300x183.jpg 300w, https:\/\/vittra.se\/wp-content\/uploads\/2024\/09\/vittrasplitbild202312elevfn1-e1725958294264-600x367.jpg 600w, https:\/\/vittra.se\/wp-content\/uploads\/2024\/09\/vittrasplitbild202312elevfn1-e1725958294264-800x489.jpg 800w, https:\/\/vittra.se\/wp-content\/uploads\/2024\/09\/vittrasplitbild202312elevfn1-e1725958294264-1024x626.jpg 1024w, https:\/\/vittra.se\/wp-content\/uploads\/2024\/09\/vittrasplitbild202312elevfn1-e1725958294264-1200x734.jpg 1200w, https:\/\/vittra.se\/wp-content\/uploads\/2024\/09\/vittrasplitbild202312elevfn1-e1725958294264.jpg 1980w\" \/>\n\t\t\t\t\t<\/div>\n\t\t\t\t<\/article>\n\t\t\t<\/li>\n\t\t\t\t\t\t\t\t\t\t\t\t\t\t\t\t\t\n\t\t\t\n\t\t\t\n\t\t\t<li class=\"l-col-6@md l-col-4@lg \" data-filter=\"allmant september-2024\">\n\t\t\t\t<article class=\"c-card  has-media-zoom  \" data-variant=\"border\" data-style=\"square\" data-click-area>\n\t\t\t\t\t<div class=\"c-card__content l-stack l-stack-sm\">\n\n\t\t\t\t\t\t\t\t\t\t\t\t\t<time class=\"c-card__date u-font-small\" datetime=\"2024-09-03\">3 september, 2024<\/time>\n\t\t\t\t\t\t\n\t\t\t\t\t\t\t\t\t\t\t\t\t<h3 class=\"c-card__title u-font-title-3\">\n\t\t\t\t\t\t\t\t\t\t\t\t\t\t\t\t\t<a class=\"c-card__link\" href=\"https:\/\/vittra.se\/halmstad\/artikel\/lokal\/oka-medvetenheten\">\n\t\t\t\t\t\t\t\t\t\tUndervisning som \u00f6kar medvetenhet\n\t\t\t\t\t\t\t\t\t<\/a>\n\t\t\t\t\t\t\t\t\t\t\t\t\t\t\t<\/h3>\n\t\t\t\t\t\t\n\t\t\t\t\t\t\t\t\t\t\t\t\t<p class=\"c-card__text l-stack-xs u-font-body\">\n\t\t\t\t\t\t\t\tVittraskolorna vill v\u00e4cka elevers samh\u00e4lls- och h\u00e5llbarhetsengagemang.\n\t\t\t\t\t\t\t<\/p>\n\t\t\t\t\t\t\n\t\t\t\t\t\t\t\t\t\t\t\t\t<ul class=\"c-card__tags l-stack-grow u-list-none u-pt-md\" aria-label=\"Kategorier\">\n\t\t\t\t\t\t\t\t\t\t\t\t\t\t\t\t\t<li><span class=\"c-tag\" data-variant=\"outline\">Allm\u00e4nt<\/span><\/li>\n\t\t\t\t\t\t\t\t\t\t\t\t\t\t\t<\/ul>\n\t\t\t\t\t\t\n\t\t\t\t\t\t<div class=\"c-card__icon\">\n\t\t\t\t\t\t\t\t\t\t\t\t\t\t<svg class=\"ams-icon ams-icon--arrow-right\" width=\"32\" height=\"32\" viewbox=\"0 0 32 32\" fill=\"currentColor\" aria-hidden=\"true\" xmlns=\"http:\/\/www.w3.org\/2000\/svg\">\n\t\t\t\t\t\t\t\t\t\t\t\t\t\t\t\t<path d=\"M15.4617 0.252159L14.9567 0.75931C14.6219 1.09545 14.6219 1.64048 14.9567 1.97669L27.7062 14.7806H0.857144C0.383786 14.7806 0 15.166 0 15.6414V16.3587C0 16.8341 0.383786 17.2195 0.857144 17.2195H27.7062L14.9567 30.0234C14.6219 30.3595 14.6219 30.9045 14.9567 31.2407L15.4617 31.7479C15.7964 32.084 16.3392 32.084 16.6739 31.7479L31.749 16.6087C32.0837 16.2725 32.0837 15.7275 31.749 15.3913L16.6739 0.252159C16.3392 -0.084053 15.7964 -0.084053 15.4617 0.252159Z\"\/>\n\t\t\t\t\t\t\t\n\t\t\t\t\t\t\t<\/svg>\n\t\t\t\t\t\t<\/div>\n\t\t\t\t\t<\/div>\n\n\t\t\t\t\t<div class=\"c-card__media \" style=\" \">\n\t\t\t\t\t\t<img decoding=\"async\" width=\"400\" height=\"267\" src=\"https:\/\/vittra.se\/wp-content\/uploads\/2024\/09\/vittrarosjotorpfotoak38ret-400x267.jpg\" class=\"attachment-sm size-sm\" alt=\"En elev p\u00e5 Vittra presenterar ett skolarbete f\u00f6r sin klass.\" sizes=\"(min-width: 64em) 300px, (min-width: 48em) calc(.50 * (100vw - 224px)), calc(100vw - 160px)\" srcset=\"https:\/\/vittra.se\/wp-content\/uploads\/2024\/09\/vittrarosjotorpfotoak38ret-400x267.jpg 400w, https:\/\/vittra.se\/wp-content\/uploads\/2024\/09\/vittrarosjotorpfotoak38ret-300x200.jpg 300w, https:\/\/vittra.se\/wp-content\/uploads\/2024\/09\/vittrarosjotorpfotoak38ret-600x400.jpg 600w, https:\/\/vittra.se\/wp-content\/uploads\/2024\/09\/vittrarosjotorpfotoak38ret-800x533.jpg 800w, https:\/\/vittra.se\/wp-content\/uploads\/2024\/09\/vittrarosjotorpfotoak38ret-1024x683.jpg 1024w, https:\/\/vittra.se\/wp-content\/uploads\/2024\/09\/vittrarosjotorpfotoak38ret-1200x800.jpg 1200w, https:\/\/vittra.se\/wp-content\/uploads\/2024\/09\/vittrarosjotorpfotoak38ret.jpg 1980w\" \/>\n\t\t\t\t\t<\/div>\n\t\t\t\t<\/article>\n\t\t\t<\/li>\n\t\t\t\t\t\t\t\t\t\t\t\t\t\t\t\t\t\n\t\t\t\n\t\t\t\n\t\t\t<li class=\"l-col-6@md l-col-4@lg \" data-filter=\"allmant augusti-2024\">\n\t\t\t\t<article class=\"c-card  has-media-zoom  \" data-variant=\"border\" data-style=\"square\" data-click-area>\n\t\t\t\t\t<div class=\"c-card__content l-stack l-stack-sm\">\n\n\t\t\t\t\t\t\t\t\t\t\t\t\t<time class=\"c-card__date u-font-small\" datetime=\"2024-08-15\">15 augusti, 2024<\/time>\n\t\t\t\t\t\t\n\t\t\t\t\t\t\t\t\t\t\t\t\t<h3 class=\"c-card__title u-font-title-3\">\n\t\t\t\t\t\t\t\t\t\t\t\t\t\t\t\t\t<a class=\"c-card__link\" href=\"https:\/\/vittra.se\/halmstad\/artikel\/lokal\/skolstart-2024\">\n\t\t\t\t\t\t\t\t\t\t\u00c4ntligen skolstart\n\t\t\t\t\t\t\t\t\t<\/a>\n\t\t\t\t\t\t\t\t\t\t\t\t\t\t\t<\/h3>\n\t\t\t\t\t\t\n\t\t\t\t\t\t\t\t\t\t\t\t\t<p class=\"c-card__text l-stack-xs u-font-body\">\n\t\t\t\t\t\t\t\tIdag har vi v\u00e4lkomnat b\u00e5de nya och gamla elever till skolan efter ett h\u00e4rligt sommarlov.\n\t\t\t\t\t\t\t<\/p>\n\t\t\t\t\t\t\n\t\t\t\t\t\t\t\t\t\t\t\t\t<ul class=\"c-card__tags l-stack-grow u-list-none u-pt-md\" aria-label=\"Kategorier\">\n\t\t\t\t\t\t\t\t\t\t\t\t\t\t\t\t\t<li><span class=\"c-tag\" data-variant=\"outline\">Allm\u00e4nt<\/span><\/li>\n\t\t\t\t\t\t\t\t\t\t\t\t\t\t\t<\/ul>\n\t\t\t\t\t\t\n\t\t\t\t\t\t<div class=\"c-card__icon\">\n\t\t\t\t\t\t\t\t\t\t\t\t\t\t<svg class=\"ams-icon ams-icon--arrow-right\" width=\"32\" height=\"32\" viewbox=\"0 0 32 32\" fill=\"currentColor\" aria-hidden=\"true\" xmlns=\"http:\/\/www.w3.org\/2000\/svg\">\n\t\t\t\t\t\t\t\t\t\t\t\t\t\t\t\t<path d=\"M15.4617 0.252159L14.9567 0.75931C14.6219 1.09545 14.6219 1.64048 14.9567 1.97669L27.7062 14.7806H0.857144C0.383786 14.7806 0 15.166 0 15.6414V16.3587C0 16.8341 0.383786 17.2195 0.857144 17.2195H27.7062L14.9567 30.0234C14.6219 30.3595 14.6219 30.9045 14.9567 31.2407L15.4617 31.7479C15.7964 32.084 16.3392 32.084 16.6739 31.7479L31.749 16.6087C32.0837 16.2725 32.0837 15.7275 31.749 15.3913L16.6739 0.252159C16.3392 -0.084053 15.7964 -0.084053 15.4617 0.252159Z\"\/>\n\t\t\t\t\t\t\t\n\t\t\t\t\t\t\t<\/svg>\n\t\t\t\t\t\t<\/div>\n\t\t\t\t\t<\/div>\n\n\t\t\t\t\t<div class=\"c-card__media \" style=\" \">\n\t\t\t\t\t\t<img decoding=\"async\" width=\"400\" height=\"267\" src=\"https:\/\/vittra.se\/wp-content\/uploads\/2024\/08\/vittra-grundskola-skola-skolstart-202404-400x267.jpg\" class=\"attachment-sm size-sm\" alt=\"Tv\u00e5 elever sitter i ett klassrum, p\u00e5 stolarna h\u00e4nger bl\u00e5 Vittra-ryggs\u00e4ckar.\" sizes=\"(min-width: 64em) 300px, (min-width: 48em) calc(.50 * (100vw - 224px)), calc(100vw - 160px)\" srcset=\"https:\/\/vittra.se\/wp-content\/uploads\/2024\/08\/vittra-grundskola-skola-skolstart-202404-400x267.jpg 400w, https:\/\/vittra.se\/wp-content\/uploads\/2024\/08\/vittra-grundskola-skola-skolstart-202404-300x200.jpg 300w, https:\/\/vittra.se\/wp-content\/uploads\/2024\/08\/vittra-grundskola-skola-skolstart-202404-600x400.jpg 600w, https:\/\/vittra.se\/wp-content\/uploads\/2024\/08\/vittra-grundskola-skola-skolstart-202404-800x533.jpg 800w, https:\/\/vittra.se\/wp-content\/uploads\/2024\/08\/vittra-grundskola-skola-skolstart-202404.jpg 816w\" \/>\n\t\t\t\t\t<\/div>\n\t\t\t\t<\/article>\n\t\t\t<\/li>\n\t\t\t\t\t\t\t\t\t\t\t\t\t\t\t\t\t\n\t\t\t\n\t\t\t\n\t\t\t<li class=\"l-col-6@md l-col-4@lg \" data-filter=\"allmant juni-2024\">\n\t\t\t\t<article class=\"c-card  has-media-zoom  \" data-variant=\"border\" data-style=\"square\" data-click-area>\n\t\t\t\t\t<div class=\"c-card__content l-stack l-stack-sm\">\n\n\t\t\t\t\t\t\t\t\t\t\t\t\t<time class=\"c-card__date u-font-small\" datetime=\"2024-06-28\">28 juni, 2024<\/time>\n\t\t\t\t\t\t\n\t\t\t\t\t\t\t\t\t\t\t\t\t<h3 class=\"c-card__title u-font-title-3\">\n\t\t\t\t\t\t\t\t\t\t\t\t\t\t\t\t\t<a class=\"c-card__link\" href=\"https:\/\/vittra.se\/halmstad\/artikel\/lokal\/sommar-2024\">\n\t\t\t\t\t\t\t\t\t\tGlad sommar fr\u00e5n oss p\u00e5 Vittra!\n\t\t\t\t\t\t\t\t\t<\/a>\n\t\t\t\t\t\t\t\t\t\t\t\t\t\t\t<\/h3>\n\t\t\t\t\t\t\n\t\t\t\t\t\t\t\t\t\t\t\t\t<p class=\"c-card__text l-stack-xs u-font-body\">\n\t\t\t\t\t\t\t\tVi blickar tillbaka p\u00e5 l\u00e4s\u00e5ret som g\u00e5tt.\n\t\t\t\t\t\t\t<\/p>\n\t\t\t\t\t\t\n\t\t\t\t\t\t\t\t\t\t\t\t\t<ul class=\"c-card__tags l-stack-grow u-list-none u-pt-md\" aria-label=\"Kategorier\">\n\t\t\t\t\t\t\t\t\t\t\t\t\t\t\t\t\t<li><span class=\"c-tag\" data-variant=\"outline\">Allm\u00e4nt<\/span><\/li>\n\t\t\t\t\t\t\t\t\t\t\t\t\t\t\t<\/ul>\n\t\t\t\t\t\t\n\t\t\t\t\t\t<div class=\"c-card__icon\">\n\t\t\t\t\t\t\t\t\t\t\t\t\t\t<svg class=\"ams-icon ams-icon--arrow-right\" width=\"32\" height=\"32\" viewbox=\"0 0 32 32\" fill=\"currentColor\" aria-hidden=\"true\" xmlns=\"http:\/\/www.w3.org\/2000\/svg\">\n\t\t\t\t\t\t\t\t\t\t\t\t\t\t\t\t<path d=\"M15.4617 0.252159L14.9567 0.75931C14.6219 1.09545 14.6219 1.64048 14.9567 1.97669L27.7062 14.7806H0.857144C0.383786 14.7806 0 15.166 0 15.6414V16.3587C0 16.8341 0.383786 17.2195 0.857144 17.2195H27.7062L14.9567 30.0234C14.6219 30.3595 14.6219 30.9045 14.9567 31.2407L15.4617 31.7479C15.7964 32.084 16.3392 32.084 16.6739 31.7479L31.749 16.6087C32.0837 16.2725 32.0837 15.7275 31.749 15.3913L16.6739 0.252159C16.3392 -0.084053 15.7964 -0.084053 15.4617 0.252159Z\"\/>\n\t\t\t\t\t\t\t\n\t\t\t\t\t\t\t<\/svg>\n\t\t\t\t\t\t<\/div>\n\t\t\t\t\t<\/div>\n\n\t\t\t\t\t<div class=\"c-card__media \" style=\" \">\n\t\t\t\t\t\t<img decoding=\"async\" width=\"400\" height=\"600\" src=\"https:\/\/vittra.se\/wp-content\/uploads\/2024\/06\/vittra-sommar-202205-400x600.jpg\" class=\"attachment-sm size-sm\" alt=\"\" sizes=\"(min-width: 64em) 300px, (min-width: 48em) calc(.50 * (100vw - 224px)), calc(100vw - 160px)\" srcset=\"https:\/\/vittra.se\/wp-content\/uploads\/2024\/06\/vittra-sommar-202205-400x600.jpg 400w, https:\/\/vittra.se\/wp-content\/uploads\/2024\/06\/vittra-sommar-202205-300x450.jpg 300w, https:\/\/vittra.se\/wp-content\/uploads\/2024\/06\/vittra-sommar-202205-600x900.jpg 600w, https:\/\/vittra.se\/wp-content\/uploads\/2024\/06\/vittra-sommar-202205-800x1200.jpg 800w, https:\/\/vittra.se\/wp-content\/uploads\/2024\/06\/vittra-sommar-202205-1024x1536.jpg 1024w, https:\/\/vittra.se\/wp-content\/uploads\/2024\/06\/vittra-sommar-202205-1200x1800.jpg 1200w, https:\/\/vittra.se\/wp-content\/uploads\/2024\/06\/vittra-sommar-202205.jpg 1320w\" \/>\n\t\t\t\t\t<\/div>\n\t\t\t\t<\/article>\n\t\t\t<\/li>\n\t\t\t\t\t\t\t\t\t\t\t\t\t\t\t\t\t\n\t\t\t\n\t\t\t\n\t\t\t<li class=\"l-col-6@md l-col-4@lg \" data-filter=\"nyhet januari-2024\">\n\t\t\t\t<article class=\"c-card  has-media-zoom  \" data-variant=\"border\" data-style=\"square\" data-click-area>\n\t\t\t\t\t<div class=\"c-card__content l-stack l-stack-sm\">\n\n\t\t\t\t\t\t\t\t\t\t\t\t\t<time class=\"c-card__date u-font-small\" datetime=\"2024-01-23\">23 januari, 2024<\/time>\n\t\t\t\t\t\t\n\t\t\t\t\t\t\t\t\t\t\t\t\t<h3 class=\"c-card__title u-font-title-3\">\n\t\t\t\t\t\t\t\t\t\t\t\t\t\t\t\t\t<a class=\"c-card__link\" href=\"https:\/\/vittra.se\/halmstad\/artikel\/lokal\/3-tips-infor-skolvalet\">\n\t\t\t\t\t\t\t\t\t\t3 tips inf\u00f6r skolvalet\n\t\t\t\t\t\t\t\t\t<\/a>\n\t\t\t\t\t\t\t\t\t\t\t\t\t\t\t<\/h3>\n\t\t\t\t\t\t\n\t\t\t\t\t\t\t\t\t\t\t\t\t<p class=\"c-card__text l-stack-xs u-font-body\">\n\t\t\t\t\t\t\t\tDags att v\u00e4lja skola? Ta del av v\u00e5ra 3 tips p\u00e5 vad som kan vara bra att t\u00e4nka p\u00e5.\n\t\t\t\t\t\t\t<\/p>\n\t\t\t\t\t\t\n\t\t\t\t\t\t\t\t\t\t\t\t\t<ul class=\"c-card__tags l-stack-grow u-list-none u-pt-md\" aria-label=\"Kategorier\">\n\t\t\t\t\t\t\t\t\t\t\t\t\t\t\t\t\t<li><span class=\"c-tag\" data-variant=\"outline\">Nyhet<\/span><\/li>\n\t\t\t\t\t\t\t\t\t\t\t\t\t\t\t<\/ul>\n\t\t\t\t\t\t\n\t\t\t\t\t\t<div class=\"c-card__icon\">\n\t\t\t\t\t\t\t\t\t\t\t\t\t\t<svg class=\"ams-icon ams-icon--arrow-right\" width=\"32\" height=\"32\" viewbox=\"0 0 32 32\" fill=\"currentColor\" aria-hidden=\"true\" xmlns=\"http:\/\/www.w3.org\/2000\/svg\">\n\t\t\t\t\t\t\t\t\t\t\t\t\t\t\t\t<path d=\"M15.4617 0.252159L14.9567 0.75931C14.6219 1.09545 14.6219 1.64048 14.9567 1.97669L27.7062 14.7806H0.857144C0.383786 14.7806 0 15.166 0 15.6414V16.3587C0 16.8341 0.383786 17.2195 0.857144 17.2195H27.7062L14.9567 30.0234C14.6219 30.3595 14.6219 30.9045 14.9567 31.2407L15.4617 31.7479C15.7964 32.084 16.3392 32.084 16.6739 31.7479L31.749 16.6087C32.0837 16.2725 32.0837 15.7275 31.749 15.3913L16.6739 0.252159C16.3392 -0.084053 15.7964 -0.084053 15.4617 0.252159Z\"\/>\n\t\t\t\t\t\t\t\n\t\t\t\t\t\t\t<\/svg>\n\t\t\t\t\t\t<\/div>\n\t\t\t\t\t<\/div>\n\n\t\t\t\t\t<div class=\"c-card__media \" style=\" \">\n\t\t\t\t\t\t<img decoding=\"async\" width=\"400\" height=\"267\" src=\"https:\/\/vittra.se\/wp-content\/uploads\/2025\/08\/vittrasamset202506fsk103-400x267.jpg\" class=\"attachment-sm size-sm\" alt=\"Fyra elever springer ute p\u00e5 gr\u00e4set och ler mot kameran\" sizes=\"(min-width: 64em) 300px, (min-width: 48em) calc(.50 * (100vw - 224px)), calc(100vw - 160px)\" srcset=\"https:\/\/vittra.se\/wp-content\/uploads\/2025\/08\/vittrasamset202506fsk103-400x267.jpg 400w, https:\/\/vittra.se\/wp-content\/uploads\/2025\/08\/vittrasamset202506fsk103-300x200.jpg 300w, https:\/\/vittra.se\/wp-content\/uploads\/2025\/08\/vittrasamset202506fsk103-600x400.jpg 600w, https:\/\/vittra.se\/wp-content\/uploads\/2025\/08\/vittrasamset202506fsk103-800x534.jpg 800w, https:\/\/vittra.se\/wp-content\/uploads\/2025\/08\/vittrasamset202506fsk103.jpg 1000w\" \/>\n\t\t\t\t\t<\/div>\n\t\t\t\t<\/article>\n\t\t\t<\/li>\n\t\t\t\t\t\t\t\t\t\t\t\t\t\t\t\t\t\n\t\t\t\n\t\t\t\n\t\t\t<li class=\"l-col-6@md l-col-4@lg \" data-filter=\"allmant december-2023\">\n\t\t\t\t<article class=\"c-card  has-media-zoom  \" data-variant=\"border\" data-style=\"square\" data-click-area>\n\t\t\t\t\t<div class=\"c-card__content l-stack l-stack-sm\">\n\n\t\t\t\t\t\t\t\t\t\t\t\t\t<time class=\"c-card__date u-font-small\" datetime=\"2023-12-22\">22 december, 2023<\/time>\n\t\t\t\t\t\t\n\t\t\t\t\t\t\t\t\t\t\t\t\t<h3 class=\"c-card__title u-font-title-3\">\n\t\t\t\t\t\t\t\t\t\t\t\t\t\t\t\t\t<a class=\"c-card__link\" href=\"https:\/\/vittra.se\/halmstad\/artikel\/lokal\/tillsammans-gor-vi-skillnad\">\n\t\t\t\t\t\t\t\t\t\tTillsammans g\u00f6r vi skillnad\n\t\t\t\t\t\t\t\t\t<\/a>\n\t\t\t\t\t\t\t\t\t\t\t\t\t\t\t<\/h3>\n\t\t\t\t\t\t\n\t\t\t\t\t\t\t\t\t\t\t\t\t<p class=\"c-card__text l-stack-xs u-font-body\">\n\t\t\t\t\t\t\t\tDen kraften ville vi visa p\u00e5 i \u00e5r genom att alla Vittraskolorna.\n\t\t\t\t\t\t\t<\/p>\n\t\t\t\t\t\t\n\t\t\t\t\t\t\t\t\t\t\t\t\t<ul class=\"c-card__tags l-stack-grow u-list-none u-pt-md\" aria-label=\"Kategorier\">\n\t\t\t\t\t\t\t\t\t\t\t\t\t\t\t\t\t<li><span class=\"c-tag\" data-variant=\"outline\">Allm\u00e4nt<\/span><\/li>\n\t\t\t\t\t\t\t\t\t\t\t\t\t\t\t<\/ul>\n\t\t\t\t\t\t\n\t\t\t\t\t\t<div class=\"c-card__icon\">\n\t\t\t\t\t\t\t\t\t\t\t\t\t\t<svg class=\"ams-icon ams-icon--arrow-right\" width=\"32\" height=\"32\" viewbox=\"0 0 32 32\" fill=\"currentColor\" aria-hidden=\"true\" xmlns=\"http:\/\/www.w3.org\/2000\/svg\">\n\t\t\t\t\t\t\t\t\t\t\t\t\t\t\t\t<path d=\"M15.4617 0.252159L14.9567 0.75931C14.6219 1.09545 14.6219 1.64048 14.9567 1.97669L27.7062 14.7806H0.857144C0.383786 14.7806 0 15.166 0 15.6414V16.3587C0 16.8341 0.383786 17.2195 0.857144 17.2195H27.7062L14.9567 30.0234C14.6219 30.3595 14.6219 30.9045 14.9567 31.2407L15.4617 31.7479C15.7964 32.084 16.3392 32.084 16.6739 31.7479L31.749 16.6087C32.0837 16.2725 32.0837 15.7275 31.749 15.3913L16.6739 0.252159C16.3392 -0.084053 15.7964 -0.084053 15.4617 0.252159Z\"\/>\n\t\t\t\t\t\t\t\n\t\t\t\t\t\t\t<\/svg>\n\t\t\t\t\t\t<\/div>\n\t\t\t\t\t<\/div>\n\n\t\t\t\t\t<div class=\"c-card__media \" style=\" \">\n\t\t\t\t\t\t<img decoding=\"async\" width=\"400\" height=\"400\" src=\"https:\/\/vittra.se\/wp-content\/uploads\/2023\/12\/vittrasomemusikhjalpen1.png\" class=\"attachment-sm size-sm\" alt=\"Vittra hj\u00e4rta Musikhj\u00e4lpen\" sizes=\"(min-width: 64em) 300px, (min-width: 48em) calc(.50 * (100vw - 224px)), calc(100vw - 160px)\" srcset=\"https:\/\/vittra.se\/wp-content\/uploads\/2023\/12\/vittrasomemusikhjalpen1.png 4500w, https:\/\/vittra.se\/wp-content\/uploads\/2023\/12\/vittrasomemusikhjalpen1-300x300.png 300w, https:\/\/vittra.se\/wp-content\/uploads\/2023\/12\/vittrasomemusikhjalpen1-1024x1024.png 1024w, https:\/\/vittra.se\/wp-content\/uploads\/2023\/12\/vittrasomemusikhjalpen1-150x150.png 150w, https:\/\/vittra.se\/wp-content\/uploads\/2023\/12\/vittrasomemusikhjalpen1-768x768.png 768w, https:\/\/vittra.se\/wp-content\/uploads\/2023\/12\/vittrasomemusikhjalpen1-1536x1536.png 1536w, https:\/\/vittra.se\/wp-content\/uploads\/2023\/12\/vittrasomemusikhjalpen1-2048x2048.png 2048w, https:\/\/vittra.se\/wp-content\/uploads\/2023\/12\/vittrasomemusikhjalpen1-1920x1920.png 1920w, https:\/\/vittra.se\/wp-content\/uploads\/2023\/12\/vittrasomemusikhjalpen1-500x500.png 500w, https:\/\/vittra.se\/wp-content\/uploads\/2023\/12\/vittrasomemusikhjalpen1-229x229.png 229w, https:\/\/vittra.se\/wp-content\/uploads\/2023\/12\/vittrasomemusikhjalpen1-340x340.png 340w, https:\/\/vittra.se\/wp-content\/uploads\/2023\/12\/vittrasomemusikhjalpen1-1100x1100.png 1100w, https:\/\/vittra.se\/wp-content\/uploads\/2023\/12\/vittrasomemusikhjalpen1-670x670.png 670w, https:\/\/vittra.se\/wp-content\/uploads\/2023\/12\/vittrasomemusikhjalpen1-100x100.png 100w, https:\/\/vittra.se\/wp-content\/uploads\/2023\/12\/vittrasomemusikhjalpen1-515x515.png 515w\" \/>\n\t\t\t\t\t<\/div>\n\t\t\t\t<\/article>\n\t\t\t<\/li>\n\t\t\t\t\t\t\t\t\t\t\t\t\t\t\t\t\t\n\t\t\t\n\t\t\t\n\t\t\t<li class=\"l-col-6@md l-col-4@lg \" data-filter=\"allmant december-2023\">\n\t\t\t\t<article class=\"c-card  has-media-zoom  \" data-variant=\"border\" data-style=\"square\" data-click-area>\n\t\t\t\t\t<div class=\"c-card__content l-stack l-stack-sm\">\n\n\t\t\t\t\t\t\t\t\t\t\t\t\t<time class=\"c-card__date u-font-small\" datetime=\"2023-12-19\">19 december, 2023<\/time>\n\t\t\t\t\t\t\n\t\t\t\t\t\t\t\t\t\t\t\t\t<h3 class=\"c-card__title u-font-title-3\">\n\t\t\t\t\t\t\t\t\t\t\t\t\t\t\t\t\t<a class=\"c-card__link\" href=\"https:\/\/vittra.se\/halmstad\/artikel\/lokal\/god-jul-onskar-vittra\">\n\t\t\t\t\t\t\t\t\t\tGod jul \u00f6nskar Vittra!\n\t\t\t\t\t\t\t\t\t<\/a>\n\t\t\t\t\t\t\t\t\t\t\t\t\t\t\t<\/h3>\n\t\t\t\t\t\t\n\t\t\t\t\t\t\t\t\t\t\t\t\t<p class=\"c-card__text l-stack-xs u-font-body\">\n\t\t\t\t\t\t\t\tVi \u00f6nskar dig en god jul och ett gott nytt \u00e5r!\n\t\t\t\t\t\t\t<\/p>\n\t\t\t\t\t\t\n\t\t\t\t\t\t\t\t\t\t\t\t\t<ul class=\"c-card__tags l-stack-grow u-list-none u-pt-md\" aria-label=\"Kategorier\">\n\t\t\t\t\t\t\t\t\t\t\t\t\t\t\t\t\t<li><span class=\"c-tag\" data-variant=\"outline\">Allm\u00e4nt<\/span><\/li>\n\t\t\t\t\t\t\t\t\t\t\t\t\t\t\t<\/ul>\n\t\t\t\t\t\t\n\t\t\t\t\t\t<div class=\"c-card__icon\">\n\t\t\t\t\t\t\t\t\t\t\t\t\t\t<svg class=\"ams-icon ams-icon--arrow-right\" width=\"32\" height=\"32\" viewbox=\"0 0 32 32\" fill=\"currentColor\" aria-hidden=\"true\" xmlns=\"http:\/\/www.w3.org\/2000\/svg\">\n\t\t\t\t\t\t\t\t\t\t\t\t\t\t\t\t<path d=\"M15.4617 0.252159L14.9567 0.75931C14.6219 1.09545 14.6219 1.64048 14.9567 1.97669L27.7062 14.7806H0.857144C0.383786 14.7806 0 15.166 0 15.6414V16.3587C0 16.8341 0.383786 17.2195 0.857144 17.2195H27.7062L14.9567 30.0234C14.6219 30.3595 14.6219 30.9045 14.9567 31.2407L15.4617 31.7479C15.7964 32.084 16.3392 32.084 16.6739 31.7479L31.749 16.6087C32.0837 16.2725 32.0837 15.7275 31.749 15.3913L16.6739 0.252159C16.3392 -0.084053 15.7964 -0.084053 15.4617 0.252159Z\"\/>\n\t\t\t\t\t\t\t\n\t\t\t\t\t\t\t<\/svg>\n\t\t\t\t\t\t<\/div>\n\t\t\t\t\t<\/div>\n\n\t\t\t\t\t<div class=\"c-card__media \" style=\" \">\n\t\t\t\t\t\t<img decoding=\"async\" width=\"400\" height=\"400\" src=\"https:\/\/vittra.se\/wp-content\/uploads\/2023\/12\/vittrasomejul1080x1080.png\" class=\"attachment-sm size-sm\" alt=\"God jul och gott nytt \u00e5r \u00f6nskar Vittra!\" sizes=\"(min-width: 64em) 300px, (min-width: 48em) calc(.50 * (100vw - 224px)), calc(100vw - 160px)\" srcset=\"https:\/\/vittra.se\/wp-content\/uploads\/2023\/12\/vittrasomejul1080x1080.png 4500w, https:\/\/vittra.se\/wp-content\/uploads\/2023\/12\/vittrasomejul1080x1080-300x300.png 300w, https:\/\/vittra.se\/wp-content\/uploads\/2023\/12\/vittrasomejul1080x1080-1024x1024.png 1024w, https:\/\/vittra.se\/wp-content\/uploads\/2023\/12\/vittrasomejul1080x1080-150x150.png 150w, https:\/\/vittra.se\/wp-content\/uploads\/2023\/12\/vittrasomejul1080x1080-768x768.png 768w, https:\/\/vittra.se\/wp-content\/uploads\/2023\/12\/vittrasomejul1080x1080-1536x1536.png 1536w, https:\/\/vittra.se\/wp-content\/uploads\/2023\/12\/vittrasomejul1080x1080-2048x2048.png 2048w, https:\/\/vittra.se\/wp-content\/uploads\/2023\/12\/vittrasomejul1080x1080-1920x1920.png 1920w, https:\/\/vittra.se\/wp-content\/uploads\/2023\/12\/vittrasomejul1080x1080-500x500.png 500w, https:\/\/vittra.se\/wp-content\/uploads\/2023\/12\/vittrasomejul1080x1080-229x229.png 229w, https:\/\/vittra.se\/wp-content\/uploads\/2023\/12\/vittrasomejul1080x1080-340x340.png 340w, https:\/\/vittra.se\/wp-content\/uploads\/2023\/12\/vittrasomejul1080x1080-1100x1100.png 1100w, https:\/\/vittra.se\/wp-content\/uploads\/2023\/12\/vittrasomejul1080x1080-670x670.png 670w, https:\/\/vittra.se\/wp-content\/uploads\/2023\/12\/vittrasomejul1080x1080-100x100.png 100w, https:\/\/vittra.se\/wp-content\/uploads\/2023\/12\/vittrasomejul1080x1080-515x515.png 515w\" \/>\n\t\t\t\t\t<\/div>\n\t\t\t\t<\/article>\n\t\t\t<\/li>\n\t\t\t\t\t\t\t\t\t\t\t\t\t\t\t\t\t\n\t\t\t\n\t\t\t\n\t\t\t<li class=\"l-col-6@md l-col-4@lg \" data-filter=\"allmant november-2023\">\n\t\t\t\t<article class=\"c-card  has-media-zoom  \" data-variant=\"border\" data-style=\"square\" data-click-area>\n\t\t\t\t\t<div class=\"c-card__content l-stack l-stack-sm\">\n\n\t\t\t\t\t\t\t\t\t\t\t\t\t<time class=\"c-card__date u-font-small\" datetime=\"2023-11-27\">27 november, 2023<\/time>\n\t\t\t\t\t\t\n\t\t\t\t\t\t\t\t\t\t\t\t\t<h3 class=\"c-card__title u-font-title-3\">\n\t\t\t\t\t\t\t\t\t\t\t\t\t\t\t\t\t<a class=\"c-card__link\" href=\"https:\/\/vittra.se\/halmstad\/artikel\/tips-infor-skolvalet\/\">\n\t\t\t\t\t\t\t\t\t\tHar du gjort ett skolval?\n\t\t\t\t\t\t\t\t\t<\/a>\n\t\t\t\t\t\t\t\t\t\t\t\t\t\t\t<\/h3>\n\t\t\t\t\t\t\n\t\t\t\t\t\t\t\t\t\t\t\t\t<p class=\"c-card__text l-stack-xs u-font-body\">\n\t\t\t\t\t\t\t\tSpecialpedagogens tips \u2013 s\u00e5 g\u00f6r du ett v\u00e4lgrundat skolval\n\t\t\t\t\t\t\t<\/p>\n\t\t\t\t\t\t\n\t\t\t\t\t\t\t\t\t\t\t\t\t<ul class=\"c-card__tags l-stack-grow u-list-none u-pt-md\" aria-label=\"Kategorier\">\n\t\t\t\t\t\t\t\t\t\t\t\t\t\t\t\t\t<li><span class=\"c-tag\" data-variant=\"outline\">Allm\u00e4nt<\/span><\/li>\n\t\t\t\t\t\t\t\t\t\t\t\t\t\t\t<\/ul>\n\t\t\t\t\t\t\n\t\t\t\t\t\t<div class=\"c-card__icon\">\n\t\t\t\t\t\t\t\t\t\t\t\t\t\t<svg class=\"ams-icon ams-icon--arrow-right\" width=\"32\" height=\"32\" viewbox=\"0 0 32 32\" fill=\"currentColor\" aria-hidden=\"true\" xmlns=\"http:\/\/www.w3.org\/2000\/svg\">\n\t\t\t\t\t\t\t\t\t\t\t\t\t\t\t\t<path d=\"M15.4617 0.252159L14.9567 0.75931C14.6219 1.09545 14.6219 1.64048 14.9567 1.97669L27.7062 14.7806H0.857144C0.383786 14.7806 0 15.166 0 15.6414V16.3587C0 16.8341 0.383786 17.2195 0.857144 17.2195H27.7062L14.9567 30.0234C14.6219 30.3595 14.6219 30.9045 14.9567 31.2407L15.4617 31.7479C15.7964 32.084 16.3392 32.084 16.6739 31.7479L31.749 16.6087C32.0837 16.2725 32.0837 15.7275 31.749 15.3913L16.6739 0.252159C16.3392 -0.084053 15.7964 -0.084053 15.4617 0.252159Z\"\/>\n\t\t\t\t\t\t\t\n\t\t\t\t\t\t\t<\/svg>\n\t\t\t\t\t\t<\/div>\n\t\t\t\t\t<\/div>\n\n\t\t\t\t\t<div class=\"c-card__media \" style=\" \">\n\t\t\t\t\t\t<img decoding=\"async\" width=\"400\" height=\"269\" src=\"https:\/\/vittra.se\/wp-content\/uploads\/sites\/9\/2022\/12\/vittraskolvalartikelkortv4.jpg\" class=\"attachment-sm size-sm\" alt=\"\" sizes=\"(min-width: 64em) 300px, (min-width: 48em) calc(.50 * (100vw - 224px)), calc(100vw - 160px)\" srcset=\"https:\/\/vittra.se\/wp-content\/uploads\/sites\/9\/2022\/12\/vittraskolvalartikelkortv4.jpg 1071w, https:\/\/vittra.se\/wp-content\/uploads\/sites\/9\/2022\/12\/vittraskolvalartikelkortv4-300x202.jpg 300w, https:\/\/vittra.se\/wp-content\/uploads\/sites\/9\/2022\/12\/vittraskolvalartikelkortv4-1024x688.jpg 1024w, https:\/\/vittra.se\/wp-content\/uploads\/sites\/9\/2022\/12\/vittraskolvalartikelkortv4-768x516.jpg 768w, https:\/\/vittra.se\/wp-content\/uploads\/sites\/9\/2022\/12\/vittraskolvalartikelkortv4-500x336.jpg 500w, https:\/\/vittra.se\/wp-content\/uploads\/sites\/9\/2022\/12\/vittraskolvalartikelkortv4-340x229.jpg 340w, https:\/\/vittra.se\/wp-content\/uploads\/sites\/9\/2022\/12\/vittraskolvalartikelkortv4-997x670.jpg 997w\" \/>\n\t\t\t\t\t<\/div>\n\t\t\t\t<\/article>\n\t\t\t<\/li>\n\t\t\t\t\t\t\t\t\t\t\t\t\t\t\t\t\t\n\t\t\t\n\t\t\t\n\t\t\t<li class=\"l-col-6@md l-col-4@lg \" data-filter=\"nyhet september-2023\">\n\t\t\t\t<article class=\"c-card  has-media-zoom  \" data-variant=\"border\" data-style=\"square\" data-click-area>\n\t\t\t\t\t<div class=\"c-card__content l-stack l-stack-sm\">\n\n\t\t\t\t\t\t\t\t\t\t\t\t\t<time class=\"c-card__date u-font-small\" datetime=\"2023-09-20\">20 september, 2023<\/time>\n\t\t\t\t\t\t\n\t\t\t\t\t\t\t\t\t\t\t\t\t<h3 class=\"c-card__title u-font-title-3\">\n\t\t\t\t\t\t\t\t\t\t\t\t\t\t\t\t\t<a class=\"c-card__link\" href=\"https:\/\/vittra.se\/halmstad\/artikel\/lokal\/30-arsfirande\">\n\t\t\t\t\t\t\t\t\t\tKalas f\u00f6r Vittra 30 \u00e5r\n\t\t\t\t\t\t\t\t\t<\/a>\n\t\t\t\t\t\t\t\t\t\t\t\t\t\t\t<\/h3>\n\t\t\t\t\t\t\n\t\t\t\t\t\t\t\t\t\t\t\t\t<p class=\"c-card__text l-stack-xs u-font-body\">\n\t\t\t\t\t\t\t\tDen 13 september firade vi att Vittra fyller 30 \u00e5r.\n\t\t\t\t\t\t\t<\/p>\n\t\t\t\t\t\t\n\t\t\t\t\t\t\t\t\t\t\t\t\t<ul class=\"c-card__tags l-stack-grow u-list-none u-pt-md\" aria-label=\"Kategorier\">\n\t\t\t\t\t\t\t\t\t\t\t\t\t\t\t\t\t<li><span class=\"c-tag\" data-variant=\"outline\">Nyhet<\/span><\/li>\n\t\t\t\t\t\t\t\t\t\t\t\t\t\t\t<\/ul>\n\t\t\t\t\t\t\n\t\t\t\t\t\t<div class=\"c-card__icon\">\n\t\t\t\t\t\t\t\t\t\t\t\t\t\t<svg class=\"ams-icon ams-icon--arrow-right\" width=\"32\" height=\"32\" viewbox=\"0 0 32 32\" fill=\"currentColor\" aria-hidden=\"true\" xmlns=\"http:\/\/www.w3.org\/2000\/svg\">\n\t\t\t\t\t\t\t\t\t\t\t\t\t\t\t\t<path d=\"M15.4617 0.252159L14.9567 0.75931C14.6219 1.09545 14.6219 1.64048 14.9567 1.97669L27.7062 14.7806H0.857144C0.383786 14.7806 0 15.166 0 15.6414V16.3587C0 16.8341 0.383786 17.2195 0.857144 17.2195H27.7062L14.9567 30.0234C14.6219 30.3595 14.6219 30.9045 14.9567 31.2407L15.4617 31.7479C15.7964 32.084 16.3392 32.084 16.6739 31.7479L31.749 16.6087C32.0837 16.2725 32.0837 15.7275 31.749 15.3913L16.6739 0.252159C16.3392 -0.084053 15.7964 -0.084053 15.4617 0.252159Z\"\/>\n\t\t\t\t\t\t\t\n\t\t\t\t\t\t\t<\/svg>\n\t\t\t\t\t\t<\/div>\n\t\t\t\t\t<\/div>\n\n\t\t\t\t\t<div class=\"c-card__media \" style=\" \">\n\t\t\t\t\t\t<img decoding=\"async\" width=\"400\" height=\"329\" src=\"https:\/\/vittra.se\/wp-content\/uploads\/2023\/09\/vittra-forsglantan-30ar-41.jpg\" class=\"attachment-sm size-sm\" alt=\"Evenemang f\u00f6r Vittra 30 \u00e5r p\u00e5 skolan, elever sitter i matsalen\" sizes=\"(min-width: 64em) 300px, (min-width: 48em) calc(.50 * (100vw - 224px)), calc(100vw - 160px)\" srcset=\"https:\/\/vittra.se\/wp-content\/uploads\/2023\/09\/vittra-forsglantan-30ar-41.jpg 500w, https:\/\/vittra.se\/wp-content\/uploads\/2023\/09\/vittra-forsglantan-30ar-41-300x247.jpg 300w, https:\/\/vittra.se\/wp-content\/uploads\/2023\/09\/vittra-forsglantan-30ar-41-279x229.jpg 279w, https:\/\/vittra.se\/wp-content\/uploads\/2023\/09\/vittra-forsglantan-30ar-41-340x279.jpg 340w\" \/>\n\t\t\t\t\t<\/div>\n\t\t\t\t<\/article>\n\t\t\t<\/li>\n\t\t\t\t\t\t\t\t\t\t\t\t\t\t\t\t\t\n\t\t\t\n\t\t\t\n\t\t\t<li class=\"l-col-6@md l-col-4@lg \" data-filter=\"nyhet september-2023\">\n\t\t\t\t<article class=\"c-card  has-media-zoom  \" data-variant=\"border\" data-style=\"square\" data-click-area>\n\t\t\t\t\t<div class=\"c-card__content l-stack l-stack-sm\">\n\n\t\t\t\t\t\t\t\t\t\t\t\t\t<time class=\"c-card__date u-font-small\" datetime=\"2023-09-12\">12 september, 2023<\/time>\n\t\t\t\t\t\t\n\t\t\t\t\t\t\t\t\t\t\t\t\t<h3 class=\"c-card__title u-font-title-3\">\n\t\t\t\t\t\t\t\t\t\t\t\t\t\t\t\t\t<a class=\"c-card__link\" href=\"https:\/\/vittra.se\/halmstad\/artikel\/jubileumsdag-for-elever-pa-vittra-halmstad\/\">\n\t\t\t\t\t\t\t\t\t\tJubileumsdag f\u00f6r elever p\u00e5 Vittra Halmstad\n\t\t\t\t\t\t\t\t\t<\/a>\n\t\t\t\t\t\t\t\t\t\t\t\t\t\t\t<\/h3>\n\t\t\t\t\t\t\n\t\t\t\t\t\t\t\t\t\t\t\t\t<p class=\"c-card__text l-stack-xs u-font-body\">\n\t\t\t\t\t\t\t\tDen 13 september firar alla verksamheter inom Vittra 30 \u00e5r. \n\t\t\t\t\t\t\t<\/p>\n\t\t\t\t\t\t\n\t\t\t\t\t\t\t\t\t\t\t\t\t<ul class=\"c-card__tags l-stack-grow u-list-none u-pt-md\" aria-label=\"Kategorier\">\n\t\t\t\t\t\t\t\t\t\t\t\t\t\t\t\t\t<li><span class=\"c-tag\" data-variant=\"outline\">Nyhet<\/span><\/li>\n\t\t\t\t\t\t\t\t\t\t\t\t\t\t\t<\/ul>\n\t\t\t\t\t\t\n\t\t\t\t\t\t<div class=\"c-card__icon\">\n\t\t\t\t\t\t\t\t\t\t\t\t\t\t<svg class=\"ams-icon ams-icon--arrow-right\" width=\"32\" height=\"32\" viewbox=\"0 0 32 32\" fill=\"currentColor\" aria-hidden=\"true\" xmlns=\"http:\/\/www.w3.org\/2000\/svg\">\n\t\t\t\t\t\t\t\t\t\t\t\t\t\t\t\t<path d=\"M15.4617 0.252159L14.9567 0.75931C14.6219 1.09545 14.6219 1.64048 14.9567 1.97669L27.7062 14.7806H0.857144C0.383786 14.7806 0 15.166 0 15.6414V16.3587C0 16.8341 0.383786 17.2195 0.857144 17.2195H27.7062L14.9567 30.0234C14.6219 30.3595 14.6219 30.9045 14.9567 31.2407L15.4617 31.7479C15.7964 32.084 16.3392 32.084 16.6739 31.7479L31.749 16.6087C32.0837 16.2725 32.0837 15.7275 31.749 15.3913L16.6739 0.252159C16.3392 -0.084053 15.7964 -0.084053 15.4617 0.252159Z\"\/>\n\t\t\t\t\t\t\t\n\t\t\t\t\t\t\t<\/svg>\n\t\t\t\t\t\t<\/div>\n\t\t\t\t\t<\/div>\n\n\t\t\t\t\t<div class=\"c-card__media \" style=\" \">\n\t\t\t\t\t\t<img decoding=\"async\" width=\"400\" height=\"267\" src=\"https:\/\/vittra.se\/wp-content\/uploads\/sites\/9\/2023\/09\/vittraforsglantanfotofsk122022-2027.jpg\" class=\"attachment-sm size-sm\" alt=\"Tre glada elever sitter p\u00e5 golvet med sina vittrab\u00f6cker framf\u00f6r sig och skrattar\" sizes=\"(min-width: 64em) 300px, (min-width: 48em) calc(.50 * (100vw - 224px)), calc(100vw - 160px)\" srcset=\"https:\/\/vittra.se\/wp-content\/uploads\/sites\/9\/2023\/09\/vittraforsglantanfotofsk122022-2027.jpg 1980w, https:\/\/vittra.se\/wp-content\/uploads\/sites\/9\/2023\/09\/vittraforsglantanfotofsk122022-2027-300x200.jpg 300w, https:\/\/vittra.se\/wp-content\/uploads\/sites\/9\/2023\/09\/vittraforsglantanfotofsk122022-2027-1024x683.jpg 1024w, https:\/\/vittra.se\/wp-content\/uploads\/sites\/9\/2023\/09\/vittraforsglantanfotofsk122022-2027-768x512.jpg 768w, https:\/\/vittra.se\/wp-content\/uploads\/sites\/9\/2023\/09\/vittraforsglantanfotofsk122022-2027-1536x1024.jpg 1536w, https:\/\/vittra.se\/wp-content\/uploads\/sites\/9\/2023\/09\/vittraforsglantanfotofsk122022-2027-1920x1280.jpg 1920w, https:\/\/vittra.se\/wp-content\/uploads\/sites\/9\/2023\/09\/vittraforsglantanfotofsk122022-2027-500x333.jpg 500w, https:\/\/vittra.se\/wp-content\/uploads\/sites\/9\/2023\/09\/vittraforsglantanfotofsk122022-2027-340x227.jpg 340w, https:\/\/vittra.se\/wp-content\/uploads\/sites\/9\/2023\/09\/vittraforsglantanfotofsk122022-2027-1100x733.jpg 1100w, https:\/\/vittra.se\/wp-content\/uploads\/sites\/9\/2023\/09\/vittraforsglantanfotofsk122022-2027-1000x667.jpg 1000w\" \/>\n\t\t\t\t\t<\/div>\n\t\t\t\t<\/article>\n\t\t\t<\/li>\n\t\t\t\t\t\t\t\t\t\t\t\t\t\t\t\t\t\n\t\t\t\n\t\t\t\n\t\t\t<li class=\"l-col-6@md l-col-4@lg \" data-filter=\"allmant nyhet augusti-2023\">\n\t\t\t\t<article class=\"c-card  has-media-zoom  \" data-variant=\"border\" data-style=\"square\" data-click-area>\n\t\t\t\t\t<div class=\"c-card__content l-stack l-stack-sm\">\n\n\t\t\t\t\t\t\t\t\t\t\t\t\t<time class=\"c-card__date u-font-small\" datetime=\"2023-08-17\">17 augusti, 2023<\/time>\n\t\t\t\t\t\t\n\t\t\t\t\t\t\t\t\t\t\t\t\t<h3 class=\"c-card__title u-font-title-3\">\n\t\t\t\t\t\t\t\t\t\t\t\t\t\t\t\t\t<a class=\"c-card__link\" href=\"https:\/\/vittra.se\/halmstad\/artikel\/lokal\/skolstart-2023-2\">\n\t\t\t\t\t\t\t\t\t\t\u00c4ntligen har skolan b\u00f6rjat!\n\t\t\t\t\t\t\t\t\t<\/a>\n\t\t\t\t\t\t\t\t\t\t\t\t\t\t\t<\/h3>\n\t\t\t\t\t\t\n\t\t\t\t\t\t\t\t\t\t\t\t\t<p class=\"c-card__text l-stack-xs u-font-body\">\n\t\t\t\t\t\t\t\t\u00c4ntligen har vi v\u00e4lkomnat alla v\u00e5ra barn och elever tillbaka efter som&#8230;\n\t\t\t\t\t\t\t<\/p>\n\t\t\t\t\t\t\n\t\t\t\t\t\t\t\t\t\t\t\t\t<ul class=\"c-card__tags l-stack-grow u-list-none u-pt-md\" aria-label=\"Kategorier\">\n\t\t\t\t\t\t\t\t\t\t\t\t\t\t\t\t\t<li><span class=\"c-tag\" data-variant=\"outline\">Allm\u00e4nt<\/span><\/li>\n\t\t\t\t\t\t\t\t\t\t\t\t\t\t\t\t\t<li><span class=\"c-tag\" data-variant=\"outline\">Nyhet<\/span><\/li>\n\t\t\t\t\t\t\t\t\t\t\t\t\t\t\t<\/ul>\n\t\t\t\t\t\t\n\t\t\t\t\t\t<div class=\"c-card__icon\">\n\t\t\t\t\t\t\t\t\t\t\t\t\t\t<svg class=\"ams-icon ams-icon--arrow-right\" width=\"32\" height=\"32\" viewbox=\"0 0 32 32\" fill=\"currentColor\" aria-hidden=\"true\" xmlns=\"http:\/\/www.w3.org\/2000\/svg\">\n\t\t\t\t\t\t\t\t\t\t\t\t\t\t\t\t<path d=\"M15.4617 0.252159L14.9567 0.75931C14.6219 1.09545 14.6219 1.64048 14.9567 1.97669L27.7062 14.7806H0.857144C0.383786 14.7806 0 15.166 0 15.6414V16.3587C0 16.8341 0.383786 17.2195 0.857144 17.2195H27.7062L14.9567 30.0234C14.6219 30.3595 14.6219 30.9045 14.9567 31.2407L15.4617 31.7479C15.7964 32.084 16.3392 32.084 16.6739 31.7479L31.749 16.6087C32.0837 16.2725 32.0837 15.7275 31.749 15.3913L16.6739 0.252159C16.3392 -0.084053 15.7964 -0.084053 15.4617 0.252159Z\"\/>\n\t\t\t\t\t\t\t\n\t\t\t\t\t\t\t<\/svg>\n\t\t\t\t\t\t<\/div>\n\t\t\t\t\t<\/div>\n\n\t\t\t\t\t<div class=\"c-card__media \" style=\" \">\n\t\t\t\t\t\t<img decoding=\"async\" width=\"400\" height=\"267\" src=\"https:\/\/vittra.se\/wp-content\/uploads\/2023\/08\/vittra-skolstart-2023-2022.jpg\" class=\"attachment-sm size-sm\" alt=\"Elever i \u00e5rskurs 5 sitter p\u00e5 en st\u00e4llning och ler mot kameran\" sizes=\"(min-width: 64em) 300px, (min-width: 48em) calc(.50 * (100vw - 224px)), calc(100vw - 160px)\" srcset=\"https:\/\/vittra.se\/wp-content\/uploads\/2023\/08\/vittra-skolstart-2023-2022.jpg 1980w, https:\/\/vittra.se\/wp-content\/uploads\/2023\/08\/vittra-skolstart-2023-2022-300x200.jpg 300w, https:\/\/vittra.se\/wp-content\/uploads\/2023\/08\/vittra-skolstart-2023-2022-1024x683.jpg 1024w, https:\/\/vittra.se\/wp-content\/uploads\/2023\/08\/vittra-skolstart-2023-2022-768x512.jpg 768w, https:\/\/vittra.se\/wp-content\/uploads\/2023\/08\/vittra-skolstart-2023-2022-1536x1024.jpg 1536w, https:\/\/vittra.se\/wp-content\/uploads\/2023\/08\/vittra-skolstart-2023-2022-1920x1280.jpg 1920w, https:\/\/vittra.se\/wp-content\/uploads\/2023\/08\/vittra-skolstart-2023-2022-500x333.jpg 500w, https:\/\/vittra.se\/wp-content\/uploads\/2023\/08\/vittra-skolstart-2023-2022-340x227.jpg 340w, https:\/\/vittra.se\/wp-content\/uploads\/2023\/08\/vittra-skolstart-2023-2022-1100x733.jpg 1100w, https:\/\/vittra.se\/wp-content\/uploads\/2023\/08\/vittra-skolstart-2023-2022-1000x667.jpg 1000w\" \/>\n\t\t\t\t\t<\/div>\n\t\t\t\t<\/article>\n\t\t\t<\/li>\n\t\t\t\t\t\t\t\t\t\t\t\t\t\t\t\t\t\n\t\t\t\n\t\t\t\n\t\t\t<li class=\"l-col-6@md l-col-4@lg \" data-filter=\"allmant nyhet juni-2023\">\n\t\t\t\t<article class=\"c-card  has-media-zoom  \" data-variant=\"border\" data-style=\"square\" data-click-area>\n\t\t\t\t\t<div class=\"c-card__content l-stack l-stack-sm\">\n\n\t\t\t\t\t\t\t\t\t\t\t\t\t<time class=\"c-card__date u-font-small\" datetime=\"2023-06-21\">21 juni, 2023<\/time>\n\t\t\t\t\t\t\n\t\t\t\t\t\t\t\t\t\t\t\t\t<h3 class=\"c-card__title u-font-title-3\">\n\t\t\t\t\t\t\t\t\t\t\t\t\t\t\t\t\t<a class=\"c-card__link\" href=\"https:\/\/vittra.se\/halmstad\/artikel\/lokal\/internationella-utnyten-med-erasmus\">\n\t\t\t\t\t\t\t\t\t\tInternationella utbyten med Er&#8230;\n\t\t\t\t\t\t\t\t\t<\/a>\n\t\t\t\t\t\t\t\t\t\t\t\t\t\t\t<\/h3>\n\t\t\t\t\t\t\n\t\t\t\t\t\t\t\t\t\t\t\t\t<p class=\"c-card__text l-stack-xs u-font-body\">\n\t\t\t\t\t\t\t\tNu har alla v\u00e5ra skolor m\u00f6jlighet till i&#8230;\n\t\t\t\t\t\t\t<\/p>\n\t\t\t\t\t\t\n\t\t\t\t\t\t\t\t\t\t\t\t\t<ul class=\"c-card__tags l-stack-grow u-list-none u-pt-md\" aria-label=\"Kategorier\">\n\t\t\t\t\t\t\t\t\t\t\t\t\t\t\t\t\t<li><span class=\"c-tag\" data-variant=\"outline\">Allm\u00e4nt<\/span><\/li>\n\t\t\t\t\t\t\t\t\t\t\t\t\t\t\t\t\t<li><span class=\"c-tag\" data-variant=\"outline\">Nyhet<\/span><\/li>\n\t\t\t\t\t\t\t\t\t\t\t\t\t\t\t<\/ul>\n\t\t\t\t\t\t\n\t\t\t\t\t\t<div class=\"c-card__icon\">\n\t\t\t\t\t\t\t\t\t\t\t\t\t\t<svg class=\"ams-icon ams-icon--arrow-right\" width=\"32\" height=\"32\" viewbox=\"0 0 32 32\" fill=\"currentColor\" aria-hidden=\"true\" xmlns=\"http:\/\/www.w3.org\/2000\/svg\">\n\t\t\t\t\t\t\t\t\t\t\t\t\t\t\t\t<path d=\"M15.4617 0.252159L14.9567 0.75931C14.6219 1.09545 14.6219 1.64048 14.9567 1.97669L27.7062 14.7806H0.857144C0.383786 14.7806 0 15.166 0 15.6414V16.3587C0 16.8341 0.383786 17.2195 0.857144 17.2195H27.7062L14.9567 30.0234C14.6219 30.3595 14.6219 30.9045 14.9567 31.2407L15.4617 31.7479C15.7964 32.084 16.3392 32.084 16.6739 31.7479L31.749 16.6087C32.0837 16.2725 32.0837 15.7275 31.749 15.3913L16.6739 0.252159C16.3392 -0.084053 15.7964 -0.084053 15.4617 0.252159Z\"\/>\n\t\t\t\t\t\t\t\n\t\t\t\t\t\t\t<\/svg>\n\t\t\t\t\t\t<\/div>\n\t\t\t\t\t<\/div>\n\n\t\t\t\t\t<div class=\"c-card__media \" style=\" \">\n\t\t\t\t\t\t<img decoding=\"async\" width=\"400\" height=\"336\" src=\"https:\/\/vittra.se\/wp-content\/uploads\/2023\/06\/vittra-erasmus-2023.jpg\" class=\"attachment-sm size-sm\" alt=\"\" sizes=\"(min-width: 64em) 300px, (min-width: 48em) calc(.50 * (100vw - 224px)), calc(100vw - 160px)\" srcset=\"https:\/\/vittra.se\/wp-content\/uploads\/2023\/06\/vittra-erasmus-2023.jpg 1440w, https:\/\/vittra.se\/wp-content\/uploads\/2023\/06\/vittra-erasmus-2023-300x252.jpg 300w, https:\/\/vittra.se\/wp-content\/uploads\/2023\/06\/vittra-erasmus-2023-1024x860.jpg 1024w, https:\/\/vittra.se\/wp-content\/uploads\/2023\/06\/vittra-erasmus-2023-768x645.jpg 768w, https:\/\/vittra.se\/wp-content\/uploads\/2023\/06\/vittra-erasmus-2023-500x420.jpg 500w, https:\/\/vittra.se\/wp-content\/uploads\/2023\/06\/vittra-erasmus-2023-273x229.jpg 273w, https:\/\/vittra.se\/wp-content\/uploads\/2023\/06\/vittra-erasmus-2023-340x285.jpg 340w, https:\/\/vittra.se\/wp-content\/uploads\/2023\/06\/vittra-erasmus-2023-1100x924.jpg 1100w, https:\/\/vittra.se\/wp-content\/uploads\/2023\/06\/vittra-erasmus-2023-798x670.jpg 798w\" \/>\n\t\t\t\t\t<\/div>\n\t\t\t\t<\/article>\n\t\t\t<\/li>\n\t\t\t\t\t\t\t\t\t\t\t\t\t\t\t\t\t\n\t\t\t\n\t\t\t\n\t\t\t<li class=\"l-col-6@md l-col-4@lg \" data-filter=\"allmant juni-2023\">\n\t\t\t\t<article class=\"c-card  has-media-zoom  \" data-variant=\"border\" data-style=\"square\" data-click-area>\n\t\t\t\t\t<div class=\"c-card__content l-stack l-stack-sm\">\n\n\t\t\t\t\t\t\t\t\t\t\t\t\t<time class=\"c-card__date u-font-small\" datetime=\"2023-06-13\">13 juni, 2023<\/time>\n\t\t\t\t\t\t\n\t\t\t\t\t\t\t\t\t\t\t\t\t<h3 class=\"c-card__title u-font-title-3\">\n\t\t\t\t\t\t\t\t\t\t\t\t\t\t\t\t\t<a class=\"c-card__link\" href=\"https:\/\/vittra.se\/halmstad\/artikel\/lokal\/sommar-2023\">\n\t\t\t\t\t\t\t\t\t\tGlad sommar fr\u00e5n oss p\u00e5 Vittra!\n\t\t\t\t\t\t\t\t\t<\/a>\n\t\t\t\t\t\t\t\t\t\t\t\t\t\t\t<\/h3>\n\t\t\t\t\t\t\n\t\t\t\t\t\t\t\t\t\t\t\t\t<p class=\"c-card__text l-stack-xs u-font-body\">\n\t\t\t\t\t\t\t\tOch i h\u00f6st h\u00e4nder det roliga saker&#8230;\n\t\t\t\t\t\t\t<\/p>\n\t\t\t\t\t\t\n\t\t\t\t\t\t\t\t\t\t\t\t\t<ul class=\"c-card__tags l-stack-grow u-list-none u-pt-md\" aria-label=\"Kategorier\">\n\t\t\t\t\t\t\t\t\t\t\t\t\t\t\t\t\t<li><span class=\"c-tag\" data-variant=\"outline\">Allm\u00e4nt<\/span><\/li>\n\t\t\t\t\t\t\t\t\t\t\t\t\t\t\t<\/ul>\n\t\t\t\t\t\t\n\t\t\t\t\t\t<div class=\"c-card__icon\">\n\t\t\t\t\t\t\t\t\t\t\t\t\t\t<svg class=\"ams-icon ams-icon--arrow-right\" width=\"32\" height=\"32\" viewbox=\"0 0 32 32\" fill=\"currentColor\" aria-hidden=\"true\" xmlns=\"http:\/\/www.w3.org\/2000\/svg\">\n\t\t\t\t\t\t\t\t\t\t\t\t\t\t\t\t<path d=\"M15.4617 0.252159L14.9567 0.75931C14.6219 1.09545 14.6219 1.64048 14.9567 1.97669L27.7062 14.7806H0.857144C0.383786 14.7806 0 15.166 0 15.6414V16.3587C0 16.8341 0.383786 17.2195 0.857144 17.2195H27.7062L14.9567 30.0234C14.6219 30.3595 14.6219 30.9045 14.9567 31.2407L15.4617 31.7479C15.7964 32.084 16.3392 32.084 16.6739 31.7479L31.749 16.6087C32.0837 16.2725 32.0837 15.7275 31.749 15.3913L16.6739 0.252159C16.3392 -0.084053 15.7964 -0.084053 15.4617 0.252159Z\"\/>\n\t\t\t\t\t\t\t\n\t\t\t\t\t\t\t<\/svg>\n\t\t\t\t\t\t<\/div>\n\t\t\t\t\t<\/div>\n\n\t\t\t\t\t<div class=\"c-card__media \" style=\" \">\n\t\t\t\t\t\t<img decoding=\"async\" width=\"400\" height=\"267\" src=\"https:\/\/vittra.se\/wp-content\/uploads\/2023\/06\/vittrasommarlov202204.jpg\" class=\"attachment-sm size-sm\" alt=\"Barn p\u00e5 en Vittraskola springer p\u00e5 en gr\u00e4smatta.\" sizes=\"(min-width: 64em) 300px, (min-width: 48em) calc(.50 * (100vw - 224px)), calc(100vw - 160px)\" srcset=\"https:\/\/vittra.se\/wp-content\/uploads\/2023\/06\/vittrasommarlov202204.jpg 1980w, https:\/\/vittra.se\/wp-content\/uploads\/2023\/06\/vittrasommarlov202204-300x200.jpg 300w, https:\/\/vittra.se\/wp-content\/uploads\/2023\/06\/vittrasommarlov202204-1024x683.jpg 1024w, https:\/\/vittra.se\/wp-content\/uploads\/2023\/06\/vittrasommarlov202204-768x512.jpg 768w, https:\/\/vittra.se\/wp-content\/uploads\/2023\/06\/vittrasommarlov202204-1536x1024.jpg 1536w, https:\/\/vittra.se\/wp-content\/uploads\/2023\/06\/vittrasommarlov202204-1920x1280.jpg 1920w, https:\/\/vittra.se\/wp-content\/uploads\/2023\/06\/vittrasommarlov202204-500x333.jpg 500w, https:\/\/vittra.se\/wp-content\/uploads\/2023\/06\/vittrasommarlov202204-340x227.jpg 340w, https:\/\/vittra.se\/wp-content\/uploads\/2023\/06\/vittrasommarlov202204-1100x733.jpg 1100w, https:\/\/vittra.se\/wp-content\/uploads\/2023\/06\/vittrasommarlov202204-1000x667.jpg 1000w\" \/>\n\t\t\t\t\t<\/div>\n\t\t\t\t<\/article>\n\t\t\t<\/li>\n\t\t\t\t\t\t\t\t\t\t\t\t\t\t\t\t\t\n\t\t\t\n\t\t\t\n\t\t\t<li class=\"l-col-6@md l-col-4@lg \" data-filter=\"allmant mars-2023\">\n\t\t\t\t<article class=\"c-card  has-media-zoom  \" data-variant=\"border\" data-style=\"square\" data-click-area>\n\t\t\t\t\t<div class=\"c-card__content l-stack l-stack-sm\">\n\n\t\t\t\t\t\t\t\t\t\t\t\t\t<time class=\"c-card__date u-font-small\" datetime=\"2023-03-20\">20 mars, 2023<\/time>\n\t\t\t\t\t\t\n\t\t\t\t\t\t\t\t\t\t\t\t\t<h3 class=\"c-card__title u-font-title-3\">\n\t\t\t\t\t\t\t\t\t\t\t\t\t\t\t\t\t<a class=\"c-card__link\" href=\"https:\/\/vittra.se\/halmstad\/artikel\/tips-valja-forskola\/\">\n\t\t\t\t\t\t\t\t\t\tHar du valt f\u00f6rskola?\n\t\t\t\t\t\t\t\t\t<\/a>\n\t\t\t\t\t\t\t\t\t\t\t\t\t\t\t<\/h3>\n\t\t\t\t\t\t\n\t\t\t\t\t\t\t\t\t\t\t\t\t<p class=\"c-card__text l-stack-xs u-font-body\">\n\t\t\t\t\t\t\t\tVi har samlat v\u00e5ra 3 b\u00e4sta tips f\u00f6r hur du kan t\u00e4nka n\u00e4r det \u00e4r dags att v\u00e4lja.\n\t\t\t\t\t\t\t<\/p>\n\t\t\t\t\t\t\n\t\t\t\t\t\t\t\t\t\t\t\t\t<ul class=\"c-card__tags l-stack-grow u-list-none u-pt-md\" aria-label=\"Kategorier\">\n\t\t\t\t\t\t\t\t\t\t\t\t\t\t\t\t\t<li><span class=\"c-tag\" data-variant=\"outline\">Allm\u00e4nt<\/span><\/li>\n\t\t\t\t\t\t\t\t\t\t\t\t\t\t\t<\/ul>\n\t\t\t\t\t\t\n\t\t\t\t\t\t<div class=\"c-card__icon\">\n\t\t\t\t\t\t\t\t\t\t\t\t\t\t<svg class=\"ams-icon ams-icon--arrow-right\" width=\"32\" height=\"32\" viewbox=\"0 0 32 32\" fill=\"currentColor\" aria-hidden=\"true\" xmlns=\"http:\/\/www.w3.org\/2000\/svg\">\n\t\t\t\t\t\t\t\t\t\t\t\t\t\t\t\t<path d=\"M15.4617 0.252159L14.9567 0.75931C14.6219 1.09545 14.6219 1.64048 14.9567 1.97669L27.7062 14.7806H0.857144C0.383786 14.7806 0 15.166 0 15.6414V16.3587C0 16.8341 0.383786 17.2195 0.857144 17.2195H27.7062L14.9567 30.0234C14.6219 30.3595 14.6219 30.9045 14.9567 31.2407L15.4617 31.7479C15.7964 32.084 16.3392 32.084 16.6739 31.7479L31.749 16.6087C32.0837 16.2725 32.0837 15.7275 31.749 15.3913L16.6739 0.252159C16.3392 -0.084053 15.7964 -0.084053 15.4617 0.252159Z\"\/>\n\t\t\t\t\t\t\t\n\t\t\t\t\t\t\t<\/svg>\n\t\t\t\t\t\t<\/div>\n\t\t\t\t\t<\/div>\n\n\t\t\t\t\t<div class=\"c-card__media \" style=\" \">\n\t\t\t\t\t\t<img decoding=\"async\" width=\"362\" height=\"272\" src=\"https:\/\/vittra.se\/wp-content\/uploads\/2024\/02\/vittra-artikelkort.png\" class=\"attachment-sm size-sm\" alt=\"\" sizes=\"(min-width: 64em) 300px, (min-width: 48em) calc(.50 * (100vw - 224px)), calc(100vw - 160px)\" srcset=\"https:\/\/vittra.se\/wp-content\/uploads\/2024\/02\/vittra-artikelkort.png 362w, https:\/\/vittra.se\/wp-content\/uploads\/2024\/02\/vittra-artikelkort-300x225.png 300w, https:\/\/vittra.se\/wp-content\/uploads\/2024\/02\/vittra-artikelkort-305x229.png 305w, https:\/\/vittra.se\/wp-content\/uploads\/2024\/02\/vittra-artikelkort-340x255.png 340w\" \/>\n\t\t\t\t\t<\/div>\n\t\t\t\t<\/article>\n\t\t\t<\/li>\n\t\t\t\t\t\t\t\t\t\t\t\t\t\t\t\t\t\n\t\t\t\n\t\t\t\n\t\t\t<li class=\"l-col-6@md l-col-4@lg \" data-filter=\"allmant december-2022\">\n\t\t\t\t<article class=\"c-card  has-media-zoom  \" data-variant=\"border\" data-style=\"square\" data-click-area>\n\t\t\t\t\t<div class=\"c-card__content l-stack l-stack-sm\">\n\n\t\t\t\t\t\t\t\t\t\t\t\t\t<time class=\"c-card__date u-font-small\" datetime=\"2022-12-21\">21 december, 2022<\/time>\n\t\t\t\t\t\t\n\t\t\t\t\t\t\t\t\t\t\t\t\t<h3 class=\"c-card__title u-font-title-3\">\n\t\t\t\t\t\t\t\t\t\t\t\t\t\t\t\t\t<a class=\"c-card__link\" href=\"https:\/\/vittra.se\/halmstad\/artikel\/lokal\/julhalsning-2022\">\n\t\t\t\t\t\t\t\t\t\tGod jul och gott nytt \u00e5r!\n\t\t\t\t\t\t\t\t\t<\/a>\n\t\t\t\t\t\t\t\t\t\t\t\t\t\t\t<\/h3>\n\t\t\t\t\t\t\n\t\t\t\t\t\t\t\t\t\t\t\t\t<p class=\"c-card__text l-stack-xs u-font-body\">\n\t\t\t\t\t\t\t\tTitta p\u00e5 en julh\u00e4lsning fr\u00e5n Vittras utbildningsdirekt\u00f6r\n\t\t\t\t\t\t\t<\/p>\n\t\t\t\t\t\t\n\t\t\t\t\t\t\t\t\t\t\t\t\t<ul class=\"c-card__tags l-stack-grow u-list-none u-pt-md\" aria-label=\"Kategorier\">\n\t\t\t\t\t\t\t\t\t\t\t\t\t\t\t\t\t<li><span class=\"c-tag\" data-variant=\"outline\">Allm\u00e4nt<\/span><\/li>\n\t\t\t\t\t\t\t\t\t\t\t\t\t\t\t<\/ul>\n\t\t\t\t\t\t\n\t\t\t\t\t\t<div class=\"c-card__icon\">\n\t\t\t\t\t\t\t\t\t\t\t\t\t\t<svg class=\"ams-icon ams-icon--arrow-right\" width=\"32\" height=\"32\" viewbox=\"0 0 32 32\" fill=\"currentColor\" aria-hidden=\"true\" xmlns=\"http:\/\/www.w3.org\/2000\/svg\">\n\t\t\t\t\t\t\t\t\t\t\t\t\t\t\t\t<path d=\"M15.4617 0.252159L14.9567 0.75931C14.6219 1.09545 14.6219 1.64048 14.9567 1.97669L27.7062 14.7806H0.857144C0.383786 14.7806 0 15.166 0 15.6414V16.3587C0 16.8341 0.383786 17.2195 0.857144 17.2195H27.7062L14.9567 30.0234C14.6219 30.3595 14.6219 30.9045 14.9567 31.2407L15.4617 31.7479C15.7964 32.084 16.3392 32.084 16.6739 31.7479L31.749 16.6087C32.0837 16.2725 32.0837 15.7275 31.749 15.3913L16.6739 0.252159C16.3392 -0.084053 15.7964 -0.084053 15.4617 0.252159Z\"\/>\n\t\t\t\t\t\t\t\n\t\t\t\t\t\t\t<\/svg>\n\t\t\t\t\t\t<\/div>\n\t\t\t\t\t<\/div>\n\n\t\t\t\t\t<div class=\"c-card__media \" style=\" \">\n\t\t\t\t\t\t<img decoding=\"async\" width=\"400\" height=\"276\" src=\"https:\/\/vittra.se\/wp-content\/uploads\/2022\/12\/vittrawebbjul2022-scaled.jpg\" class=\"attachment-sm size-sm\" alt=\"\" sizes=\"(min-width: 64em) 300px, (min-width: 48em) calc(.50 * (100vw - 224px)), calc(100vw - 160px)\" srcset=\"https:\/\/vittra.se\/wp-content\/uploads\/2022\/12\/vittrawebbjul2022-scaled.jpg 2560w, https:\/\/vittra.se\/wp-content\/uploads\/2022\/12\/vittrawebbjul2022-300x207.jpg 300w, https:\/\/vittra.se\/wp-content\/uploads\/2022\/12\/vittrawebbjul2022-1024x706.jpg 1024w, https:\/\/vittra.se\/wp-content\/uploads\/2022\/12\/vittrawebbjul2022-768x530.jpg 768w, https:\/\/vittra.se\/wp-content\/uploads\/2022\/12\/vittrawebbjul2022-1536x1059.jpg 1536w, https:\/\/vittra.se\/wp-content\/uploads\/2022\/12\/vittrawebbjul2022-2048x1413.jpg 2048w, https:\/\/vittra.se\/wp-content\/uploads\/2022\/12\/vittrawebbjul2022-1920x1324.jpg 1920w, https:\/\/vittra.se\/wp-content\/uploads\/2022\/12\/vittrawebbjul2022-500x345.jpg 500w, https:\/\/vittra.se\/wp-content\/uploads\/2022\/12\/vittrawebbjul2022-332x229.jpg 332w, https:\/\/vittra.se\/wp-content\/uploads\/2022\/12\/vittrawebbjul2022-340x235.jpg 340w, https:\/\/vittra.se\/wp-content\/uploads\/2022\/12\/vittrawebbjul2022-325x225.jpg 325w, https:\/\/vittra.se\/wp-content\/uploads\/2022\/12\/vittrawebbjul2022-1100x759.jpg 1100w, https:\/\/vittra.se\/wp-content\/uploads\/2022\/12\/vittrawebbjul2022-971x670.jpg 971w\" \/>\n\t\t\t\t\t<\/div>\n\t\t\t\t<\/article>\n\t\t\t<\/li>\n\t\t\t\t\t\t\t\t\t\t\t\t\t\t\t\t\t\n\t\t\t\n\t\t\t\n\t\t\t<li class=\"l-col-6@md l-col-4@lg \" data-filter=\"allmant november-2022\">\n\t\t\t\t<article class=\"c-card  has-media-zoom  \" data-variant=\"border\" data-style=\"square\" data-click-area>\n\t\t\t\t\t<div class=\"c-card__content l-stack l-stack-sm\">\n\n\t\t\t\t\t\t\t\t\t\t\t\t\t<time class=\"c-card__date u-font-small\" datetime=\"2022-11-16\">16 november, 2022<\/time>\n\t\t\t\t\t\t\n\t\t\t\t\t\t\t\t\t\t\t\t\t<h3 class=\"c-card__title u-font-title-3\">\n\t\t\t\t\t\t\t\t\t\t\t\t\t\t\t\t\t<a class=\"c-card__link\" href=\"https:\/\/vittra.se\/halmstad\/artikel\/personlig-visning\/\">\n\t\t\t\t\t\t\t\t\t\tVill du bes\u00f6ka oss?\n\t\t\t\t\t\t\t\t\t<\/a>\n\t\t\t\t\t\t\t\t\t\t\t\t\t\t\t<\/h3>\n\t\t\t\t\t\t\n\t\t\t\t\t\t\t\t\t\t\t\t\t<p class=\"c-card__text l-stack-xs u-font-body\">\n\t\t\t\t\t\t\t\tBoka en personlig visning f\u00f6r att l\u00e4ra k\u00e4nna oss b\u00e4ttre\n\t\t\t\t\t\t\t<\/p>\n\t\t\t\t\t\t\n\t\t\t\t\t\t\t\t\t\t\t\t\t<ul class=\"c-card__tags l-stack-grow u-list-none u-pt-md\" aria-label=\"Kategorier\">\n\t\t\t\t\t\t\t\t\t\t\t\t\t\t\t\t\t<li><span class=\"c-tag\" data-variant=\"outline\">Allm\u00e4nt<\/span><\/li>\n\t\t\t\t\t\t\t\t\t\t\t\t\t\t\t<\/ul>\n\t\t\t\t\t\t\n\t\t\t\t\t\t<div class=\"c-card__icon\">\n\t\t\t\t\t\t\t\t\t\t\t\t\t\t<svg class=\"ams-icon ams-icon--arrow-right\" width=\"32\" height=\"32\" viewbox=\"0 0 32 32\" fill=\"currentColor\" aria-hidden=\"true\" xmlns=\"http:\/\/www.w3.org\/2000\/svg\">\n\t\t\t\t\t\t\t\t\t\t\t\t\t\t\t\t<path d=\"M15.4617 0.252159L14.9567 0.75931C14.6219 1.09545 14.6219 1.64048 14.9567 1.97669L27.7062 14.7806H0.857144C0.383786 14.7806 0 15.166 0 15.6414V16.3587C0 16.8341 0.383786 17.2195 0.857144 17.2195H27.7062L14.9567 30.0234C14.6219 30.3595 14.6219 30.9045 14.9567 31.2407L15.4617 31.7479C15.7964 32.084 16.3392 32.084 16.6739 31.7479L31.749 16.6087C32.0837 16.2725 32.0837 15.7275 31.749 15.3913L16.6739 0.252159C16.3392 -0.084053 15.7964 -0.084053 15.4617 0.252159Z\"\/>\n\t\t\t\t\t\t\t\n\t\t\t\t\t\t\t<\/svg>\n\t\t\t\t\t\t<\/div>\n\t\t\t\t\t<\/div>\n\n\t\t\t\t\t<div class=\"c-card__media \" style=\" \">\n\t\t\t\t\t\t<img decoding=\"async\" width=\"400\" height=\"267\" src=\"https:\/\/vittra.se\/wp-content\/uploads\/sites\/9\/2022\/11\/vittrawebbnovemberpersonligvisning.jpg\" class=\"attachment-sm size-sm\" alt=\"En l\u00e5gstadieelev p\u00e5 Vittra f\u00e5r hj\u00e4lp av en l\u00e4rare i klassrummet under en lektion.\" sizes=\"(min-width: 64em) 300px, (min-width: 48em) calc(.50 * (100vw - 224px)), calc(100vw - 160px)\" srcset=\"https:\/\/vittra.se\/wp-content\/uploads\/sites\/9\/2022\/11\/vittrawebbnovemberpersonligvisning.jpg 1980w, https:\/\/vittra.se\/wp-content\/uploads\/sites\/9\/2022\/11\/vittrawebbnovemberpersonligvisning-300x200.jpg 300w, https:\/\/vittra.se\/wp-content\/uploads\/sites\/9\/2022\/11\/vittrawebbnovemberpersonligvisning-1024x683.jpg 1024w, https:\/\/vittra.se\/wp-content\/uploads\/sites\/9\/2022\/11\/vittrawebbnovemberpersonligvisning-768x512.jpg 768w, https:\/\/vittra.se\/wp-content\/uploads\/sites\/9\/2022\/11\/vittrawebbnovemberpersonligvisning-1536x1024.jpg 1536w, https:\/\/vittra.se\/wp-content\/uploads\/sites\/9\/2022\/11\/vittrawebbnovemberpersonligvisning-1920x1280.jpg 1920w, https:\/\/vittra.se\/wp-content\/uploads\/sites\/9\/2022\/11\/vittrawebbnovemberpersonligvisning-500x333.jpg 500w, https:\/\/vittra.se\/wp-content\/uploads\/sites\/9\/2022\/11\/vittrawebbnovemberpersonligvisning-340x227.jpg 340w, https:\/\/vittra.se\/wp-content\/uploads\/sites\/9\/2022\/11\/vittrawebbnovemberpersonligvisning-1100x733.jpg 1100w, https:\/\/vittra.se\/wp-content\/uploads\/sites\/9\/2022\/11\/vittrawebbnovemberpersonligvisning-1000x667.jpg 1000w\" \/>\n\t\t\t\t\t<\/div>\n\t\t\t\t<\/article>\n\t\t\t<\/li>\n\t\t\t\t\t\t\t\t\t\t\t\t\t\t\t\t\t\n\t\t\t\n\t\t\t\n\t\t\t<li class=\"l-col-6@md l-col-4@lg \" data-filter=\"allmant oktober-2022\">\n\t\t\t\t<article class=\"c-card  has-media-zoom  \" data-variant=\"border\" data-style=\"square\" data-click-area>\n\t\t\t\t\t<div class=\"c-card__content l-stack l-stack-sm\">\n\n\t\t\t\t\t\t\t\t\t\t\t\t\t<time class=\"c-card__date u-font-small\" datetime=\"2022-10-24\">24 oktober, 2022<\/time>\n\t\t\t\t\t\t\n\t\t\t\t\t\t\t\t\t\t\t\t\t<h3 class=\"c-card__title u-font-title-3\">\n\t\t\t\t\t\t\t\t\t\t\t\t\t\t\t\t\t<a class=\"c-card__link\" href=\"https:\/\/vittra.se\/halmstad\/artikel\/lokal\/fn-dagen-2022\">\n\t\t\t\t\t\t\t\t\t\tIdag \u00e4r det FN-dagen!\n\t\t\t\t\t\t\t\t\t<\/a>\n\t\t\t\t\t\t\t\t\t\t\t\t\t\t\t<\/h3>\n\t\t\t\t\t\t\n\t\t\t\t\t\t\t\t\t\t\t\t\t<p class=\"c-card__text l-stack-xs u-font-body\">\n\t\t\t\t\t\t\t\tS\u00e5 jobbar vi med FNs: globala m\u00e5l i skolan, elever och l\u00e4rare ber\u00e4ttar\n\t\t\t\t\t\t\t<\/p>\n\t\t\t\t\t\t\n\t\t\t\t\t\t\t\t\t\t\t\t\t<ul class=\"c-card__tags l-stack-grow u-list-none u-pt-md\" aria-label=\"Kategorier\">\n\t\t\t\t\t\t\t\t\t\t\t\t\t\t\t\t\t<li><span class=\"c-tag\" data-variant=\"outline\">Allm\u00e4nt<\/span><\/li>\n\t\t\t\t\t\t\t\t\t\t\t\t\t\t\t<\/ul>\n\t\t\t\t\t\t\n\t\t\t\t\t\t<div class=\"c-card__icon\">\n\t\t\t\t\t\t\t\t\t\t\t\t\t\t<svg class=\"ams-icon ams-icon--arrow-right\" width=\"32\" height=\"32\" viewbox=\"0 0 32 32\" fill=\"currentColor\" aria-hidden=\"true\" xmlns=\"http:\/\/www.w3.org\/2000\/svg\">\n\t\t\t\t\t\t\t\t\t\t\t\t\t\t\t\t<path d=\"M15.4617 0.252159L14.9567 0.75931C14.6219 1.09545 14.6219 1.64048 14.9567 1.97669L27.7062 14.7806H0.857144C0.383786 14.7806 0 15.166 0 15.6414V16.3587C0 16.8341 0.383786 17.2195 0.857144 17.2195H27.7062L14.9567 30.0234C14.6219 30.3595 14.6219 30.9045 14.9567 31.2407L15.4617 31.7479C15.7964 32.084 16.3392 32.084 16.6739 31.7479L31.749 16.6087C32.0837 16.2725 32.0837 15.7275 31.749 15.3913L16.6739 0.252159C16.3392 -0.084053 15.7964 -0.084053 15.4617 0.252159Z\"\/>\n\t\t\t\t\t\t\t\n\t\t\t\t\t\t\t<\/svg>\n\t\t\t\t\t\t<\/div>\n\t\t\t\t\t<\/div>\n\n\t\t\t\t\t<div class=\"c-card__media \" style=\" \">\n\t\t\t\t\t\t<img decoding=\"async\" width=\"400\" height=\"257\" src=\"https:\/\/vittra.se\/wp-content\/uploads\/2022\/10\/vittrawebboktoberfn-dagenartikelkort-e1666591427485.jpg\" class=\"attachment-sm size-sm\" alt=\"\" sizes=\"(min-width: 64em) 300px, (min-width: 48em) calc(.50 * (100vw - 224px)), calc(100vw - 160px)\" srcset=\"https:\/\/vittra.se\/wp-content\/uploads\/2022\/10\/vittrawebboktoberfn-dagenartikelkort-e1666591427485.jpg 1331w, https:\/\/vittra.se\/wp-content\/uploads\/2022\/10\/vittrawebboktoberfn-dagenartikelkort-e1666591427485-300x193.jpg 300w, https:\/\/vittra.se\/wp-content\/uploads\/2022\/10\/vittrawebboktoberfn-dagenartikelkort-e1666591427485-1024x659.jpg 1024w, https:\/\/vittra.se\/wp-content\/uploads\/2022\/10\/vittrawebboktoberfn-dagenartikelkort-e1666591427485-768x494.jpg 768w, https:\/\/vittra.se\/wp-content\/uploads\/2022\/10\/vittrawebboktoberfn-dagenartikelkort-e1666591427485-500x322.jpg 500w, https:\/\/vittra.se\/wp-content\/uploads\/2022\/10\/vittrawebboktoberfn-dagenartikelkort-e1666591427485-340x219.jpg 340w, https:\/\/vittra.se\/wp-content\/uploads\/2022\/10\/vittrawebboktoberfn-dagenartikelkort-e1666591427485-1100x707.jpg 1100w, https:\/\/vittra.se\/wp-content\/uploads\/2022\/10\/vittrawebboktoberfn-dagenartikelkort-e1666591427485-1000x643.jpg 1000w\" \/>\n\t\t\t\t\t<\/div>\n\t\t\t\t<\/article>\n\t\t\t<\/li>\n\t\t\t\t\t\t\t\t\t\t\t\t\t\t\t\t\t\n\t\t\t\n\t\t\t\n\t\t\t<li class=\"l-col-6@md l-col-4@lg \" data-filter=\"allmant september-2022\">\n\t\t\t\t<article class=\"c-card  has-media-zoom  \" data-variant=\"border\" data-style=\"square\" data-click-area>\n\t\t\t\t\t<div class=\"c-card__content l-stack l-stack-sm\">\n\n\t\t\t\t\t\t\t\t\t\t\t\t\t<time class=\"c-card__date u-font-small\" datetime=\"2022-09-14\">14 september, 2022<\/time>\n\t\t\t\t\t\t\n\t\t\t\t\t\t\t\t\t\t\t\t\t<h3 class=\"c-card__title u-font-title-3\">\n\t\t\t\t\t\t\t\t\t\t\t\t\t\t\t\t\t<a class=\"c-card__link\" href=\"https:\/\/vittra.se\/halmstad\/artikel\/lokal\/3-tips-for-att-lara-ditt-barn-om-atervinning\">\n\t\t\t\t\t\t\t\t\t\t3 tips om \u00e5tervinning\n\t\t\t\t\t\t\t\t\t<\/a>\n\t\t\t\t\t\t\t\t\t\t\t\t\t\t\t<\/h3>\n\t\t\t\t\t\t\n\t\t\t\t\t\t\t\t\t\t\t\t\t<p class=\"c-card__text l-stack-xs u-font-body\">\n\t\t\t\t\t\t\t\tS\u00e5 kan du engagera och l\u00e4ra ditt barn om h\u00e5llbarhet\n\t\t\t\t\t\t\t<\/p>\n\t\t\t\t\t\t\n\t\t\t\t\t\t\t\t\t\t\t\t\t<ul class=\"c-card__tags l-stack-grow u-list-none u-pt-md\" aria-label=\"Kategorier\">\n\t\t\t\t\t\t\t\t\t\t\t\t\t\t\t\t\t<li><span class=\"c-tag\" data-variant=\"outline\">Allm\u00e4nt<\/span><\/li>\n\t\t\t\t\t\t\t\t\t\t\t\t\t\t\t<\/ul>\n\t\t\t\t\t\t\n\t\t\t\t\t\t<div class=\"c-card__icon\">\n\t\t\t\t\t\t\t\t\t\t\t\t\t\t<svg class=\"ams-icon ams-icon--arrow-right\" width=\"32\" height=\"32\" viewbox=\"0 0 32 32\" fill=\"currentColor\" aria-hidden=\"true\" xmlns=\"http:\/\/www.w3.org\/2000\/svg\">\n\t\t\t\t\t\t\t\t\t\t\t\t\t\t\t\t<path d=\"M15.4617 0.252159L14.9567 0.75931C14.6219 1.09545 14.6219 1.64048 14.9567 1.97669L27.7062 14.7806H0.857144C0.383786 14.7806 0 15.166 0 15.6414V16.3587C0 16.8341 0.383786 17.2195 0.857144 17.2195H27.7062L14.9567 30.0234C14.6219 30.3595 14.6219 30.9045 14.9567 31.2407L15.4617 31.7479C15.7964 32.084 16.3392 32.084 16.6739 31.7479L31.749 16.6087C32.0837 16.2725 32.0837 15.7275 31.749 15.3913L16.6739 0.252159C16.3392 -0.084053 15.7964 -0.084053 15.4617 0.252159Z\"\/>\n\t\t\t\t\t\t\t\n\t\t\t\t\t\t\t<\/svg>\n\t\t\t\t\t\t<\/div>\n\t\t\t\t\t<\/div>\n\n\t\t\t\t\t<div class=\"c-card__media \" style=\" \">\n\t\t\t\t\t\t<img decoding=\"async\" width=\"400\" height=\"179\" src=\"https:\/\/vittra.se\/wp-content\/uploads\/2022\/08\/vittrawebbseptemberlagstadie.jpeg\" class=\"attachment-sm size-sm\" alt=\"Tv\u00e5 glada l\u00e5gstadieelever p\u00e5 Vittra leker utomhus i ett skogsparti.\" sizes=\"(min-width: 64em) 300px, (min-width: 48em) calc(.50 * (100vw - 224px)), calc(100vw - 160px)\" srcset=\"https:\/\/vittra.se\/wp-content\/uploads\/2022\/08\/vittrawebbseptemberlagstadie.jpeg 2540w, https:\/\/vittra.se\/wp-content\/uploads\/2022\/08\/vittrawebbseptemberlagstadie-300x135.jpeg 300w, https:\/\/vittra.se\/wp-content\/uploads\/2022\/08\/vittrawebbseptemberlagstadie-1024x459.jpeg 1024w, https:\/\/vittra.se\/wp-content\/uploads\/2022\/08\/vittrawebbseptemberlagstadie-768x344.jpeg 768w, https:\/\/vittra.se\/wp-content\/uploads\/2022\/08\/vittrawebbseptemberlagstadie-1536x689.jpeg 1536w, https:\/\/vittra.se\/wp-content\/uploads\/2022\/08\/vittrawebbseptemberlagstadie-2048x918.jpeg 2048w, https:\/\/vittra.se\/wp-content\/uploads\/2022\/08\/vittrawebbseptemberlagstadie-1920x861.jpeg 1920w, https:\/\/vittra.se\/wp-content\/uploads\/2022\/08\/vittrawebbseptemberlagstadie-500x224.jpeg 500w, https:\/\/vittra.se\/wp-content\/uploads\/2022\/08\/vittrawebbseptemberlagstadie-340x152.jpeg 340w, https:\/\/vittra.se\/wp-content\/uploads\/2022\/08\/vittrawebbseptemberlagstadie-1100x493.jpeg 1100w, https:\/\/vittra.se\/wp-content\/uploads\/2022\/08\/vittrawebbseptemberlagstadie-1000x448.jpeg 1000w\" \/>\n\t\t\t\t\t<\/div>\n\t\t\t\t<\/article>\n\t\t\t<\/li>\n\t\t\t\t\t\t\t\t\t\t\t\t\t\t\t\t\t\n\t\t\t\n\t\t\t\n\t\t\t<li class=\"l-col-6@md l-col-4@lg \" data-filter=\"allmant september-2022\">\n\t\t\t\t<article class=\"c-card  has-media-zoom  \" data-variant=\"border\" data-style=\"square\" data-click-area>\n\t\t\t\t\t<div class=\"c-card__content l-stack l-stack-sm\">\n\n\t\t\t\t\t\t\t\t\t\t\t\t\t<time class=\"c-card__date u-font-small\" datetime=\"2022-09-09\">9 september, 2022<\/time>\n\t\t\t\t\t\t\n\t\t\t\t\t\t\t\t\t\t\t\t\t<h3 class=\"c-card__title u-font-title-3\">\n\t\t\t\t\t\t\t\t\t\t\t\t\t\t\t\t\t<a class=\"c-card__link\" href=\"https:\/\/vittra.se\/halmstad\/artikel\/vittradagen-for-barn-och-elever\/\">\n\t\t\t\t\t\t\t\t\t\tVittradagen f\u00f6r barn och elever\n\t\t\t\t\t\t\t\t\t<\/a>\n\t\t\t\t\t\t\t\t\t\t\t\t\t\t\t<\/h3>\n\t\t\t\t\t\t\n\t\t\t\t\t\t\t\t\t\t\t\t\t<p class=\"c-card__text l-stack-xs u-font-body\">\n\t\t\t\t\t\t\t\t9 september \u00e4r det Vittradagen f\u00f6r barn och elever\n\t\t\t\t\t\t\t<\/p>\n\t\t\t\t\t\t\n\t\t\t\t\t\t\t\t\t\t\t\t\t<ul class=\"c-card__tags l-stack-grow u-list-none u-pt-md\" aria-label=\"Kategorier\">\n\t\t\t\t\t\t\t\t\t\t\t\t\t\t\t\t\t<li><span class=\"c-tag\" data-variant=\"outline\">Allm\u00e4nt<\/span><\/li>\n\t\t\t\t\t\t\t\t\t\t\t\t\t\t\t<\/ul>\n\t\t\t\t\t\t\n\t\t\t\t\t\t<div class=\"c-card__icon\">\n\t\t\t\t\t\t\t\t\t\t\t\t\t\t<svg class=\"ams-icon ams-icon--arrow-right\" width=\"32\" height=\"32\" viewbox=\"0 0 32 32\" fill=\"currentColor\" aria-hidden=\"true\" xmlns=\"http:\/\/www.w3.org\/2000\/svg\">\n\t\t\t\t\t\t\t\t\t\t\t\t\t\t\t\t<path d=\"M15.4617 0.252159L14.9567 0.75931C14.6219 1.09545 14.6219 1.64048 14.9567 1.97669L27.7062 14.7806H0.857144C0.383786 14.7806 0 15.166 0 15.6414V16.3587C0 16.8341 0.383786 17.2195 0.857144 17.2195H27.7062L14.9567 30.0234C14.6219 30.3595 14.6219 30.9045 14.9567 31.2407L15.4617 31.7479C15.7964 32.084 16.3392 32.084 16.6739 31.7479L31.749 16.6087C32.0837 16.2725 32.0837 15.7275 31.749 15.3913L16.6739 0.252159C16.3392 -0.084053 15.7964 -0.084053 15.4617 0.252159Z\"\/>\n\t\t\t\t\t\t\t\n\t\t\t\t\t\t\t<\/svg>\n\t\t\t\t\t\t<\/div>\n\t\t\t\t\t<\/div>\n\n\t\t\t\t\t<div class=\"c-card__media \" style=\" \">\n\t\t\t\t\t\t<img decoding=\"async\" width=\"400\" height=\"267\" src=\"https:\/\/vittra.se\/wp-content\/uploads\/sites\/9\/2022\/09\/vittrawebbseptembervittradagen.jpeg\" class=\"attachment-sm size-sm\" alt=\"Fyra glada elever sitter p\u00e5 en b\u00e4nk p\u00e5 Vittra med FN:s Globala m\u00e5l i bakgrunden.\" sizes=\"(min-width: 64em) 300px, (min-width: 48em) calc(.50 * (100vw - 224px)), calc(100vw - 160px)\" srcset=\"https:\/\/vittra.se\/wp-content\/uploads\/sites\/9\/2022\/09\/vittrawebbseptembervittradagen.jpeg 2540w, https:\/\/vittra.se\/wp-content\/uploads\/sites\/9\/2022\/09\/vittrawebbseptembervittradagen-300x200.jpeg 300w, https:\/\/vittra.se\/wp-content\/uploads\/sites\/9\/2022\/09\/vittrawebbseptembervittradagen-1024x683.jpeg 1024w, https:\/\/vittra.se\/wp-content\/uploads\/sites\/9\/2022\/09\/vittrawebbseptembervittradagen-768x512.jpeg 768w, https:\/\/vittra.se\/wp-content\/uploads\/sites\/9\/2022\/09\/vittrawebbseptembervittradagen-1536x1024.jpeg 1536w, https:\/\/vittra.se\/wp-content\/uploads\/sites\/9\/2022\/09\/vittrawebbseptembervittradagen-2048x1366.jpeg 2048w, https:\/\/vittra.se\/wp-content\/uploads\/sites\/9\/2022\/09\/vittrawebbseptembervittradagen-1920x1281.jpeg 1920w, https:\/\/vittra.se\/wp-content\/uploads\/sites\/9\/2022\/09\/vittrawebbseptembervittradagen-500x333.jpeg 500w, https:\/\/vittra.se\/wp-content\/uploads\/sites\/9\/2022\/09\/vittrawebbseptembervittradagen-340x227.jpeg 340w, https:\/\/vittra.se\/wp-content\/uploads\/sites\/9\/2022\/09\/vittrawebbseptembervittradagen-1100x734.jpeg 1100w, https:\/\/vittra.se\/wp-content\/uploads\/sites\/9\/2022\/09\/vittrawebbseptembervittradagen-1000x667.jpeg 1000w\" \/>\n\t\t\t\t\t<\/div>\n\t\t\t\t<\/article>\n\t\t\t<\/li>\n\t\t\t\t\t\t\t\t\t\t\t\t\t\t\t\t\t\n\t\t\t\n\t\t\t\n\t\t\t<li class=\"l-col-6@md l-col-4@lg \" data-filter=\"allmant augusti-2022\">\n\t\t\t\t<article class=\"c-card  has-media-zoom  \" data-variant=\"border\" data-style=\"square\" data-click-area>\n\t\t\t\t\t<div class=\"c-card__content l-stack l-stack-sm\">\n\n\t\t\t\t\t\t\t\t\t\t\t\t\t<time class=\"c-card__date u-font-small\" datetime=\"2022-08-24\">24 augusti, 2022<\/time>\n\t\t\t\t\t\t\n\t\t\t\t\t\t\t\t\t\t\t\t\t<h3 class=\"c-card__title u-font-title-3\">\n\t\t\t\t\t\t\t\t\t\t\t\t\t\t\t\t\t<a class=\"c-card__link\" href=\"https:\/\/vittra.se\/halmstad\/artikel\/lokal\/skolval-2022\">\n\t\t\t\t\t\t\t\t\t\tSveriges unga g\u00e5r till valurnorna\n\t\t\t\t\t\t\t\t\t<\/a>\n\t\t\t\t\t\t\t\t\t\t\t\t\t\t\t<\/h3>\n\t\t\t\t\t\t\n\t\t\t\t\t\t\t\t\t\t\t\t\t<p class=\"c-card__text l-stack-xs u-font-body\">\n\t\t\t\t\t\t\t\tH\u00f6gstadielever p\u00e5 21 Vittraskolor deltar i Skolval 2022\n\t\t\t\t\t\t\t<\/p>\n\t\t\t\t\t\t\n\t\t\t\t\t\t\t\t\t\t\t\t\t<ul class=\"c-card__tags l-stack-grow u-list-none u-pt-md\" aria-label=\"Kategorier\">\n\t\t\t\t\t\t\t\t\t\t\t\t\t\t\t\t\t<li><span class=\"c-tag\" data-variant=\"outline\">Allm\u00e4nt<\/span><\/li>\n\t\t\t\t\t\t\t\t\t\t\t\t\t\t\t<\/ul>\n\t\t\t\t\t\t\n\t\t\t\t\t\t<div class=\"c-card__icon\">\n\t\t\t\t\t\t\t\t\t\t\t\t\t\t<svg class=\"ams-icon ams-icon--arrow-right\" width=\"32\" height=\"32\" viewbox=\"0 0 32 32\" fill=\"currentColor\" aria-hidden=\"true\" xmlns=\"http:\/\/www.w3.org\/2000\/svg\">\n\t\t\t\t\t\t\t\t\t\t\t\t\t\t\t\t<path d=\"M15.4617 0.252159L14.9567 0.75931C14.6219 1.09545 14.6219 1.64048 14.9567 1.97669L27.7062 14.7806H0.857144C0.383786 14.7806 0 15.166 0 15.6414V16.3587C0 16.8341 0.383786 17.2195 0.857144 17.2195H27.7062L14.9567 30.0234C14.6219 30.3595 14.6219 30.9045 14.9567 31.2407L15.4617 31.7479C15.7964 32.084 16.3392 32.084 16.6739 31.7479L31.749 16.6087C32.0837 16.2725 32.0837 15.7275 31.749 15.3913L16.6739 0.252159C16.3392 -0.084053 15.7964 -0.084053 15.4617 0.252159Z\"\/>\n\t\t\t\t\t\t\t\n\t\t\t\t\t\t\t<\/svg>\n\t\t\t\t\t\t<\/div>\n\t\t\t\t\t<\/div>\n\n\t\t\t\t\t<div class=\"c-card__media \" style=\" \">\n\t\t\t\t\t\t<img decoding=\"async\" width=\"400\" height=\"267\" src=\"https:\/\/vittra.se\/wp-content\/uploads\/2022\/08\/vittraartikelskolval2022.jpg\" class=\"attachment-sm size-sm\" alt=\"H\u00f6gstadieelever pratar med l\u00e4raren under en lektion p\u00e5 Vittra.\" sizes=\"(min-width: 64em) 300px, (min-width: 48em) calc(.50 * (100vw - 224px)), calc(100vw - 160px)\" srcset=\"https:\/\/vittra.se\/wp-content\/uploads\/2022\/08\/vittraartikelskolval2022.jpg 2540w, https:\/\/vittra.se\/wp-content\/uploads\/2022\/08\/vittraartikelskolval2022-300x200.jpg 300w, https:\/\/vittra.se\/wp-content\/uploads\/2022\/08\/vittraartikelskolval2022-1024x683.jpg 1024w, https:\/\/vittra.se\/wp-content\/uploads\/2022\/08\/vittraartikelskolval2022-768x512.jpg 768w, https:\/\/vittra.se\/wp-content\/uploads\/2022\/08\/vittraartikelskolval2022-1536x1024.jpg 1536w, https:\/\/vittra.se\/wp-content\/uploads\/2022\/08\/vittraartikelskolval2022-2048x1366.jpg 2048w, https:\/\/vittra.se\/wp-content\/uploads\/2022\/08\/vittraartikelskolval2022-1920x1281.jpg 1920w, https:\/\/vittra.se\/wp-content\/uploads\/2022\/08\/vittraartikelskolval2022-500x333.jpg 500w, https:\/\/vittra.se\/wp-content\/uploads\/2022\/08\/vittraartikelskolval2022-340x227.jpg 340w, https:\/\/vittra.se\/wp-content\/uploads\/2022\/08\/vittraartikelskolval2022-1100x734.jpg 1100w, https:\/\/vittra.se\/wp-content\/uploads\/2022\/08\/vittraartikelskolval2022-1000x667.jpg 1000w\" \/>\n\t\t\t\t\t<\/div>\n\t\t\t\t<\/article>\n\t\t\t<\/li>\n\t\t\t\t\t\t\t\t\t\t\t\t\t\t\t\t\t\n\t\t\t\n\t\t\t\n\t\t\t<li class=\"l-col-6@md l-col-4@lg \" data-filter=\"allmant augusti-2022\">\n\t\t\t\t<article class=\"c-card  has-media-zoom  \" data-variant=\"border\" data-style=\"square\" data-click-area>\n\t\t\t\t\t<div class=\"c-card__content l-stack l-stack-sm\">\n\n\t\t\t\t\t\t\t\t\t\t\t\t\t<time class=\"c-card__date u-font-small\" datetime=\"2022-08-15\">15 augusti, 2022<\/time>\n\t\t\t\t\t\t\n\t\t\t\t\t\t\t\t\t\t\t\t\t<h3 class=\"c-card__title u-font-title-3\">\n\t\t\t\t\t\t\t\t\t\t\t\t\t\t\t\t\t<a class=\"c-card__link\" href=\"https:\/\/vittra.se\/halmstad\/artikel\/skolstart-2022\/\">\n\t\t\t\t\t\t\t\t\t\tEtt nytt l\u00e4s\u00e5r har b\u00f6rjat!\n\t\t\t\t\t\t\t\t\t<\/a>\n\t\t\t\t\t\t\t\t\t\t\t\t\t\t\t<\/h3>\n\t\t\t\t\t\t\n\t\t\t\t\t\t\t\t\t\t\t\t\t<p class=\"c-card__text l-stack-xs u-font-body\">\n\t\t\t\t\t\t\t\tIdag har vi v\u00e4lkomnat v\u00e5ra elever tillbaka\n\t\t\t\t\t\t\t<\/p>\n\t\t\t\t\t\t\n\t\t\t\t\t\t\t\t\t\t\t\t\t<ul class=\"c-card__tags l-stack-grow u-list-none u-pt-md\" aria-label=\"Kategorier\">\n\t\t\t\t\t\t\t\t\t\t\t\t\t\t\t\t\t<li><span class=\"c-tag\" data-variant=\"outline\">Allm\u00e4nt<\/span><\/li>\n\t\t\t\t\t\t\t\t\t\t\t\t\t\t\t<\/ul>\n\t\t\t\t\t\t\n\t\t\t\t\t\t<div class=\"c-card__icon\">\n\t\t\t\t\t\t\t\t\t\t\t\t\t\t<svg class=\"ams-icon ams-icon--arrow-right\" width=\"32\" height=\"32\" viewbox=\"0 0 32 32\" fill=\"currentColor\" aria-hidden=\"true\" xmlns=\"http:\/\/www.w3.org\/2000\/svg\">\n\t\t\t\t\t\t\t\t\t\t\t\t\t\t\t\t<path d=\"M15.4617 0.252159L14.9567 0.75931C14.6219 1.09545 14.6219 1.64048 14.9567 1.97669L27.7062 14.7806H0.857144C0.383786 14.7806 0 15.166 0 15.6414V16.3587C0 16.8341 0.383786 17.2195 0.857144 17.2195H27.7062L14.9567 30.0234C14.6219 30.3595 14.6219 30.9045 14.9567 31.2407L15.4617 31.7479C15.7964 32.084 16.3392 32.084 16.6739 31.7479L31.749 16.6087C32.0837 16.2725 32.0837 15.7275 31.749 15.3913L16.6739 0.252159C16.3392 -0.084053 15.7964 -0.084053 15.4617 0.252159Z\"\/>\n\t\t\t\t\t\t\t\n\t\t\t\t\t\t\t<\/svg>\n\t\t\t\t\t\t<\/div>\n\t\t\t\t\t<\/div>\n\n\t\t\t\t\t<div class=\"c-card__media \" style=\" \">\n\t\t\t\t\t\t<img decoding=\"async\" width=\"400\" height=\"187\" src=\"https:\/\/vittra.se\/wp-content\/uploads\/sites\/9\/2022\/08\/vittrawebbskolstart.jpg\" class=\"attachment-sm size-sm\" alt=\"Fyra glada elever sitter p\u00e5 en b\u00e4nk p\u00e5 skolg\u00e5rden p\u00e5 Vittra.\" sizes=\"(min-width: 64em) 300px, (min-width: 48em) calc(.50 * (100vw - 224px)), calc(100vw - 160px)\" srcset=\"https:\/\/vittra.se\/wp-content\/uploads\/sites\/9\/2022\/08\/vittrawebbskolstart.jpg 2540w, https:\/\/vittra.se\/wp-content\/uploads\/sites\/9\/2022\/08\/vittrawebbskolstart-300x141.jpg 300w, https:\/\/vittra.se\/wp-content\/uploads\/sites\/9\/2022\/08\/vittrawebbskolstart-1024x480.jpg 1024w, https:\/\/vittra.se\/wp-content\/uploads\/sites\/9\/2022\/08\/vittrawebbskolstart-768x360.jpg 768w, https:\/\/vittra.se\/wp-content\/uploads\/sites\/9\/2022\/08\/vittrawebbskolstart-1536x720.jpg 1536w, https:\/\/vittra.se\/wp-content\/uploads\/sites\/9\/2022\/08\/vittrawebbskolstart-2048x959.jpg 2048w, https:\/\/vittra.se\/wp-content\/uploads\/sites\/9\/2022\/08\/vittrawebbskolstart-1920x900.jpg 1920w, https:\/\/vittra.se\/wp-content\/uploads\/sites\/9\/2022\/08\/vittrawebbskolstart-500x234.jpg 500w, https:\/\/vittra.se\/wp-content\/uploads\/sites\/9\/2022\/08\/vittrawebbskolstart-340x159.jpg 340w, https:\/\/vittra.se\/wp-content\/uploads\/sites\/9\/2022\/08\/vittrawebbskolstart-1100x515.jpg 1100w, https:\/\/vittra.se\/wp-content\/uploads\/sites\/9\/2022\/08\/vittrawebbskolstart-1000x469.jpg 1000w\" \/>\n\t\t\t\t\t<\/div>\n\t\t\t\t<\/article>\n\t\t\t<\/li>\n\t\t\t\t\t\t\t\t\t\t\t\t\t\t\t\t\t\n\t\t\t\n\t\t\t\n\t\t\t<li class=\"l-col-6@md l-col-4@lg \" data-filter=\"allmant juni-2022\">\n\t\t\t\t<article class=\"c-card  has-media-zoom  \" data-variant=\"border\" data-style=\"square\" data-click-area>\n\t\t\t\t\t<div class=\"c-card__content l-stack l-stack-sm\">\n\n\t\t\t\t\t\t\t\t\t\t\t\t\t<time class=\"c-card__date u-font-small\" datetime=\"2022-06-15\">15 juni, 2022<\/time>\n\t\t\t\t\t\t\n\t\t\t\t\t\t\t\t\t\t\t\t\t<h3 class=\"c-card__title u-font-title-3\">\n\t\t\t\t\t\t\t\t\t\t\t\t\t\t\t\t\t<a class=\"c-card__link\" href=\"https:\/\/vittra.se\/halmstad\/artikel\/lokal\/glad-sommar-2022\">\n\t\t\t\t\t\t\t\t\t\tGlad sommar fr\u00e5n oss!\n\t\t\t\t\t\t\t\t\t<\/a>\n\t\t\t\t\t\t\t\t\t\t\t\t\t\t\t<\/h3>\n\t\t\t\t\t\t\n\t\t\t\t\t\t\t\t\t\t\t\t\t<p class=\"c-card__text l-stack-xs u-font-body\">\n\t\t\t\t\t\t\t\t\u00c4nnu ett l\u00e4s\u00e5r har g\u00e5tt och nu \u00e4r det dags f\u00f6r sommarlov.\n\t\t\t\t\t\t\t<\/p>\n\t\t\t\t\t\t\n\t\t\t\t\t\t\t\t\t\t\t\t\t<ul class=\"c-card__tags l-stack-grow u-list-none u-pt-md\" aria-label=\"Kategorier\">\n\t\t\t\t\t\t\t\t\t\t\t\t\t\t\t\t\t<li><span class=\"c-tag\" data-variant=\"outline\">Allm\u00e4nt<\/span><\/li>\n\t\t\t\t\t\t\t\t\t\t\t\t\t\t\t<\/ul>\n\t\t\t\t\t\t\n\t\t\t\t\t\t<div class=\"c-card__icon\">\n\t\t\t\t\t\t\t\t\t\t\t\t\t\t<svg class=\"ams-icon ams-icon--arrow-right\" width=\"32\" height=\"32\" viewbox=\"0 0 32 32\" fill=\"currentColor\" aria-hidden=\"true\" xmlns=\"http:\/\/www.w3.org\/2000\/svg\">\n\t\t\t\t\t\t\t\t\t\t\t\t\t\t\t\t<path d=\"M15.4617 0.252159L14.9567 0.75931C14.6219 1.09545 14.6219 1.64048 14.9567 1.97669L27.7062 14.7806H0.857144C0.383786 14.7806 0 15.166 0 15.6414V16.3587C0 16.8341 0.383786 17.2195 0.857144 17.2195H27.7062L14.9567 30.0234C14.6219 30.3595 14.6219 30.9045 14.9567 31.2407L15.4617 31.7479C15.7964 32.084 16.3392 32.084 16.6739 31.7479L31.749 16.6087C32.0837 16.2725 32.0837 15.7275 31.749 15.3913L16.6739 0.252159C16.3392 -0.084053 15.7964 -0.084053 15.4617 0.252159Z\"\/>\n\t\t\t\t\t\t\t\n\t\t\t\t\t\t\t<\/svg>\n\t\t\t\t\t\t<\/div>\n\t\t\t\t\t<\/div>\n\n\t\t\t\t\t<div class=\"c-card__media \" style=\" \">\n\t\t\t\t\t\t<img decoding=\"async\" width=\"400\" height=\"267\" src=\"https:\/\/vittra.se\/wp-content\/uploads\/2022\/06\/h8a4185.jpeg\" class=\"attachment-sm size-sm\" alt=\"Elev som rockar rockring p\u00e5 skolg\u00e5rden.\" sizes=\"(min-width: 64em) 300px, (min-width: 48em) calc(.50 * (100vw - 224px)), calc(100vw - 160px)\" srcset=\"https:\/\/vittra.se\/wp-content\/uploads\/2022\/06\/h8a4185.jpeg 2560w, https:\/\/vittra.se\/wp-content\/uploads\/2022\/06\/h8a4185-300x200.jpeg 300w, https:\/\/vittra.se\/wp-content\/uploads\/2022\/06\/h8a4185-1024x683.jpeg 1024w, https:\/\/vittra.se\/wp-content\/uploads\/2022\/06\/h8a4185-768x512.jpeg 768w, https:\/\/vittra.se\/wp-content\/uploads\/2022\/06\/h8a4185-1536x1024.jpeg 1536w, https:\/\/vittra.se\/wp-content\/uploads\/2022\/06\/h8a4185-2048x1366.jpeg 2048w, https:\/\/vittra.se\/wp-content\/uploads\/2022\/06\/h8a4185-1920x1280.jpeg 1920w, https:\/\/vittra.se\/wp-content\/uploads\/2022\/06\/h8a4185-500x333.jpeg 500w, https:\/\/vittra.se\/wp-content\/uploads\/2022\/06\/h8a4185-340x227.jpeg 340w, https:\/\/vittra.se\/wp-content\/uploads\/2022\/06\/h8a4185-1100x733.jpeg 1100w, https:\/\/vittra.se\/wp-content\/uploads\/2022\/06\/h8a4185-1000x667.jpeg 1000w\" \/>\n\t\t\t\t\t<\/div>\n\t\t\t\t<\/article>\n\t\t\t<\/li>\n\t\t\t\t\t\t\t\t\t\t\t\t\t\t\t\t\t\n\t\t\t\n\t\t\t\n\t\t\t<li class=\"l-col-6@md l-col-4@lg \" data-filter=\"allmant maj-2022\">\n\t\t\t\t<article class=\"c-card  has-media-zoom  \" data-variant=\"border\" data-style=\"square\" data-click-area>\n\t\t\t\t\t<div class=\"c-card__content l-stack l-stack-sm\">\n\n\t\t\t\t\t\t\t\t\t\t\t\t\t<time class=\"c-card__date u-font-small\" datetime=\"2022-05-11\">11 maj, 2022<\/time>\n\t\t\t\t\t\t\n\t\t\t\t\t\t\t\t\t\t\t\t\t<h3 class=\"c-card__title u-font-title-3\">\n\t\t\t\t\t\t\t\t\t\t\t\t\t\t\t\t\t<a class=\"c-card__link\" href=\"https:\/\/vittra.se\/halmstad\/artikel\/lokal\/om-redaktionen-pa-vittra\">\n\t\t\t\t\t\t\t\t\t\tRedaktionen\n\t\t\t\t\t\t\t\t\t<\/a>\n\t\t\t\t\t\t\t\t\t\t\t\t\t\t\t<\/h3>\n\t\t\t\t\t\t\n\t\t\t\t\t\t\t\t\t\t\t\t\t<p class=\"c-card__text l-stack-xs u-font-body\">\n\t\t\t\t\t\t\t\tElevernas egna hub f\u00f6r omv\u00e4rldsbevakning\n\t\t\t\t\t\t\t<\/p>\n\t\t\t\t\t\t\n\t\t\t\t\t\t\t\t\t\t\t\t\t<ul class=\"c-card__tags l-stack-grow u-list-none u-pt-md\" aria-label=\"Kategorier\">\n\t\t\t\t\t\t\t\t\t\t\t\t\t\t\t\t\t<li><span class=\"c-tag\" data-variant=\"outline\">Allm\u00e4nt<\/span><\/li>\n\t\t\t\t\t\t\t\t\t\t\t\t\t\t\t<\/ul>\n\t\t\t\t\t\t\n\t\t\t\t\t\t<div class=\"c-card__icon\">\n\t\t\t\t\t\t\t\t\t\t\t\t\t\t<svg class=\"ams-icon ams-icon--arrow-right\" width=\"32\" height=\"32\" viewbox=\"0 0 32 32\" fill=\"currentColor\" aria-hidden=\"true\" xmlns=\"http:\/\/www.w3.org\/2000\/svg\">\n\t\t\t\t\t\t\t\t\t\t\t\t\t\t\t\t<path d=\"M15.4617 0.252159L14.9567 0.75931C14.6219 1.09545 14.6219 1.64048 14.9567 1.97669L27.7062 14.7806H0.857144C0.383786 14.7806 0 15.166 0 15.6414V16.3587C0 16.8341 0.383786 17.2195 0.857144 17.2195H27.7062L14.9567 30.0234C14.6219 30.3595 14.6219 30.9045 14.9567 31.2407L15.4617 31.7479C15.7964 32.084 16.3392 32.084 16.6739 31.7479L31.749 16.6087C32.0837 16.2725 32.0837 15.7275 31.749 15.3913L16.6739 0.252159C16.3392 -0.084053 15.7964 -0.084053 15.4617 0.252159Z\"\/>\n\t\t\t\t\t\t\t\n\t\t\t\t\t\t\t<\/svg>\n\t\t\t\t\t\t<\/div>\n\t\t\t\t\t<\/div>\n\n\t\t\t\t\t<div class=\"c-card__media \" style=\" \">\n\t\t\t\t\t\t\n\t\t\t\t\t<\/div>\n\t\t\t\t<\/article>\n\t\t\t<\/li>\n\t\t\t\t\t\t\t\t\t\t\t\t\t\t\t\t\t\n\t\t\t\n\t\t\t\n\t\t\t<li class=\"l-col-6@md l-col-4@lg \" data-filter=\"allmant april-2022\">\n\t\t\t\t<article class=\"c-card  has-media-zoom  \" data-variant=\"border\" data-style=\"square\" data-click-area>\n\t\t\t\t\t<div class=\"c-card__content l-stack l-stack-sm\">\n\n\t\t\t\t\t\t\t\t\t\t\t\t\t<time class=\"c-card__date u-font-small\" datetime=\"2022-04-13\">13 april, 2022<\/time>\n\t\t\t\t\t\t\n\t\t\t\t\t\t\t\t\t\t\t\t\t<h3 class=\"c-card__title u-font-title-3\">\n\t\t\t\t\t\t\t\t\t\t\t\t\t\t\t\t\t<a class=\"c-card__link\" href=\"https:\/\/vittra.se\/halmstad\/artikel\/lokal\/pa-vittra-bygger-vi-en-modig-kultur\">\n\t\t\t\t\t\t\t\t\t\tVi bygger en modig kultur\n\t\t\t\t\t\t\t\t\t<\/a>\n\t\t\t\t\t\t\t\t\t\t\t\t\t\t\t<\/h3>\n\t\t\t\t\t\t\n\t\t\t\t\t\t\t\t\t\t\t\t\t<p class=\"c-card__text l-stack-xs u-font-body\">\n\t\t\t\t\t\t\t\tP\u00e5 Vittra f\u00e5r alla barn och elever tr\u00e4na&#8230;\n\t\t\t\t\t\t\t<\/p>\n\t\t\t\t\t\t\n\t\t\t\t\t\t\t\t\t\t\t\t\t<ul class=\"c-card__tags l-stack-grow u-list-none u-pt-md\" aria-label=\"Kategorier\">\n\t\t\t\t\t\t\t\t\t\t\t\t\t\t\t\t\t<li><span class=\"c-tag\" data-variant=\"outline\">Allm\u00e4nt<\/span><\/li>\n\t\t\t\t\t\t\t\t\t\t\t\t\t\t\t<\/ul>\n\t\t\t\t\t\t\n\t\t\t\t\t\t<div class=\"c-card__icon\">\n\t\t\t\t\t\t\t\t\t\t\t\t\t\t<svg class=\"ams-icon ams-icon--arrow-right\" width=\"32\" height=\"32\" viewbox=\"0 0 32 32\" fill=\"currentColor\" aria-hidden=\"true\" xmlns=\"http:\/\/www.w3.org\/2000\/svg\">\n\t\t\t\t\t\t\t\t\t\t\t\t\t\t\t\t<path d=\"M15.4617 0.252159L14.9567 0.75931C14.6219 1.09545 14.6219 1.64048 14.9567 1.97669L27.7062 14.7806H0.857144C0.383786 14.7806 0 15.166 0 15.6414V16.3587C0 16.8341 0.383786 17.2195 0.857144 17.2195H27.7062L14.9567 30.0234C14.6219 30.3595 14.6219 30.9045 14.9567 31.2407L15.4617 31.7479C15.7964 32.084 16.3392 32.084 16.6739 31.7479L31.749 16.6087C32.0837 16.2725 32.0837 15.7275 31.749 15.3913L16.6739 0.252159C16.3392 -0.084053 15.7964 -0.084053 15.4617 0.252159Z\"\/>\n\t\t\t\t\t\t\t\n\t\t\t\t\t\t\t<\/svg>\n\t\t\t\t\t\t<\/div>\n\t\t\t\t\t<\/div>\n\n\t\t\t\t\t<div class=\"c-card__media \" style=\" \">\n\t\t\t\t\t\t\n\t\t\t\t\t<\/div>\n\t\t\t\t<\/article>\n\t\t\t<\/li>\n\t\t\t\t\t\t\t\t\t\t\t\t\t\t\t\t\t\n\t\t\t\n\t\t\t\n\t\t\t<li class=\"l-col-6@md l-col-4@lg \" data-filter=\"allmant mars-2022\">\n\t\t\t\t<article class=\"c-card  has-media-zoom  \" data-variant=\"border\" data-style=\"square\" data-click-area>\n\t\t\t\t\t<div class=\"c-card__content l-stack l-stack-sm\">\n\n\t\t\t\t\t\t\t\t\t\t\t\t\t<time class=\"c-card__date u-font-small\" datetime=\"2022-03-16\">16 mars, 2022<\/time>\n\t\t\t\t\t\t\n\t\t\t\t\t\t\t\t\t\t\t\t\t<h3 class=\"c-card__title u-font-title-3\">\n\t\t\t\t\t\t\t\t\t\t\t\t\t\t\t\t\t<a class=\"c-card__link\" href=\"https:\/\/vittra.se\/halmstad\/artikel\/besok-oss-digitalt\/\">\n\t\t\t\t\t\t\t\t\t\tBes\u00f6k oss digitalt\n\t\t\t\t\t\t\t\t\t<\/a>\n\t\t\t\t\t\t\t\t\t\t\t\t\t\t\t<\/h3>\n\t\t\t\t\t\t\n\t\t\t\t\t\t\t\t\t\t\t\t\t<p class=\"c-card__text l-stack-xs u-font-body\">\n\t\t\t\t\t\t\t\tTa en digital rundtur i v\u00e5ra lokaler\n\t\t\t\t\t\t\t<\/p>\n\t\t\t\t\t\t\n\t\t\t\t\t\t\t\t\t\t\t\t\t<ul class=\"c-card__tags l-stack-grow u-list-none u-pt-md\" aria-label=\"Kategorier\">\n\t\t\t\t\t\t\t\t\t\t\t\t\t\t\t\t\t<li><span class=\"c-tag\" data-variant=\"outline\">Allm\u00e4nt<\/span><\/li>\n\t\t\t\t\t\t\t\t\t\t\t\t\t\t\t<\/ul>\n\t\t\t\t\t\t\n\t\t\t\t\t\t<div class=\"c-card__icon\">\n\t\t\t\t\t\t\t\t\t\t\t\t\t\t<svg class=\"ams-icon ams-icon--arrow-right\" width=\"32\" height=\"32\" viewbox=\"0 0 32 32\" fill=\"currentColor\" aria-hidden=\"true\" xmlns=\"http:\/\/www.w3.org\/2000\/svg\">\n\t\t\t\t\t\t\t\t\t\t\t\t\t\t\t\t<path d=\"M15.4617 0.252159L14.9567 0.75931C14.6219 1.09545 14.6219 1.64048 14.9567 1.97669L27.7062 14.7806H0.857144C0.383786 14.7806 0 15.166 0 15.6414V16.3587C0 16.8341 0.383786 17.2195 0.857144 17.2195H27.7062L14.9567 30.0234C14.6219 30.3595 14.6219 30.9045 14.9567 31.2407L15.4617 31.7479C15.7964 32.084 16.3392 32.084 16.6739 31.7479L31.749 16.6087C32.0837 16.2725 32.0837 15.7275 31.749 15.3913L16.6739 0.252159C16.3392 -0.084053 15.7964 -0.084053 15.4617 0.252159Z\"\/>\n\t\t\t\t\t\t\t\n\t\t\t\t\t\t\t<\/svg>\n\t\t\t\t\t\t<\/div>\n\t\t\t\t\t<\/div>\n\n\t\t\t\t\t<div class=\"c-card__media \" style=\" \">\n\t\t\t\t\t\t<img decoding=\"async\" width=\"400\" height=\"232\" src=\"https:\/\/vittra.se\/wp-content\/uploads\/sites\/9\/2022\/03\/halmstad-scaled-e1647415035783.jpg\" class=\"attachment-sm size-sm\" alt=\"Matsalen p\u00e5 Vittra Halmstad\" sizes=\"(min-width: 64em) 300px, (min-width: 48em) calc(.50 * (100vw - 224px)), calc(100vw - 160px)\" srcset=\"https:\/\/vittra.se\/wp-content\/uploads\/sites\/9\/2022\/03\/halmstad-scaled-e1647415035783.jpg 2560w, https:\/\/vittra.se\/wp-content\/uploads\/sites\/9\/2022\/03\/halmstad-scaled-e1647415035783-300x174.jpg 300w, https:\/\/vittra.se\/wp-content\/uploads\/sites\/9\/2022\/03\/halmstad-scaled-e1647415035783-1024x594.jpg 1024w, https:\/\/vittra.se\/wp-content\/uploads\/sites\/9\/2022\/03\/halmstad-scaled-e1647415035783-768x445.jpg 768w, https:\/\/vittra.se\/wp-content\/uploads\/sites\/9\/2022\/03\/halmstad-scaled-e1647415035783-1536x890.jpg 1536w, https:\/\/vittra.se\/wp-content\/uploads\/sites\/9\/2022\/03\/halmstad-scaled-e1647415035783-2048x1187.jpg 2048w, https:\/\/vittra.se\/wp-content\/uploads\/sites\/9\/2022\/03\/halmstad-scaled-e1647415035783-1920x1113.jpg 1920w, https:\/\/vittra.se\/wp-content\/uploads\/sites\/9\/2022\/03\/halmstad-scaled-e1647415035783-500x290.jpg 500w, https:\/\/vittra.se\/wp-content\/uploads\/sites\/9\/2022\/03\/halmstad-scaled-e1647415035783-340x197.jpg 340w, https:\/\/vittra.se\/wp-content\/uploads\/sites\/9\/2022\/03\/halmstad-scaled-e1647415035783-1100x638.jpg 1100w, https:\/\/vittra.se\/wp-content\/uploads\/sites\/9\/2022\/03\/halmstad-scaled-e1647415035783-1000x580.jpg 1000w\" \/>\n\t\t\t\t\t<\/div>\n\t\t\t\t<\/article>\n\t\t\t<\/li>\n\t\t\t\t\t\t\t\t\t\t\t\t\t\t\t\t\t\n\t\t\t\n\t\t\t\n\t\t\t<li class=\"l-col-6@md l-col-4@lg \" data-filter=\"nyhet mars-2022\">\n\t\t\t\t<article class=\"c-card  has-media-zoom  \" data-variant=\"border\" data-style=\"square\" data-click-area>\n\t\t\t\t\t<div class=\"c-card__content l-stack l-stack-sm\">\n\n\t\t\t\t\t\t\t\t\t\t\t\t\t<time class=\"c-card__date u-font-small\" datetime=\"2022-03-02\">2 mars, 2022<\/time>\n\t\t\t\t\t\t\n\t\t\t\t\t\t\t\t\t\t\t\t\t<h3 class=\"c-card__title u-font-title-3\">\n\t\t\t\t\t\t\t\t\t\t\t\t\t\t\t\t\t<a class=\"c-card__link\" href=\"https:\/\/vittra.se\/halmstad\/artikel\/lokal\/vittra-moter-avsnitt-5\">\n\t\t\t\t\t\t\t\t\t\tVittra m\u00f6ter &#8211; avsnitt 5\n\t\t\t\t\t\t\t\t\t<\/a>\n\t\t\t\t\t\t\t\t\t\t\t\t\t\t\t<\/h3>\n\t\t\t\t\t\t\n\t\t\t\t\t\t\t\t\t\t\t\t\t<p class=\"c-card__text l-stack-xs u-font-body\">\n\t\t\t\t\t\t\t\tEbba och Rebecka tr\u00e4ffar Vittras utbildn&#8230;\n\t\t\t\t\t\t\t<\/p>\n\t\t\t\t\t\t\n\t\t\t\t\t\t\t\t\t\t\t\t\t<ul class=\"c-card__tags l-stack-grow u-list-none u-pt-md\" aria-label=\"Kategorier\">\n\t\t\t\t\t\t\t\t\t\t\t\t\t\t\t\t\t<li><span class=\"c-tag\" data-variant=\"outline\">Nyhet<\/span><\/li>\n\t\t\t\t\t\t\t\t\t\t\t\t\t\t\t<\/ul>\n\t\t\t\t\t\t\n\t\t\t\t\t\t<div class=\"c-card__icon\">\n\t\t\t\t\t\t\t\t\t\t\t\t\t\t<svg class=\"ams-icon ams-icon--arrow-right\" width=\"32\" height=\"32\" viewbox=\"0 0 32 32\" fill=\"currentColor\" aria-hidden=\"true\" xmlns=\"http:\/\/www.w3.org\/2000\/svg\">\n\t\t\t\t\t\t\t\t\t\t\t\t\t\t\t\t<path d=\"M15.4617 0.252159L14.9567 0.75931C14.6219 1.09545 14.6219 1.64048 14.9567 1.97669L27.7062 14.7806H0.857144C0.383786 14.7806 0 15.166 0 15.6414V16.3587C0 16.8341 0.383786 17.2195 0.857144 17.2195H27.7062L14.9567 30.0234C14.6219 30.3595 14.6219 30.9045 14.9567 31.2407L15.4617 31.7479C15.7964 32.084 16.3392 32.084 16.6739 31.7479L31.749 16.6087C32.0837 16.2725 32.0837 15.7275 31.749 15.3913L16.6739 0.252159C16.3392 -0.084053 15.7964 -0.084053 15.4617 0.252159Z\"\/>\n\t\t\t\t\t\t\t\n\t\t\t\t\t\t\t<\/svg>\n\t\t\t\t\t\t<\/div>\n\t\t\t\t\t<\/div>\n\n\t\t\t\t\t<div class=\"c-card__media \" style=\" \">\n\t\t\t\t\t\t<img decoding=\"async\" width=\"400\" height=\"270\" src=\"https:\/\/vittra.se\/wp-content\/uploads\/2022\/03\/vittramoteravsnitt5.jpg\" class=\"attachment-sm size-sm\" alt=\"Vittra m\u00f6ter utbildningsdirekt\u00f6r Anneli Wis\u00e9n\" sizes=\"(min-width: 64em) 300px, (min-width: 48em) calc(.50 * (100vw - 224px)), calc(100vw - 160px)\" srcset=\"https:\/\/vittra.se\/wp-content\/uploads\/2022\/03\/vittramoteravsnitt5.jpg 1066w, https:\/\/vittra.se\/wp-content\/uploads\/2022\/03\/vittramoteravsnitt5-300x203.jpg 300w, https:\/\/vittra.se\/wp-content\/uploads\/2022\/03\/vittramoteravsnitt5-1024x692.jpg 1024w, https:\/\/vittra.se\/wp-content\/uploads\/2022\/03\/vittramoteravsnitt5-768x519.jpg 768w, https:\/\/vittra.se\/wp-content\/uploads\/2022\/03\/vittramoteravsnitt5-500x338.jpg 500w, https:\/\/vittra.se\/wp-content\/uploads\/2022\/03\/vittramoteravsnitt5-340x230.jpg 340w, https:\/\/vittra.se\/wp-content\/uploads\/2022\/03\/vittramoteravsnitt5-992x670.jpg 992w\" \/>\n\t\t\t\t\t<\/div>\n\t\t\t\t<\/article>\n\t\t\t<\/li>\n\t\t\t\t\t\t\t\t\t\t\t\t\t\t\t\t\t\n\t\t\t\n\t\t\t\n\t\t\t<li class=\"l-col-6@md l-col-4@lg \" data-filter=\"nyhet februari-2022\">\n\t\t\t\t<article class=\"c-card  has-media-zoom  \" data-variant=\"border\" data-style=\"square\" data-click-area>\n\t\t\t\t\t<div class=\"c-card__content l-stack l-stack-sm\">\n\n\t\t\t\t\t\t\t\t\t\t\t\t\t<time class=\"c-card__date u-font-small\" datetime=\"2022-02-23\">23 februari, 2022<\/time>\n\t\t\t\t\t\t\n\t\t\t\t\t\t\t\t\t\t\t\t\t<h3 class=\"c-card__title u-font-title-3\">\n\t\t\t\t\t\t\t\t\t\t\t\t\t\t\t\t\t<a class=\"c-card__link\" href=\"https:\/\/vittra.se\/halmstad\/artikel\/lokal\/vittra-moter-avsnitt-4\">\n\t\t\t\t\t\t\t\t\t\tVittra m\u00f6ter &#8211; avsnitt 4\n\t\t\t\t\t\t\t\t\t<\/a>\n\t\t\t\t\t\t\t\t\t\t\t\t\t\t\t<\/h3>\n\t\t\t\t\t\t\n\t\t\t\t\t\t\t\t\t\t\t\t\t<p class=\"c-card__text l-stack-xs u-font-body\">\n\t\t\t\t\t\t\t\tVi f\u00e5r tr\u00e4ffa Amr Badr som \u00e4r musikprodu&#8230;\n\t\t\t\t\t\t\t<\/p>\n\t\t\t\t\t\t\n\t\t\t\t\t\t\t\t\t\t\t\t\t<ul class=\"c-card__tags l-stack-grow u-list-none u-pt-md\" aria-label=\"Kategorier\">\n\t\t\t\t\t\t\t\t\t\t\t\t\t\t\t\t\t<li><span class=\"c-tag\" data-variant=\"outline\">Nyhet<\/span><\/li>\n\t\t\t\t\t\t\t\t\t\t\t\t\t\t\t<\/ul>\n\t\t\t\t\t\t\n\t\t\t\t\t\t<div class=\"c-card__icon\">\n\t\t\t\t\t\t\t\t\t\t\t\t\t\t<svg class=\"ams-icon ams-icon--arrow-right\" width=\"32\" height=\"32\" viewbox=\"0 0 32 32\" fill=\"currentColor\" aria-hidden=\"true\" xmlns=\"http:\/\/www.w3.org\/2000\/svg\">\n\t\t\t\t\t\t\t\t\t\t\t\t\t\t\t\t<path d=\"M15.4617 0.252159L14.9567 0.75931C14.6219 1.09545 14.6219 1.64048 14.9567 1.97669L27.7062 14.7806H0.857144C0.383786 14.7806 0 15.166 0 15.6414V16.3587C0 16.8341 0.383786 17.2195 0.857144 17.2195H27.7062L14.9567 30.0234C14.6219 30.3595 14.6219 30.9045 14.9567 31.2407L15.4617 31.7479C15.7964 32.084 16.3392 32.084 16.6739 31.7479L31.749 16.6087C32.0837 16.2725 32.0837 15.7275 31.749 15.3913L16.6739 0.252159C16.3392 -0.084053 15.7964 -0.084053 15.4617 0.252159Z\"\/>\n\t\t\t\t\t\t\t\n\t\t\t\t\t\t\t<\/svg>\n\t\t\t\t\t\t<\/div>\n\t\t\t\t\t<\/div>\n\n\t\t\t\t\t<div class=\"c-card__media \" style=\" \">\n\t\t\t\t\t\t<img decoding=\"async\" width=\"400\" height=\"270\" src=\"https:\/\/vittra.se\/wp-content\/uploads\/2022\/02\/vittramoteravsnitt4.jpg\" class=\"attachment-sm size-sm\" alt=\"Vittra m\u00f6ter musikproducenten Amr Badr\" sizes=\"(min-width: 64em) 300px, (min-width: 48em) calc(.50 * (100vw - 224px)), calc(100vw - 160px)\" srcset=\"https:\/\/vittra.se\/wp-content\/uploads\/2022\/02\/vittramoteravsnitt4.jpg 1065w, https:\/\/vittra.se\/wp-content\/uploads\/2022\/02\/vittramoteravsnitt4-300x203.jpg 300w, https:\/\/vittra.se\/wp-content\/uploads\/2022\/02\/vittramoteravsnitt4-1024x692.jpg 1024w, https:\/\/vittra.se\/wp-content\/uploads\/2022\/02\/vittramoteravsnitt4-768x519.jpg 768w, https:\/\/vittra.se\/wp-content\/uploads\/2022\/02\/vittramoteravsnitt4-500x338.jpg 500w, https:\/\/vittra.se\/wp-content\/uploads\/2022\/02\/vittramoteravsnitt4-340x230.jpg 340w, https:\/\/vittra.se\/wp-content\/uploads\/2022\/02\/vittramoteravsnitt4-991x670.jpg 991w\" \/>\n\t\t\t\t\t<\/div>\n\t\t\t\t<\/article>\n\t\t\t<\/li>\n\t\t\t\t\t\t\t\t\t\t\t\t\t\t\t\t\t\n\t\t\t\n\t\t\t\n\t\t\t<li class=\"l-col-6@md l-col-4@lg \" data-filter=\"nyhet februari-2022\">\n\t\t\t\t<article class=\"c-card  has-media-zoom  \" data-variant=\"border\" data-style=\"square\" data-click-area>\n\t\t\t\t\t<div class=\"c-card__content l-stack l-stack-sm\">\n\n\t\t\t\t\t\t\t\t\t\t\t\t\t<time class=\"c-card__date u-font-small\" datetime=\"2022-02-16\">16 februari, 2022<\/time>\n\t\t\t\t\t\t\n\t\t\t\t\t\t\t\t\t\t\t\t\t<h3 class=\"c-card__title u-font-title-3\">\n\t\t\t\t\t\t\t\t\t\t\t\t\t\t\t\t\t<a class=\"c-card__link\" href=\"https:\/\/vittra.se\/halmstad\/artikel\/lokal\/kvartersmalen\">\n\t\t\t\t\t\t\t\t\t\tKvartersm\u00e5len p\u00e5 Vittra\n\t\t\t\t\t\t\t\t\t<\/a>\n\t\t\t\t\t\t\t\t\t\t\t\t\t\t\t<\/h3>\n\t\t\t\t\t\t\n\t\t\t\t\t\t\t\t\t\t\t\t\t<p class=\"c-card__text l-stack-xs u-font-body\">\n\t\t\t\t\t\t\t\tVi vill att v\u00e5ra barn och elever l\u00e4r sig&#8230;\n\t\t\t\t\t\t\t<\/p>\n\t\t\t\t\t\t\n\t\t\t\t\t\t\t\t\t\t\t\t\t<ul class=\"c-card__tags l-stack-grow u-list-none u-pt-md\" aria-label=\"Kategorier\">\n\t\t\t\t\t\t\t\t\t\t\t\t\t\t\t\t\t<li><span class=\"c-tag\" data-variant=\"outline\">Nyhet<\/span><\/li>\n\t\t\t\t\t\t\t\t\t\t\t\t\t\t\t<\/ul>\n\t\t\t\t\t\t\n\t\t\t\t\t\t<div class=\"c-card__icon\">\n\t\t\t\t\t\t\t\t\t\t\t\t\t\t<svg class=\"ams-icon ams-icon--arrow-right\" width=\"32\" height=\"32\" viewbox=\"0 0 32 32\" fill=\"currentColor\" aria-hidden=\"true\" xmlns=\"http:\/\/www.w3.org\/2000\/svg\">\n\t\t\t\t\t\t\t\t\t\t\t\t\t\t\t\t<path d=\"M15.4617 0.252159L14.9567 0.75931C14.6219 1.09545 14.6219 1.64048 14.9567 1.97669L27.7062 14.7806H0.857144C0.383786 14.7806 0 15.166 0 15.6414V16.3587C0 16.8341 0.383786 17.2195 0.857144 17.2195H27.7062L14.9567 30.0234C14.6219 30.3595 14.6219 30.9045 14.9567 31.2407L15.4617 31.7479C15.7964 32.084 16.3392 32.084 16.6739 31.7479L31.749 16.6087C32.0837 16.2725 32.0837 15.7275 31.749 15.3913L16.6739 0.252159C16.3392 -0.084053 15.7964 -0.084053 15.4617 0.252159Z\"\/>\n\t\t\t\t\t\t\t\n\t\t\t\t\t\t\t<\/svg>\n\t\t\t\t\t\t<\/div>\n\t\t\t\t\t<\/div>\n\n\t\t\t\t\t<div class=\"c-card__media \" style=\" \">\n\t\t\t\t\t\t<img decoding=\"async\" width=\"400\" height=\"225\" src=\"https:\/\/vittra.se\/wp-content\/uploads\/2022\/02\/vittrafoto1920x1080splitfneupojke.jpeg\" class=\"attachment-sm size-sm\" alt=\"En elev med ena benet i klassrummet och ena benet i samh\u00e4llet\" sizes=\"(min-width: 64em) 300px, (min-width: 48em) calc(.50 * (100vw - 224px)), calc(100vw - 160px)\" srcset=\"https:\/\/vittra.se\/wp-content\/uploads\/2022\/02\/vittrafoto1920x1080splitfneupojke.jpeg 1920w, https:\/\/vittra.se\/wp-content\/uploads\/2022\/02\/vittrafoto1920x1080splitfneupojke-300x169.jpeg 300w, https:\/\/vittra.se\/wp-content\/uploads\/2022\/02\/vittrafoto1920x1080splitfneupojke-1024x576.jpeg 1024w, https:\/\/vittra.se\/wp-content\/uploads\/2022\/02\/vittrafoto1920x1080splitfneupojke-768x432.jpeg 768w, https:\/\/vittra.se\/wp-content\/uploads\/2022\/02\/vittrafoto1920x1080splitfneupojke-1536x864.jpeg 1536w, https:\/\/vittra.se\/wp-content\/uploads\/2022\/02\/vittrafoto1920x1080splitfneupojke-500x281.jpeg 500w, https:\/\/vittra.se\/wp-content\/uploads\/2022\/02\/vittrafoto1920x1080splitfneupojke-340x191.jpeg 340w, https:\/\/vittra.se\/wp-content\/uploads\/2022\/02\/vittrafoto1920x1080splitfneupojke-1100x620.jpeg 1100w, https:\/\/vittra.se\/wp-content\/uploads\/2022\/02\/vittrafoto1920x1080splitfneupojke-1000x563.jpeg 1000w\" \/>\n\t\t\t\t\t<\/div>\n\t\t\t\t<\/article>\n\t\t\t<\/li>\n\t\t\t\t\t\t\t\t\t\t\t\t\t\t\t\t\t\n\t\t\t\n\t\t\t\n\t\t\t<li class=\"l-col-6@md l-col-4@lg \" data-filter=\"nyhet februari-2022\">\n\t\t\t\t<article class=\"c-card  has-media-zoom  \" data-variant=\"border\" data-style=\"square\" data-click-area>\n\t\t\t\t\t<div class=\"c-card__content l-stack l-stack-sm\">\n\n\t\t\t\t\t\t\t\t\t\t\t\t\t<time class=\"c-card__date u-font-small\" datetime=\"2022-02-09\">9 februari, 2022<\/time>\n\t\t\t\t\t\t\n\t\t\t\t\t\t\t\t\t\t\t\t\t<h3 class=\"c-card__title u-font-title-3\">\n\t\t\t\t\t\t\t\t\t\t\t\t\t\t\t\t\t<a class=\"c-card__link\" href=\"https:\/\/vittra.se\/halmstad\/artikel\/lokal\/vittra-moter-avsnitt-3\">\n\t\t\t\t\t\t\t\t\t\tVittra m\u00f6ter &#8211; avsnitt 3\n\t\t\t\t\t\t\t\t\t<\/a>\n\t\t\t\t\t\t\t\t\t\t\t\t\t\t\t<\/h3>\n\t\t\t\t\t\t\n\t\t\t\t\t\t\t\t\t\t\t\t\t<p class=\"c-card__text l-stack-xs u-font-body\">\n\t\t\t\t\t\t\t\tVi tr\u00e4ffar l\u00e4karen och forskaren Lotta B&#8230;\n\t\t\t\t\t\t\t<\/p>\n\t\t\t\t\t\t\n\t\t\t\t\t\t\t\t\t\t\t\t\t<ul class=\"c-card__tags l-stack-grow u-list-none u-pt-md\" aria-label=\"Kategorier\">\n\t\t\t\t\t\t\t\t\t\t\t\t\t\t\t\t\t<li><span class=\"c-tag\" data-variant=\"outline\">Nyhet<\/span><\/li>\n\t\t\t\t\t\t\t\t\t\t\t\t\t\t\t<\/ul>\n\t\t\t\t\t\t\n\t\t\t\t\t\t<div class=\"c-card__icon\">\n\t\t\t\t\t\t\t\t\t\t\t\t\t\t<svg class=\"ams-icon ams-icon--arrow-right\" width=\"32\" height=\"32\" viewbox=\"0 0 32 32\" fill=\"currentColor\" aria-hidden=\"true\" xmlns=\"http:\/\/www.w3.org\/2000\/svg\">\n\t\t\t\t\t\t\t\t\t\t\t\t\t\t\t\t<path d=\"M15.4617 0.252159L14.9567 0.75931C14.6219 1.09545 14.6219 1.64048 14.9567 1.97669L27.7062 14.7806H0.857144C0.383786 14.7806 0 15.166 0 15.6414V16.3587C0 16.8341 0.383786 17.2195 0.857144 17.2195H27.7062L14.9567 30.0234C14.6219 30.3595 14.6219 30.9045 14.9567 31.2407L15.4617 31.7479C15.7964 32.084 16.3392 32.084 16.6739 31.7479L31.749 16.6087C32.0837 16.2725 32.0837 15.7275 31.749 15.3913L16.6739 0.252159C16.3392 -0.084053 15.7964 -0.084053 15.4617 0.252159Z\"\/>\n\t\t\t\t\t\t\t\n\t\t\t\t\t\t\t<\/svg>\n\t\t\t\t\t\t<\/div>\n\t\t\t\t\t<\/div>\n\n\t\t\t\t\t<div class=\"c-card__media \" style=\" \">\n\t\t\t\t\t\t<img decoding=\"async\" width=\"400\" height=\"270\" src=\"https:\/\/vittra.se\/wp-content\/uploads\/2022\/02\/vittramoteravsnitt3.jpg\" class=\"attachment-sm size-sm\" alt=\"Vittraeleven Rebecka m\u00f6ter l\u00e4karen Lotta\" sizes=\"(min-width: 64em) 300px, (min-width: 48em) calc(.50 * (100vw - 224px)), calc(100vw - 160px)\" srcset=\"https:\/\/vittra.se\/wp-content\/uploads\/2022\/02\/vittramoteravsnitt3.jpg 1065w, https:\/\/vittra.se\/wp-content\/uploads\/2022\/02\/vittramoteravsnitt3-300x203.jpg 300w, https:\/\/vittra.se\/wp-content\/uploads\/2022\/02\/vittramoteravsnitt3-1024x692.jpg 1024w, https:\/\/vittra.se\/wp-content\/uploads\/2022\/02\/vittramoteravsnitt3-768x519.jpg 768w, https:\/\/vittra.se\/wp-content\/uploads\/2022\/02\/vittramoteravsnitt3-500x338.jpg 500w, https:\/\/vittra.se\/wp-content\/uploads\/2022\/02\/vittramoteravsnitt3-340x230.jpg 340w, https:\/\/vittra.se\/wp-content\/uploads\/2022\/02\/vittramoteravsnitt3-991x670.jpg 991w\" \/>\n\t\t\t\t\t<\/div>\n\t\t\t\t<\/article>\n\t\t\t<\/li>\n\t\t\t\t\t\t\t\t\t\t\t\t\t\t\t\t\t\n\t\t\t\n\t\t\t\n\t\t\t<li class=\"l-col-6@md l-col-4@lg \" data-filter=\"nyhet januari-2022\">\n\t\t\t\t<article class=\"c-card  has-media-zoom  \" data-variant=\"border\" data-style=\"square\" data-click-area>\n\t\t\t\t\t<div class=\"c-card__content l-stack l-stack-sm\">\n\n\t\t\t\t\t\t\t\t\t\t\t\t\t<time class=\"c-card__date u-font-small\" datetime=\"2022-01-21\">21 januari, 2022<\/time>\n\t\t\t\t\t\t\n\t\t\t\t\t\t\t\t\t\t\t\t\t<h3 class=\"c-card__title u-font-title-3\">\n\t\t\t\t\t\t\t\t\t\t\t\t\t\t\t\t\t<a class=\"c-card__link\" href=\"https:\/\/vittra.se\/halmstad\/artikel\/lokal\/vittra-moter-avsnitt-2\">\n\t\t\t\t\t\t\t\t\t\tVittra m\u00f6ter &#8211; avsnitt 2\n\t\t\t\t\t\t\t\t\t<\/a>\n\t\t\t\t\t\t\t\t\t\t\t\t\t\t\t<\/h3>\n\t\t\t\t\t\t\n\t\t\t\t\t\t\t\t\t\t\t\t\t<p class=\"c-card__text l-stack-xs u-font-body\">\n\t\t\t\t\t\t\t\tNu har det blivit dags f\u00f6r det andra avs&#8230;\n\t\t\t\t\t\t\t<\/p>\n\t\t\t\t\t\t\n\t\t\t\t\t\t\t\t\t\t\t\t\t<ul class=\"c-card__tags l-stack-grow u-list-none u-pt-md\" aria-label=\"Kategorier\">\n\t\t\t\t\t\t\t\t\t\t\t\t\t\t\t\t\t<li><span class=\"c-tag\" data-variant=\"outline\">Nyhet<\/span><\/li>\n\t\t\t\t\t\t\t\t\t\t\t\t\t\t\t<\/ul>\n\t\t\t\t\t\t\n\t\t\t\t\t\t<div class=\"c-card__icon\">\n\t\t\t\t\t\t\t\t\t\t\t\t\t\t<svg class=\"ams-icon ams-icon--arrow-right\" width=\"32\" height=\"32\" viewbox=\"0 0 32 32\" fill=\"currentColor\" aria-hidden=\"true\" xmlns=\"http:\/\/www.w3.org\/2000\/svg\">\n\t\t\t\t\t\t\t\t\t\t\t\t\t\t\t\t<path d=\"M15.4617 0.252159L14.9567 0.75931C14.6219 1.09545 14.6219 1.64048 14.9567 1.97669L27.7062 14.7806H0.857144C0.383786 14.7806 0 15.166 0 15.6414V16.3587C0 16.8341 0.383786 17.2195 0.857144 17.2195H27.7062L14.9567 30.0234C14.6219 30.3595 14.6219 30.9045 14.9567 31.2407L15.4617 31.7479C15.7964 32.084 16.3392 32.084 16.6739 31.7479L31.749 16.6087C32.0837 16.2725 32.0837 15.7275 31.749 15.3913L16.6739 0.252159C16.3392 -0.084053 15.7964 -0.084053 15.4617 0.252159Z\"\/>\n\t\t\t\t\t\t\t\n\t\t\t\t\t\t\t<\/svg>\n\t\t\t\t\t\t<\/div>\n\t\t\t\t\t<\/div>\n\n\t\t\t\t\t<div class=\"c-card__media \" style=\" \">\n\t\t\t\t\t\t<img decoding=\"async\" width=\"400\" height=\"270\" src=\"https:\/\/vittra.se\/wp-content\/uploads\/2022\/01\/vittramoteravsnitt2.jpg\" class=\"attachment-sm size-sm\" alt=\"Vittra m\u00f6ter politikern Parisa\" sizes=\"(min-width: 64em) 300px, (min-width: 48em) calc(.50 * (100vw - 224px)), calc(100vw - 160px)\" srcset=\"https:\/\/vittra.se\/wp-content\/uploads\/2022\/01\/vittramoteravsnitt2.jpg 1065w, https:\/\/vittra.se\/wp-content\/uploads\/2022\/01\/vittramoteravsnitt2-300x203.jpg 300w, https:\/\/vittra.se\/wp-content\/uploads\/2022\/01\/vittramoteravsnitt2-1024x692.jpg 1024w, https:\/\/vittra.se\/wp-content\/uploads\/2022\/01\/vittramoteravsnitt2-768x519.jpg 768w, https:\/\/vittra.se\/wp-content\/uploads\/2022\/01\/vittramoteravsnitt2-500x338.jpg 500w, https:\/\/vittra.se\/wp-content\/uploads\/2022\/01\/vittramoteravsnitt2-340x230.jpg 340w, https:\/\/vittra.se\/wp-content\/uploads\/2022\/01\/vittramoteravsnitt2-991x670.jpg 991w\" \/>\n\t\t\t\t\t<\/div>\n\t\t\t\t<\/article>\n\t\t\t<\/li>\n\t\t\t\t\t\t\t\t\t\t\t\t\t\t\t\t\t\n\t\t\t\n\t\t\t\n\t\t\t<li class=\"l-col-6@md l-col-4@lg \" data-filter=\"nyhet januari-2022\">\n\t\t\t\t<article class=\"c-card  has-media-zoom  \" data-variant=\"border\" data-style=\"square\" data-click-area>\n\t\t\t\t\t<div class=\"c-card__content l-stack l-stack-sm\">\n\n\t\t\t\t\t\t\t\t\t\t\t\t\t<time class=\"c-card__date u-font-small\" datetime=\"2022-01-12\">12 januari, 2022<\/time>\n\t\t\t\t\t\t\n\t\t\t\t\t\t\t\t\t\t\t\t\t<h3 class=\"c-card__title u-font-title-3\">\n\t\t\t\t\t\t\t\t\t\t\t\t\t\t\t\t\t<a class=\"c-card__link\" href=\"https:\/\/vittra.se\/halmstad\/artikel\/lokal\/terminsstart\">\n\t\t\t\t\t\t\t\t\t\tTerminsstart\n\t\t\t\t\t\t\t\t\t<\/a>\n\t\t\t\t\t\t\t\t\t\t\t\t\t\t\t<\/h3>\n\t\t\t\t\t\t\n\t\t\t\t\t\t\t\t\t\t\t\t\t<p class=\"c-card__text l-stack-xs u-font-body\">\n\t\t\t\t\t\t\t\t\u00c4ntligen har skolan b\u00f6rjat igen! Vi hopp&#8230;\n\t\t\t\t\t\t\t<\/p>\n\t\t\t\t\t\t\n\t\t\t\t\t\t\t\t\t\t\t\t\t<ul class=\"c-card__tags l-stack-grow u-list-none u-pt-md\" aria-label=\"Kategorier\">\n\t\t\t\t\t\t\t\t\t\t\t\t\t\t\t\t\t<li><span class=\"c-tag\" data-variant=\"outline\">Nyhet<\/span><\/li>\n\t\t\t\t\t\t\t\t\t\t\t\t\t\t\t<\/ul>\n\t\t\t\t\t\t\n\t\t\t\t\t\t<div class=\"c-card__icon\">\n\t\t\t\t\t\t\t\t\t\t\t\t\t\t<svg class=\"ams-icon ams-icon--arrow-right\" width=\"32\" height=\"32\" viewbox=\"0 0 32 32\" fill=\"currentColor\" aria-hidden=\"true\" xmlns=\"http:\/\/www.w3.org\/2000\/svg\">\n\t\t\t\t\t\t\t\t\t\t\t\t\t\t\t\t<path d=\"M15.4617 0.252159L14.9567 0.75931C14.6219 1.09545 14.6219 1.64048 14.9567 1.97669L27.7062 14.7806H0.857144C0.383786 14.7806 0 15.166 0 15.6414V16.3587C0 16.8341 0.383786 17.2195 0.857144 17.2195H27.7062L14.9567 30.0234C14.6219 30.3595 14.6219 30.9045 14.9567 31.2407L15.4617 31.7479C15.7964 32.084 16.3392 32.084 16.6739 31.7479L31.749 16.6087C32.0837 16.2725 32.0837 15.7275 31.749 15.3913L16.6739 0.252159C16.3392 -0.084053 15.7964 -0.084053 15.4617 0.252159Z\"\/>\n\t\t\t\t\t\t\t\n\t\t\t\t\t\t\t<\/svg>\n\t\t\t\t\t\t<\/div>\n\t\t\t\t\t<\/div>\n\n\t\t\t\t\t<div class=\"c-card__media \" style=\" \">\n\t\t\t\t\t\t\n\t\t\t\t\t<\/div>\n\t\t\t\t<\/article>\n\t\t\t<\/li>\n\t\t\t\t\t\t\t\t\t\t\t\t\t\t\t\t\t\n\t\t\t\n\t\t\t\n\t\t\t<li class=\"l-col-6@md l-col-4@lg \" data-filter=\"nyhet december-2021\">\n\t\t\t\t<article class=\"c-card  has-media-zoom  \" data-variant=\"border\" data-style=\"square\" data-click-area>\n\t\t\t\t\t<div class=\"c-card__content l-stack l-stack-sm\">\n\n\t\t\t\t\t\t\t\t\t\t\t\t\t<time class=\"c-card__date u-font-small\" datetime=\"2021-12-20\">20 december, 2021<\/time>\n\t\t\t\t\t\t\n\t\t\t\t\t\t\t\t\t\t\t\t\t<h3 class=\"c-card__title u-font-title-3\">\n\t\t\t\t\t\t\t\t\t\t\t\t\t\t\t\t\t<a class=\"c-card__link\" href=\"https:\/\/vittra.se\/halmstad\/artikel\/lokal\/forsta-avsnittet-av-vittra-moter\">\n\t\t\t\t\t\t\t\t\t\tVittra m\u00f6ter &#8211; avsnitt 1\n\t\t\t\t\t\t\t\t\t<\/a>\n\t\t\t\t\t\t\t\t\t\t\t\t\t\t\t<\/h3>\n\t\t\t\t\t\t\n\t\t\t\t\t\t\t\t\t\t\t\t\t<p class=\"c-card__text l-stack-xs u-font-body\">\n\t\t\t\t\t\t\t\tI f\u00f6rsta avsnittet av Vittra m\u00f6ter tr\u00e4ff&#8230;\n\t\t\t\t\t\t\t<\/p>\n\t\t\t\t\t\t\n\t\t\t\t\t\t\t\t\t\t\t\t\t<ul class=\"c-card__tags l-stack-grow u-list-none u-pt-md\" aria-label=\"Kategorier\">\n\t\t\t\t\t\t\t\t\t\t\t\t\t\t\t\t\t<li><span class=\"c-tag\" data-variant=\"outline\">Nyhet<\/span><\/li>\n\t\t\t\t\t\t\t\t\t\t\t\t\t\t\t<\/ul>\n\t\t\t\t\t\t\n\t\t\t\t\t\t<div class=\"c-card__icon\">\n\t\t\t\t\t\t\t\t\t\t\t\t\t\t<svg class=\"ams-icon ams-icon--arrow-right\" width=\"32\" height=\"32\" viewbox=\"0 0 32 32\" fill=\"currentColor\" aria-hidden=\"true\" xmlns=\"http:\/\/www.w3.org\/2000\/svg\">\n\t\t\t\t\t\t\t\t\t\t\t\t\t\t\t\t<path d=\"M15.4617 0.252159L14.9567 0.75931C14.6219 1.09545 14.6219 1.64048 14.9567 1.97669L27.7062 14.7806H0.857144C0.383786 14.7806 0 15.166 0 15.6414V16.3587C0 16.8341 0.383786 17.2195 0.857144 17.2195H27.7062L14.9567 30.0234C14.6219 30.3595 14.6219 30.9045 14.9567 31.2407L15.4617 31.7479C15.7964 32.084 16.3392 32.084 16.6739 31.7479L31.749 16.6087C32.0837 16.2725 32.0837 15.7275 31.749 15.3913L16.6739 0.252159C16.3392 -0.084053 15.7964 -0.084053 15.4617 0.252159Z\"\/>\n\t\t\t\t\t\t\t\n\t\t\t\t\t\t\t<\/svg>\n\t\t\t\t\t\t<\/div>\n\t\t\t\t\t<\/div>\n\n\t\t\t\t\t<div class=\"c-card__media \" style=\" \">\n\t\t\t\t\t\t<img decoding=\"async\" width=\"400\" height=\"348\" src=\"https:\/\/vittra.se\/wp-content\/uploads\/2021\/12\/skarmavbild-2021-12-09-kl-163150.png\" class=\"attachment-sm size-sm\" alt=\"\" sizes=\"(min-width: 64em) 300px, (min-width: 48em) calc(.50 * (100vw - 224px)), calc(100vw - 160px)\" srcset=\"https:\/\/vittra.se\/wp-content\/uploads\/2021\/12\/skarmavbild-2021-12-09-kl-163150.png 940w, https:\/\/vittra.se\/wp-content\/uploads\/2021\/12\/skarmavbild-2021-12-09-kl-163150-300x261.png 300w, https:\/\/vittra.se\/wp-content\/uploads\/2021\/12\/skarmavbild-2021-12-09-kl-163150-768x668.png 768w, https:\/\/vittra.se\/wp-content\/uploads\/2021\/12\/skarmavbild-2021-12-09-kl-163150-500x435.png 500w, https:\/\/vittra.se\/wp-content\/uploads\/2021\/12\/skarmavbild-2021-12-09-kl-163150-263x229.png 263w, https:\/\/vittra.se\/wp-content\/uploads\/2021\/12\/skarmavbild-2021-12-09-kl-163150-340x296.png 340w, https:\/\/vittra.se\/wp-content\/uploads\/2021\/12\/skarmavbild-2021-12-09-kl-163150-770x670.png 770w\" \/>\n\t\t\t\t\t<\/div>\n\t\t\t\t<\/article>\n\t\t\t<\/li>\n\t\t\t\t\t\t\t\t\t\t\t\t\t\t\t\t\t\n\t\t\t\n\t\t\t\n\t\t\t<li class=\"l-col-6@md l-col-4@lg \" data-filter=\"nyhet november-2021\">\n\t\t\t\t<article class=\"c-card  has-media-zoom  \" data-variant=\"border\" data-style=\"square\" data-click-area>\n\t\t\t\t\t<div class=\"c-card__content l-stack l-stack-sm\">\n\n\t\t\t\t\t\t\t\t\t\t\t\t\t<time class=\"c-card__date u-font-small\" datetime=\"2021-11-01\">1 november, 2021<\/time>\n\t\t\t\t\t\t\n\t\t\t\t\t\t\t\t\t\t\t\t\t<h3 class=\"c-card__title u-font-title-3\">\n\t\t\t\t\t\t\t\t\t\t\t\t\t\t\t\t\t<a class=\"c-card__link\" href=\"https:\/\/vittra.se\/halmstad\/artikel\/lokal\/laslov\">\n\t\t\t\t\t\t\t\t\t\tL\u00e4slov\n\t\t\t\t\t\t\t\t\t<\/a>\n\t\t\t\t\t\t\t\t\t\t\t\t\t\t\t<\/h3>\n\t\t\t\t\t\t\n\t\t\t\t\t\t\t\t\t\t\t\t\t<p class=\"c-card__text l-stack-xs u-font-body\">\n\t\t\t\t\t\t\t\tVi \u00f6nskar alla v\u00e5ra barn och elever en r&#8230;\n\t\t\t\t\t\t\t<\/p>\n\t\t\t\t\t\t\n\t\t\t\t\t\t\t\t\t\t\t\t\t<ul class=\"c-card__tags l-stack-grow u-list-none u-pt-md\" aria-label=\"Kategorier\">\n\t\t\t\t\t\t\t\t\t\t\t\t\t\t\t\t\t<li><span class=\"c-tag\" data-variant=\"outline\">Nyhet<\/span><\/li>\n\t\t\t\t\t\t\t\t\t\t\t\t\t\t\t<\/ul>\n\t\t\t\t\t\t\n\t\t\t\t\t\t<div class=\"c-card__icon\">\n\t\t\t\t\t\t\t\t\t\t\t\t\t\t<svg class=\"ams-icon ams-icon--arrow-right\" width=\"32\" height=\"32\" viewbox=\"0 0 32 32\" fill=\"currentColor\" aria-hidden=\"true\" xmlns=\"http:\/\/www.w3.org\/2000\/svg\">\n\t\t\t\t\t\t\t\t\t\t\t\t\t\t\t\t<path d=\"M15.4617 0.252159L14.9567 0.75931C14.6219 1.09545 14.6219 1.64048 14.9567 1.97669L27.7062 14.7806H0.857144C0.383786 14.7806 0 15.166 0 15.6414V16.3587C0 16.8341 0.383786 17.2195 0.857144 17.2195H27.7062L14.9567 30.0234C14.6219 30.3595 14.6219 30.9045 14.9567 31.2407L15.4617 31.7479C15.7964 32.084 16.3392 32.084 16.6739 31.7479L31.749 16.6087C32.0837 16.2725 32.0837 15.7275 31.749 15.3913L16.6739 0.252159C16.3392 -0.084053 15.7964 -0.084053 15.4617 0.252159Z\"\/>\n\t\t\t\t\t\t\t\n\t\t\t\t\t\t\t<\/svg>\n\t\t\t\t\t\t<\/div>\n\t\t\t\t\t<\/div>\n\n\t\t\t\t\t<div class=\"c-card__media \" style=\" \">\n\t\t\t\t\t\t\n\t\t\t\t\t<\/div>\n\t\t\t\t<\/article>\n\t\t\t<\/li>\n\t\t\t\t\t\t\t\t\t\t\t\t\t\t\t\t\t\n\t\t\t\n\t\t\t\n\t\t\t<li class=\"l-col-6@md l-col-4@lg \" data-filter=\"allmant september-2021\">\n\t\t\t\t<article class=\"c-card  has-media-zoom  \" data-variant=\"border\" data-style=\"square\" data-click-area>\n\t\t\t\t\t<div class=\"c-card__content l-stack l-stack-sm\">\n\n\t\t\t\t\t\t\t\t\t\t\t\t\t<time class=\"c-card__date u-font-small\" datetime=\"2021-09-09\">9 september, 2021<\/time>\n\t\t\t\t\t\t\n\t\t\t\t\t\t\t\t\t\t\t\t\t<h3 class=\"c-card__title u-font-title-3\">\n\t\t\t\t\t\t\t\t\t\t\t\t\t\t\t\t\t<a class=\"c-card__link\" href=\"https:\/\/vittra.se\/halmstad\/artikel\/lokal\/anneli-wisen-berattar-om-vittras-pedagogik\">\n\t\t\t\t\t\t\t\t\t\tAnneli Wis\u00e9n ber\u00e4ttar om Vittr&#8230;\n\t\t\t\t\t\t\t\t\t<\/a>\n\t\t\t\t\t\t\t\t\t\t\t\t\t\t\t<\/h3>\n\t\t\t\t\t\t\n\t\t\t\t\t\t\t\t\t\t\t\t\t<p class=\"c-card__text l-stack-xs u-font-body\">\n\t\t\t\t\t\t\t\tNu har v\u00e5ra samh\u00e4llsengagerade f\u00f6r- och &#8230;\n\t\t\t\t\t\t\t<\/p>\n\t\t\t\t\t\t\n\t\t\t\t\t\t\t\t\t\t\t\t\t<ul class=\"c-card__tags l-stack-grow u-list-none u-pt-md\" aria-label=\"Kategorier\">\n\t\t\t\t\t\t\t\t\t\t\t\t\t\t\t\t\t<li><span class=\"c-tag\" data-variant=\"outline\">Allm\u00e4nt<\/span><\/li>\n\t\t\t\t\t\t\t\t\t\t\t\t\t\t\t<\/ul>\n\t\t\t\t\t\t\n\t\t\t\t\t\t<div class=\"c-card__icon\">\n\t\t\t\t\t\t\t\t\t\t\t\t\t\t<svg class=\"ams-icon ams-icon--arrow-right\" width=\"32\" height=\"32\" viewbox=\"0 0 32 32\" fill=\"currentColor\" aria-hidden=\"true\" xmlns=\"http:\/\/www.w3.org\/2000\/svg\">\n\t\t\t\t\t\t\t\t\t\t\t\t\t\t\t\t<path d=\"M15.4617 0.252159L14.9567 0.75931C14.6219 1.09545 14.6219 1.64048 14.9567 1.97669L27.7062 14.7806H0.857144C0.383786 14.7806 0 15.166 0 15.6414V16.3587C0 16.8341 0.383786 17.2195 0.857144 17.2195H27.7062L14.9567 30.0234C14.6219 30.3595 14.6219 30.9045 14.9567 31.2407L15.4617 31.7479C15.7964 32.084 16.3392 32.084 16.6739 31.7479L31.749 16.6087C32.0837 16.2725 32.0837 15.7275 31.749 15.3913L16.6739 0.252159C16.3392 -0.084053 15.7964 -0.084053 15.4617 0.252159Z\"\/>\n\t\t\t\t\t\t\t\n\t\t\t\t\t\t\t<\/svg>\n\t\t\t\t\t\t<\/div>\n\t\t\t\t\t<\/div>\n\n\t\t\t\t\t<div class=\"c-card__media \" style=\" \">\n\t\t\t\t\t\t<img decoding=\"async\" width=\"400\" height=\"295\" src=\"https:\/\/vittra.se\/wp-content\/uploads\/2021\/09\/skarmavbild-2021-09-09-kl-084630.png\" class=\"attachment-sm size-sm\" alt=\"\" sizes=\"(min-width: 64em) 300px, (min-width: 48em) calc(.50 * (100vw - 224px)), calc(100vw - 160px)\" srcset=\"https:\/\/vittra.se\/wp-content\/uploads\/2021\/09\/skarmavbild-2021-09-09-kl-084630.png 1049w, https:\/\/vittra.se\/wp-content\/uploads\/2021\/09\/skarmavbild-2021-09-09-kl-084630-300x221.png 300w, https:\/\/vittra.se\/wp-content\/uploads\/2021\/09\/skarmavbild-2021-09-09-kl-084630-1024x755.png 1024w, https:\/\/vittra.se\/wp-content\/uploads\/2021\/09\/skarmavbild-2021-09-09-kl-084630-768x566.png 768w, https:\/\/vittra.se\/wp-content\/uploads\/2021\/09\/skarmavbild-2021-09-09-kl-084630-500x368.png 500w, https:\/\/vittra.se\/wp-content\/uploads\/2021\/09\/skarmavbild-2021-09-09-kl-084630-311x229.png 311w, https:\/\/vittra.se\/wp-content\/uploads\/2021\/09\/skarmavbild-2021-09-09-kl-084630-340x251.png 340w, https:\/\/vittra.se\/wp-content\/uploads\/2021\/09\/skarmavbild-2021-09-09-kl-084630-909x670.png 909w, https:\/\/vittra.se\/wp-content\/uploads\/2021\/09\/skarmavbild-2021-09-09-kl-084630-330x242.png 330w\" \/>\n\t\t\t\t\t<\/div>\n\t\t\t\t<\/article>\n\t\t\t<\/li>\n\t\t\t\t\t\t\t\t\t\t\t\t\t\t\t\t\t\n\t\t\t\n\t\t\t\n\t\t\t<li class=\"l-col-6@md l-col-4@lg \" data-filter=\"nyhet september-2021\">\n\t\t\t\t<article class=\"c-card  has-media-zoom  \" data-variant=\"border\" data-style=\"square\" data-click-area>\n\t\t\t\t\t<div class=\"c-card__content l-stack l-stack-sm\">\n\n\t\t\t\t\t\t\t\t\t\t\t\t\t<time class=\"c-card__date u-font-small\" datetime=\"2021-09-06\">6 september, 2021<\/time>\n\t\t\t\t\t\t\n\t\t\t\t\t\t\t\t\t\t\t\t\t<h3 class=\"c-card__title u-font-title-3\">\n\t\t\t\t\t\t\t\t\t\t\t\t\t\t\t\t\t<a class=\"c-card__link\" href=\"https:\/\/vittra.se\/halmstad\/artikel\/lokal\/vittradagen-9-september\">\n\t\t\t\t\t\t\t\t\t\tVittradagen 9 september\n\t\t\t\t\t\t\t\t\t<\/a>\n\t\t\t\t\t\t\t\t\t\t\t\t\t\t\t<\/h3>\n\t\t\t\t\t\t\n\t\t\t\t\t\t\t\t\t\t\t\t\t<p class=\"c-card__text l-stack-xs u-font-body\">\n\t\t\t\t\t\t\t\tDen 9 september g\u00e5r Vittradagen f\u00f6r alla&#8230;\n\t\t\t\t\t\t\t<\/p>\n\t\t\t\t\t\t\n\t\t\t\t\t\t\t\t\t\t\t\t\t<ul class=\"c-card__tags l-stack-grow u-list-none u-pt-md\" aria-label=\"Kategorier\">\n\t\t\t\t\t\t\t\t\t\t\t\t\t\t\t\t\t<li><span class=\"c-tag\" data-variant=\"outline\">Nyhet<\/span><\/li>\n\t\t\t\t\t\t\t\t\t\t\t\t\t\t\t<\/ul>\n\t\t\t\t\t\t\n\t\t\t\t\t\t<div class=\"c-card__icon\">\n\t\t\t\t\t\t\t\t\t\t\t\t\t\t<svg class=\"ams-icon ams-icon--arrow-right\" width=\"32\" height=\"32\" viewbox=\"0 0 32 32\" fill=\"currentColor\" aria-hidden=\"true\" xmlns=\"http:\/\/www.w3.org\/2000\/svg\">\n\t\t\t\t\t\t\t\t\t\t\t\t\t\t\t\t<path d=\"M15.4617 0.252159L14.9567 0.75931C14.6219 1.09545 14.6219 1.64048 14.9567 1.97669L27.7062 14.7806H0.857144C0.383786 14.7806 0 15.166 0 15.6414V16.3587C0 16.8341 0.383786 17.2195 0.857144 17.2195H27.7062L14.9567 30.0234C14.6219 30.3595 14.6219 30.9045 14.9567 31.2407L15.4617 31.7479C15.7964 32.084 16.3392 32.084 16.6739 31.7479L31.749 16.6087C32.0837 16.2725 32.0837 15.7275 31.749 15.3913L16.6739 0.252159C16.3392 -0.084053 15.7964 -0.084053 15.4617 0.252159Z\"\/>\n\t\t\t\t\t\t\t\n\t\t\t\t\t\t\t<\/svg>\n\t\t\t\t\t\t<\/div>\n\t\t\t\t\t<\/div>\n\n\t\t\t\t\t<div class=\"c-card__media \" style=\" \">\n\t\t\t\t\t\t<img decoding=\"async\" width=\"362\" height=\"272\" src=\"https:\/\/vittra.se\/wp-content\/uploads\/2024\/02\/vittra-artikelkort.png\" class=\"attachment-sm size-sm\" alt=\"\" sizes=\"(min-width: 64em) 300px, (min-width: 48em) calc(.50 * (100vw - 224px)), calc(100vw - 160px)\" srcset=\"https:\/\/vittra.se\/wp-content\/uploads\/2024\/02\/vittra-artikelkort.png 362w, https:\/\/vittra.se\/wp-content\/uploads\/2024\/02\/vittra-artikelkort-300x225.png 300w, https:\/\/vittra.se\/wp-content\/uploads\/2024\/02\/vittra-artikelkort-305x229.png 305w, https:\/\/vittra.se\/wp-content\/uploads\/2024\/02\/vittra-artikelkort-340x255.png 340w\" \/>\n\t\t\t\t\t<\/div>\n\t\t\t\t<\/article>\n\t\t\t<\/li>\n\t\t\t\t\t\t\t\t\t\t\t\t\t\t\t\t\t\n\t\t\t\n\t\t\t\n\t\t\t<li class=\"l-col-6@md l-col-4@lg \" data-filter=\"nyhet juni-2021\">\n\t\t\t\t<article class=\"c-card  has-media-zoom  \" data-variant=\"border\" data-style=\"square\" data-click-area>\n\t\t\t\t\t<div class=\"c-card__content l-stack l-stack-sm\">\n\n\t\t\t\t\t\t\t\t\t\t\t\t\t<time class=\"c-card__date u-font-small\" datetime=\"2021-06-10\">10 juni, 2021<\/time>\n\t\t\t\t\t\t\n\t\t\t\t\t\t\t\t\t\t\t\t\t<h3 class=\"c-card__title u-font-title-3\">\n\t\t\t\t\t\t\t\t\t\t\t\t\t\t\t\t\t<a class=\"c-card__link\" href=\"https:\/\/vittra.se\/halmstad\/artikel\/lokal\/friidrottsskola-pa-vittra-telefonplan\">\n\t\t\t\t\t\t\t\t\t\tFriidrottsskola p\u00e5 Vittra Tele&#8230;\n\t\t\t\t\t\t\t\t\t<\/a>\n\t\t\t\t\t\t\t\t\t\t\t\t\t\t\t<\/h3>\n\t\t\t\t\t\t\n\t\t\t\t\t\t\t\t\t\t\t\t\t<p class=\"c-card__text l-stack-xs u-font-body\">\n\t\t\t\t\t\t\t\tI sommar kommer eleverna i \u00e5rskurs ett t&#8230;\n\t\t\t\t\t\t\t<\/p>\n\t\t\t\t\t\t\n\t\t\t\t\t\t\t\t\t\t\t\t\t<ul class=\"c-card__tags l-stack-grow u-list-none u-pt-md\" aria-label=\"Kategorier\">\n\t\t\t\t\t\t\t\t\t\t\t\t\t\t\t\t\t<li><span class=\"c-tag\" data-variant=\"outline\">Nyhet<\/span><\/li>\n\t\t\t\t\t\t\t\t\t\t\t\t\t\t\t<\/ul>\n\t\t\t\t\t\t\n\t\t\t\t\t\t<div class=\"c-card__icon\">\n\t\t\t\t\t\t\t\t\t\t\t\t\t\t<svg class=\"ams-icon ams-icon--arrow-right\" width=\"32\" height=\"32\" viewbox=\"0 0 32 32\" fill=\"currentColor\" aria-hidden=\"true\" xmlns=\"http:\/\/www.w3.org\/2000\/svg\">\n\t\t\t\t\t\t\t\t\t\t\t\t\t\t\t\t<path d=\"M15.4617 0.252159L14.9567 0.75931C14.6219 1.09545 14.6219 1.64048 14.9567 1.97669L27.7062 14.7806H0.857144C0.383786 14.7806 0 15.166 0 15.6414V16.3587C0 16.8341 0.383786 17.2195 0.857144 17.2195H27.7062L14.9567 30.0234C14.6219 30.3595 14.6219 30.9045 14.9567 31.2407L15.4617 31.7479C15.7964 32.084 16.3392 32.084 16.6739 31.7479L31.749 16.6087C32.0837 16.2725 32.0837 15.7275 31.749 15.3913L16.6739 0.252159C16.3392 -0.084053 15.7964 -0.084053 15.4617 0.252159Z\"\/>\n\t\t\t\t\t\t\t\n\t\t\t\t\t\t\t<\/svg>\n\t\t\t\t\t\t<\/div>\n\t\t\t\t\t<\/div>\n\n\t\t\t\t\t<div class=\"c-card__media \" style=\" \">\n\t\t\t\t\t\t<img decoding=\"async\" width=\"362\" height=\"272\" src=\"https:\/\/vittra.se\/wp-content\/uploads\/2024\/02\/vittra-artikelkort.png\" class=\"attachment-sm size-sm\" alt=\"\" sizes=\"(min-width: 64em) 300px, (min-width: 48em) calc(.50 * (100vw - 224px)), calc(100vw - 160px)\" srcset=\"https:\/\/vittra.se\/wp-content\/uploads\/2024\/02\/vittra-artikelkort.png 362w, https:\/\/vittra.se\/wp-content\/uploads\/2024\/02\/vittra-artikelkort-300x225.png 300w, https:\/\/vittra.se\/wp-content\/uploads\/2024\/02\/vittra-artikelkort-305x229.png 305w, https:\/\/vittra.se\/wp-content\/uploads\/2024\/02\/vittra-artikelkort-340x255.png 340w\" \/>\n\t\t\t\t\t<\/div>\n\t\t\t\t<\/article>\n\t\t\t<\/li>\n\t\t\t\t\t\t\t\t\t\t\t\t\t\t\t\t\t\n\t\t\t\n\t\t\t\n\t\t\t<li class=\"l-col-6@md l-col-4@lg \" data-filter=\"nyhet mars-2021\">\n\t\t\t\t<article class=\"c-card  has-media-zoom  \" data-variant=\"border\" data-style=\"square\" data-click-area>\n\t\t\t\t\t<div class=\"c-card__content l-stack l-stack-sm\">\n\n\t\t\t\t\t\t\t\t\t\t\t\t\t<time class=\"c-card__date u-font-small\" datetime=\"2021-03-26\">26 mars, 2021<\/time>\n\t\t\t\t\t\t\n\t\t\t\t\t\t\t\t\t\t\t\t\t<h3 class=\"c-card__title u-font-title-3\">\n\t\t\t\t\t\t\t\t\t\t\t\t\t\t\t\t\t<a class=\"c-card__link\" href=\"https:\/\/vittra.se\/halmstad\/artikel\/lokal\/vart-samhallsengagemang-uppmarksammas\">\n\t\t\t\t\t\t\t\t\t\tV\u00e5rt engagemang uppm\u00e4rksammas\n\t\t\t\t\t\t\t\t\t<\/a>\n\t\t\t\t\t\t\t\t\t\t\t\t\t\t\t<\/h3>\n\t\t\t\t\t\t\n\t\t\t\t\t\t\t\t\t\t\t\t\t<p class=\"c-card__text l-stack-xs u-font-body\">\n\t\t\t\t\t\t\t\tDagstidningen Corren bes\u00f6kte skolan och skrev reportage\n\t\t\t\t\t\t\t<\/p>\n\t\t\t\t\t\t\n\t\t\t\t\t\t\t\t\t\t\t\t\t<ul class=\"c-card__tags l-stack-grow u-list-none u-pt-md\" aria-label=\"Kategorier\">\n\t\t\t\t\t\t\t\t\t\t\t\t\t\t\t\t\t<li><span class=\"c-tag\" data-variant=\"outline\">Nyhet<\/span><\/li>\n\t\t\t\t\t\t\t\t\t\t\t\t\t\t\t<\/ul>\n\t\t\t\t\t\t\n\t\t\t\t\t\t<div class=\"c-card__icon\">\n\t\t\t\t\t\t\t\t\t\t\t\t\t\t<svg class=\"ams-icon ams-icon--arrow-right\" width=\"32\" height=\"32\" viewbox=\"0 0 32 32\" fill=\"currentColor\" aria-hidden=\"true\" xmlns=\"http:\/\/www.w3.org\/2000\/svg\">\n\t\t\t\t\t\t\t\t\t\t\t\t\t\t\t\t<path d=\"M15.4617 0.252159L14.9567 0.75931C14.6219 1.09545 14.6219 1.64048 14.9567 1.97669L27.7062 14.7806H0.857144C0.383786 14.7806 0 15.166 0 15.6414V16.3587C0 16.8341 0.383786 17.2195 0.857144 17.2195H27.7062L14.9567 30.0234C14.6219 30.3595 14.6219 30.9045 14.9567 31.2407L15.4617 31.7479C15.7964 32.084 16.3392 32.084 16.6739 31.7479L31.749 16.6087C32.0837 16.2725 32.0837 15.7275 31.749 15.3913L16.6739 0.252159C16.3392 -0.084053 15.7964 -0.084053 15.4617 0.252159Z\"\/>\n\t\t\t\t\t\t\t\n\t\t\t\t\t\t\t<\/svg>\n\t\t\t\t\t\t<\/div>\n\t\t\t\t\t<\/div>\n\n\t\t\t\t\t<div class=\"c-card__media \" style=\" \">\n\t\t\t\t\t\t<img decoding=\"async\" width=\"400\" height=\"443\" src=\"https:\/\/vittra.se\/wp-content\/uploads\/2021\/04\/vittra-lambohov-corren.jpeg\" class=\"attachment-sm size-sm\" alt=\"Reporter som intervjuar tv\u00e5 elever i inomhusmilj\u00f6\" sizes=\"(min-width: 64em) 300px, (min-width: 48em) calc(.50 * (100vw - 224px)), calc(100vw - 160px)\" srcset=\"https:\/\/vittra.se\/wp-content\/uploads\/2021\/04\/vittra-lambohov-corren.jpeg 828w, https:\/\/vittra.se\/wp-content\/uploads\/2021\/04\/vittra-lambohov-corren-271x300.jpeg 271w, https:\/\/vittra.se\/wp-content\/uploads\/2021\/04\/vittra-lambohov-corren-768x850.jpeg 768w, https:\/\/vittra.se\/wp-content\/uploads\/2021\/04\/vittra-lambohov-corren-500x553.jpeg 500w, https:\/\/vittra.se\/wp-content\/uploads\/2021\/04\/vittra-lambohov-corren-207x229.jpeg 207w, https:\/\/vittra.se\/wp-content\/uploads\/2021\/04\/vittra-lambohov-corren-606x670.jpeg 606w\" \/>\n\t\t\t\t\t<\/div>\n\t\t\t\t<\/article>\n\t\t\t<\/li>\n\t\t\t\t\t\t\t\t\t\t\t\t\t\t\t\t\t\n\t\t\t\n\t\t\t\n\t\t\t<li class=\"l-col-6@md l-col-4@lg \" data-filter=\"nyhet mars-2021\">\n\t\t\t\t<article class=\"c-card  has-media-zoom  \" data-variant=\"border\" data-style=\"square\" data-click-area>\n\t\t\t\t\t<div class=\"c-card__content l-stack l-stack-sm\">\n\n\t\t\t\t\t\t\t\t\t\t\t\t\t<time class=\"c-card__date u-font-small\" datetime=\"2021-03-09\">9 mars, 2021<\/time>\n\t\t\t\t\t\t\n\t\t\t\t\t\t\t\t\t\t\t\t\t<h3 class=\"c-card__title u-font-title-3\">\n\t\t\t\t\t\t\t\t\t\t\t\t\t\t\t\t\t<a class=\"c-card__link\" href=\"https:\/\/vittra.se\/halmstad\/artikel\/lokal\/monster-tar-over-skolgardar\">\n\t\t\t\t\t\t\t\t\t\tMonster tar \u00f6ver skolg\u00e5rdar\n\t\t\t\t\t\t\t\t\t<\/a>\n\t\t\t\t\t\t\t\t\t\t\t\t\t\t\t<\/h3>\n\t\t\t\t\t\t\n\t\t\t\t\t\t\t\t\t\t\t\t\t<p class=\"c-card__text l-stack-xs u-font-body\">\n\t\t\t\t\t\t\t\tFem vinnare har korats.\n\t\t\t\t\t\t\t<\/p>\n\t\t\t\t\t\t\n\t\t\t\t\t\t\t\t\t\t\t\t\t<ul class=\"c-card__tags l-stack-grow u-list-none u-pt-md\" aria-label=\"Kategorier\">\n\t\t\t\t\t\t\t\t\t\t\t\t\t\t\t\t\t<li><span class=\"c-tag\" data-variant=\"outline\">Nyhet<\/span><\/li>\n\t\t\t\t\t\t\t\t\t\t\t\t\t\t\t<\/ul>\n\t\t\t\t\t\t\n\t\t\t\t\t\t<div class=\"c-card__icon\">\n\t\t\t\t\t\t\t\t\t\t\t\t\t\t<svg class=\"ams-icon ams-icon--arrow-right\" width=\"32\" height=\"32\" viewbox=\"0 0 32 32\" fill=\"currentColor\" aria-hidden=\"true\" xmlns=\"http:\/\/www.w3.org\/2000\/svg\">\n\t\t\t\t\t\t\t\t\t\t\t\t\t\t\t\t<path d=\"M15.4617 0.252159L14.9567 0.75931C14.6219 1.09545 14.6219 1.64048 14.9567 1.97669L27.7062 14.7806H0.857144C0.383786 14.7806 0 15.166 0 15.6414V16.3587C0 16.8341 0.383786 17.2195 0.857144 17.2195H27.7062L14.9567 30.0234C14.6219 30.3595 14.6219 30.9045 14.9567 31.2407L15.4617 31.7479C15.7964 32.084 16.3392 32.084 16.6739 31.7479L31.749 16.6087C32.0837 16.2725 32.0837 15.7275 31.749 15.3913L16.6739 0.252159C16.3392 -0.084053 15.7964 -0.084053 15.4617 0.252159Z\"\/>\n\t\t\t\t\t\t\t\n\t\t\t\t\t\t\t<\/svg>\n\t\t\t\t\t\t<\/div>\n\t\t\t\t\t<\/div>\n\n\t\t\t\t\t<div class=\"c-card__media \" style=\" \">\n\t\t\t\t\t\t<img decoding=\"async\" width=\"400\" height=\"283\" src=\"https:\/\/vittra.se\/wp-content\/uploads\/2021\/03\/monster-tar-over-skolgardar2.png\" class=\"attachment-sm size-sm\" alt=\"\" sizes=\"(min-width: 64em) 300px, (min-width: 48em) calc(.50 * (100vw - 224px)), calc(100vw - 160px)\" srcset=\"https:\/\/vittra.se\/wp-content\/uploads\/2021\/03\/monster-tar-over-skolgardar2.png 800w, https:\/\/vittra.se\/wp-content\/uploads\/2021\/03\/monster-tar-over-skolgardar2-300x212.png 300w, https:\/\/vittra.se\/wp-content\/uploads\/2021\/03\/monster-tar-over-skolgardar2-768x543.png 768w, https:\/\/vittra.se\/wp-content\/uploads\/2021\/03\/monster-tar-over-skolgardar2-500x354.png 500w, https:\/\/vittra.se\/wp-content\/uploads\/2021\/03\/monster-tar-over-skolgardar2-340x241.png 340w\" \/>\n\t\t\t\t\t<\/div>\n\t\t\t\t<\/article>\n\t\t\t<\/li>\n\t\t\t\t\t\t\t\t\t\t\t\t\t\t\t\t\t\n\t\t\t\n\t\t\t\n\t\t\t<li class=\"l-col-6@md l-col-4@lg \" data-filter=\"allmant februari-2021\">\n\t\t\t\t<article class=\"c-card  has-media-zoom  \" data-variant=\"border\" data-style=\"square\" data-click-area>\n\t\t\t\t\t<div class=\"c-card__content l-stack l-stack-sm\">\n\n\t\t\t\t\t\t\t\t\t\t\t\t\t<time class=\"c-card__date u-font-small\" datetime=\"2021-02-15\">15 februari, 2021<\/time>\n\t\t\t\t\t\t\n\t\t\t\t\t\t\t\t\t\t\t\t\t<h3 class=\"c-card__title u-font-title-3\">\n\t\t\t\t\t\t\t\t\t\t\t\t\t\t\t\t\t<a class=\"c-card__link\" href=\"https:\/\/vittra.se\/halmstad\/artikel\/lokal\/5-tips-infor-skolvalet\">\n\t\t\t\t\t\t\t\t\t\t5 tips inf\u00f6r skolvalet\n\t\t\t\t\t\t\t\t\t<\/a>\n\t\t\t\t\t\t\t\t\t\t\t\t\t\t\t<\/h3>\n\t\t\t\t\t\t\n\t\t\t\t\t\t\t\t\t\t\t\t\t<p class=\"c-card__text l-stack-xs u-font-body\">\n\t\t\t\t\t\t\t\tVi har samlat 5 tips inf\u00f6r skolvalet.\n\t\t\t\t\t\t\t<\/p>\n\t\t\t\t\t\t\n\t\t\t\t\t\t\t\t\t\t\t\t\t<ul class=\"c-card__tags l-stack-grow u-list-none u-pt-md\" aria-label=\"Kategorier\">\n\t\t\t\t\t\t\t\t\t\t\t\t\t\t\t\t\t<li><span class=\"c-tag\" data-variant=\"outline\">Allm\u00e4nt<\/span><\/li>\n\t\t\t\t\t\t\t\t\t\t\t\t\t\t\t<\/ul>\n\t\t\t\t\t\t\n\t\t\t\t\t\t<div class=\"c-card__icon\">\n\t\t\t\t\t\t\t\t\t\t\t\t\t\t<svg class=\"ams-icon ams-icon--arrow-right\" width=\"32\" height=\"32\" viewbox=\"0 0 32 32\" fill=\"currentColor\" aria-hidden=\"true\" xmlns=\"http:\/\/www.w3.org\/2000\/svg\">\n\t\t\t\t\t\t\t\t\t\t\t\t\t\t\t\t<path d=\"M15.4617 0.252159L14.9567 0.75931C14.6219 1.09545 14.6219 1.64048 14.9567 1.97669L27.7062 14.7806H0.857144C0.383786 14.7806 0 15.166 0 15.6414V16.3587C0 16.8341 0.383786 17.2195 0.857144 17.2195H27.7062L14.9567 30.0234C14.6219 30.3595 14.6219 30.9045 14.9567 31.2407L15.4617 31.7479C15.7964 32.084 16.3392 32.084 16.6739 31.7479L31.749 16.6087C32.0837 16.2725 32.0837 15.7275 31.749 15.3913L16.6739 0.252159C16.3392 -0.084053 15.7964 -0.084053 15.4617 0.252159Z\"\/>\n\t\t\t\t\t\t\t\n\t\t\t\t\t\t\t<\/svg>\n\t\t\t\t\t\t<\/div>\n\t\t\t\t\t<\/div>\n\n\t\t\t\t\t<div class=\"c-card__media \" style=\" \">\n\t\t\t\t\t\t<img decoding=\"async\" width=\"362\" height=\"272\" src=\"https:\/\/vittra.se\/wp-content\/uploads\/2024\/02\/vittra-artikelkort.png\" class=\"attachment-sm size-sm\" alt=\"\" sizes=\"(min-width: 64em) 300px, (min-width: 48em) calc(.50 * (100vw - 224px)), calc(100vw - 160px)\" srcset=\"https:\/\/vittra.se\/wp-content\/uploads\/2024\/02\/vittra-artikelkort.png 362w, https:\/\/vittra.se\/wp-content\/uploads\/2024\/02\/vittra-artikelkort-300x225.png 300w, https:\/\/vittra.se\/wp-content\/uploads\/2024\/02\/vittra-artikelkort-305x229.png 305w, https:\/\/vittra.se\/wp-content\/uploads\/2024\/02\/vittra-artikelkort-340x255.png 340w\" \/>\n\t\t\t\t\t<\/div>\n\t\t\t\t<\/article>\n\t\t\t<\/li>\n\t\t\t\t\t\t\t\t\t\t\t\t\t\t\t\t\t\n\t\t\t\n\t\t\t\n\t\t\t<li class=\"l-col-6@md l-col-4@lg \" data-filter=\"nyhet december-2020\">\n\t\t\t\t<article class=\"c-card  has-media-zoom  \" data-variant=\"border\" data-style=\"square\" data-click-area>\n\t\t\t\t\t<div class=\"c-card__content l-stack l-stack-sm\">\n\n\t\t\t\t\t\t\t\t\t\t\t\t\t<time class=\"c-card__date u-font-small\" datetime=\"2020-12-10\">10 december, 2020<\/time>\n\t\t\t\t\t\t\n\t\t\t\t\t\t\t\t\t\t\t\t\t<h3 class=\"c-card__title u-font-title-3\">\n\t\t\t\t\t\t\t\t\t\t\t\t\t\t\t\t\t<a class=\"c-card__link\" href=\"https:\/\/vittra.se\/halmstad\/artikel\/lokal\/elever-pa-vittra-rosjotorp-brevvaxlar-med-edsbergs-aldre\">\n\t\t\t\t\t\t\t\t\t\tElever brevv\u00e4xlar med \u00e4ldreboende\n\t\t\t\t\t\t\t\t\t<\/a>\n\t\t\t\t\t\t\t\t\t\t\t\t\t\t\t<\/h3>\n\t\t\t\t\t\t\n\t\t\t\t\t\t\t\t\t\t\t\t\t<p class=\"c-card__text l-stack-xs u-font-body\">\n\t\t\t\t\t\t\t\t\u2013 \u00c4ntligen n\u00e5got annat \u00e4n r\u00e4kningar!\n\t\t\t\t\t\t\t<\/p>\n\t\t\t\t\t\t\n\t\t\t\t\t\t\t\t\t\t\t\t\t<ul class=\"c-card__tags l-stack-grow u-list-none u-pt-md\" aria-label=\"Kategorier\">\n\t\t\t\t\t\t\t\t\t\t\t\t\t\t\t\t\t<li><span class=\"c-tag\" data-variant=\"outline\">Nyhet<\/span><\/li>\n\t\t\t\t\t\t\t\t\t\t\t\t\t\t\t<\/ul>\n\t\t\t\t\t\t\n\t\t\t\t\t\t<div class=\"c-card__icon\">\n\t\t\t\t\t\t\t\t\t\t\t\t\t\t<svg class=\"ams-icon ams-icon--arrow-right\" width=\"32\" height=\"32\" viewbox=\"0 0 32 32\" fill=\"currentColor\" aria-hidden=\"true\" xmlns=\"http:\/\/www.w3.org\/2000\/svg\">\n\t\t\t\t\t\t\t\t\t\t\t\t\t\t\t\t<path d=\"M15.4617 0.252159L14.9567 0.75931C14.6219 1.09545 14.6219 1.64048 14.9567 1.97669L27.7062 14.7806H0.857144C0.383786 14.7806 0 15.166 0 15.6414V16.3587C0 16.8341 0.383786 17.2195 0.857144 17.2195H27.7062L14.9567 30.0234C14.6219 30.3595 14.6219 30.9045 14.9567 31.2407L15.4617 31.7479C15.7964 32.084 16.3392 32.084 16.6739 31.7479L31.749 16.6087C32.0837 16.2725 32.0837 15.7275 31.749 15.3913L16.6739 0.252159C16.3392 -0.084053 15.7964 -0.084053 15.4617 0.252159Z\"\/>\n\t\t\t\t\t\t\t\n\t\t\t\t\t\t\t<\/svg>\n\t\t\t\t\t\t<\/div>\n\t\t\t\t\t<\/div>\n\n\t\t\t\t\t<div class=\"c-card__media \" style=\" \">\n\t\t\t\t\t\t<img decoding=\"async\" width=\"400\" height=\"409\" src=\"https:\/\/vittra.se\/wp-content\/uploads\/2020\/12\/skarmavbild-2020-12-10-kl-120453.png\" class=\"attachment-sm size-sm\" alt=\"Kvartersm\u00e5len\" sizes=\"(min-width: 64em) 300px, (min-width: 48em) calc(.50 * (100vw - 224px)), calc(100vw - 160px)\" srcset=\"https:\/\/vittra.se\/wp-content\/uploads\/2020\/12\/skarmavbild-2020-12-10-kl-120453.png 1148w, https:\/\/vittra.se\/wp-content\/uploads\/2020\/12\/skarmavbild-2020-12-10-kl-120453-293x300.png 293w, https:\/\/vittra.se\/wp-content\/uploads\/2020\/12\/skarmavbild-2020-12-10-kl-120453-1001x1024.png 1001w, https:\/\/vittra.se\/wp-content\/uploads\/2020\/12\/skarmavbild-2020-12-10-kl-120453-768x785.png 768w, https:\/\/vittra.se\/wp-content\/uploads\/2020\/12\/skarmavbild-2020-12-10-kl-120453-1024x1047.png 1024w, https:\/\/vittra.se\/wp-content\/uploads\/2020\/12\/skarmavbild-2020-12-10-kl-120453-1100x1125.png 1100w, https:\/\/vittra.se\/wp-content\/uploads\/2020\/12\/skarmavbild-2020-12-10-kl-120453-655x670.png 655w\" \/>\n\t\t\t\t\t<\/div>\n\t\t\t\t<\/article>\n\t\t\t<\/li>\n\t\t\t\t\t\t\t\t\t\t\t\t\t\t\t\t\t\n\t\t\t\n\t\t\t\n\t\t\t<li class=\"l-col-6@md l-col-4@lg \" data-filter=\"nyhet december-2020\">\n\t\t\t\t<article class=\"c-card  has-media-zoom  \" data-variant=\"border\" data-style=\"square\" data-click-area>\n\t\t\t\t\t<div class=\"c-card__content l-stack l-stack-sm\">\n\n\t\t\t\t\t\t\t\t\t\t\t\t\t<time class=\"c-card__date u-font-small\" datetime=\"2020-12-01\">1 december, 2020<\/time>\n\t\t\t\t\t\t\n\t\t\t\t\t\t\t\t\t\t\t\t\t<h3 class=\"c-card__title u-font-title-3\">\n\t\t\t\t\t\t\t\t\t\t\t\t\t\t\t\t\t<a class=\"c-card__link\" href=\"https:\/\/vittra.se\/halmstad\/artikel\/lokal\/lasande-elever-i-jonkoping-bidrar-till-musikhjalpen\">\n\t\t\t\t\t\t\t\t\t\tElever bidrar till Musikhj\u00e4lpen\n\t\t\t\t\t\t\t\t\t<\/a>\n\t\t\t\t\t\t\t\t\t\t\t\t\t\t\t<\/h3>\n\t\t\t\t\t\t\n\t\t\t\t\t\t\t\t\t\t\t\t\t<p class=\"c-card__text l-stack-xs u-font-body\">\n\t\t\t\t\t\t\t\tEleverna p\u00e5 skolan l\u00e4ser f\u00f6r att r\u00e4dda liv.\n\t\t\t\t\t\t\t<\/p>\n\t\t\t\t\t\t\n\t\t\t\t\t\t\t\t\t\t\t\t\t<ul class=\"c-card__tags l-stack-grow u-list-none u-pt-md\" aria-label=\"Kategorier\">\n\t\t\t\t\t\t\t\t\t\t\t\t\t\t\t\t\t<li><span class=\"c-tag\" data-variant=\"outline\">Nyhet<\/span><\/li>\n\t\t\t\t\t\t\t\t\t\t\t\t\t\t\t<\/ul>\n\t\t\t\t\t\t\n\t\t\t\t\t\t<div class=\"c-card__icon\">\n\t\t\t\t\t\t\t\t\t\t\t\t\t\t<svg class=\"ams-icon ams-icon--arrow-right\" width=\"32\" height=\"32\" viewbox=\"0 0 32 32\" fill=\"currentColor\" aria-hidden=\"true\" xmlns=\"http:\/\/www.w3.org\/2000\/svg\">\n\t\t\t\t\t\t\t\t\t\t\t\t\t\t\t\t<path d=\"M15.4617 0.252159L14.9567 0.75931C14.6219 1.09545 14.6219 1.64048 14.9567 1.97669L27.7062 14.7806H0.857144C0.383786 14.7806 0 15.166 0 15.6414V16.3587C0 16.8341 0.383786 17.2195 0.857144 17.2195H27.7062L14.9567 30.0234C14.6219 30.3595 14.6219 30.9045 14.9567 31.2407L15.4617 31.7479C15.7964 32.084 16.3392 32.084 16.6739 31.7479L31.749 16.6087C32.0837 16.2725 32.0837 15.7275 31.749 15.3913L16.6739 0.252159C16.3392 -0.084053 15.7964 -0.084053 15.4617 0.252159Z\"\/>\n\t\t\t\t\t\t\t\n\t\t\t\t\t\t\t<\/svg>\n\t\t\t\t\t\t<\/div>\n\t\t\t\t\t<\/div>\n\n\t\t\t\t\t<div class=\"c-card__media \" style=\" \">\n\t\t\t\t\t\t\n\t\t\t\t\t<\/div>\n\t\t\t\t<\/article>\n\t\t\t<\/li>\n\t\t\t\t\t\t\t\t\t\t\t\t\t\t\t\t\t\n\t\t\t\n\t\t\t\n\t\t\t<li class=\"l-col-6@md l-col-4@lg \" data-filter=\"nyhet november-2020\">\n\t\t\t\t<article class=\"c-card  has-media-zoom  \" data-variant=\"border\" data-style=\"square\" data-click-area>\n\t\t\t\t\t<div class=\"c-card__content l-stack l-stack-sm\">\n\n\t\t\t\t\t\t\t\t\t\t\t\t\t<time class=\"c-card__date u-font-small\" datetime=\"2020-11-13\">13 november, 2020<\/time>\n\t\t\t\t\t\t\n\t\t\t\t\t\t\t\t\t\t\t\t\t<h3 class=\"c-card__title u-font-title-3\">\n\t\t\t\t\t\t\t\t\t\t\t\t\t\t\t\t\t<a class=\"c-card__link\" href=\"https:\/\/vittra.se\/halmstad\/artikel\/lokal\/vittra-vallentuna-far-gron-flagg\">\n\t\t\t\t\t\t\t\t\t\tVittra Vallentuna f\u00e5r gr\u00f6n flagg\n\t\t\t\t\t\t\t\t\t<\/a>\n\t\t\t\t\t\t\t\t\t\t\t\t\t\t\t<\/h3>\n\t\t\t\t\t\t\n\t\t\t\t\t\t\t\t\t\t\t\t\t<p class=\"c-card__text l-stack-xs u-font-body\">\n\t\t\t\t\t\t\t\t\u201cAlla kan inte g\u00f6ra allt men alla kan g\u00f6ra n\u00e5got\u201d&#8230;\n\t\t\t\t\t\t\t<\/p>\n\t\t\t\t\t\t\n\t\t\t\t\t\t\t\t\t\t\t\t\t<ul class=\"c-card__tags l-stack-grow u-list-none u-pt-md\" aria-label=\"Kategorier\">\n\t\t\t\t\t\t\t\t\t\t\t\t\t\t\t\t\t<li><span class=\"c-tag\" data-variant=\"outline\">Nyhet<\/span><\/li>\n\t\t\t\t\t\t\t\t\t\t\t\t\t\t\t<\/ul>\n\t\t\t\t\t\t\n\t\t\t\t\t\t<div class=\"c-card__icon\">\n\t\t\t\t\t\t\t\t\t\t\t\t\t\t<svg class=\"ams-icon ams-icon--arrow-right\" width=\"32\" height=\"32\" viewbox=\"0 0 32 32\" fill=\"currentColor\" aria-hidden=\"true\" xmlns=\"http:\/\/www.w3.org\/2000\/svg\">\n\t\t\t\t\t\t\t\t\t\t\t\t\t\t\t\t<path d=\"M15.4617 0.252159L14.9567 0.75931C14.6219 1.09545 14.6219 1.64048 14.9567 1.97669L27.7062 14.7806H0.857144C0.383786 14.7806 0 15.166 0 15.6414V16.3587C0 16.8341 0.383786 17.2195 0.857144 17.2195H27.7062L14.9567 30.0234C14.6219 30.3595 14.6219 30.9045 14.9567 31.2407L15.4617 31.7479C15.7964 32.084 16.3392 32.084 16.6739 31.7479L31.749 16.6087C32.0837 16.2725 32.0837 15.7275 31.749 15.3913L16.6739 0.252159C16.3392 -0.084053 15.7964 -0.084053 15.4617 0.252159Z\"\/>\n\t\t\t\t\t\t\t\n\t\t\t\t\t\t\t<\/svg>\n\t\t\t\t\t\t<\/div>\n\t\t\t\t\t<\/div>\n\n\t\t\t\t\t<div class=\"c-card__media \" style=\" \">\n\t\t\t\t\t\t<img decoding=\"async\" width=\"362\" height=\"272\" src=\"https:\/\/vittra.se\/wp-content\/uploads\/2024\/02\/vittra-artikelkort.png\" class=\"attachment-sm size-sm\" alt=\"\" sizes=\"(min-width: 64em) 300px, (min-width: 48em) calc(.50 * (100vw - 224px)), calc(100vw - 160px)\" srcset=\"https:\/\/vittra.se\/wp-content\/uploads\/2024\/02\/vittra-artikelkort.png 362w, https:\/\/vittra.se\/wp-content\/uploads\/2024\/02\/vittra-artikelkort-300x225.png 300w, https:\/\/vittra.se\/wp-content\/uploads\/2024\/02\/vittra-artikelkort-305x229.png 305w, https:\/\/vittra.se\/wp-content\/uploads\/2024\/02\/vittra-artikelkort-340x255.png 340w\" \/>\n\t\t\t\t\t<\/div>\n\t\t\t\t<\/article>\n\t\t\t<\/li>\n\t\t\t\t\t\t\t\t\t\t\t\t\t\t\t\t\t\n\t\t\t\n\t\t\t\n\t\t\t<li class=\"l-col-6@md l-col-4@lg \" data-filter=\"nyhet oktober-2020\">\n\t\t\t\t<article class=\"c-card  has-media-zoom  \" data-variant=\"border\" data-style=\"square\" data-click-area>\n\t\t\t\t\t<div class=\"c-card__content l-stack l-stack-sm\">\n\n\t\t\t\t\t\t\t\t\t\t\t\t\t<time class=\"c-card__date u-font-small\" datetime=\"2020-10-26\">26 oktober, 2020<\/time>\n\t\t\t\t\t\t\n\t\t\t\t\t\t\t\t\t\t\t\t\t<h3 class=\"c-card__title u-font-title-3\">\n\t\t\t\t\t\t\t\t\t\t\t\t\t\t\t\t\t<a class=\"c-card__link\" href=\"https:\/\/vittra.se\/halmstad\/artikel\/lokal\/vittra-inspiration\">\n\t\t\t\t\t\t\t\t\t\tVittra Inspiration\n\t\t\t\t\t\t\t\t\t<\/a>\n\t\t\t\t\t\t\t\t\t\t\t\t\t\t\t<\/h3>\n\t\t\t\t\t\t\n\t\t\t\t\t\t\t\t\t\t\t\t\t<p class=\"c-card__text l-stack-xs u-font-body\">\n\t\t\t\t\t\t\t\tVittra genomf\u00f6r en gemensam inspirationsdag M\u00e5ndagen den 26 oktober genomf\u00f6r&#8230;\n\t\t\t\t\t\t\t<\/p>\n\t\t\t\t\t\t\n\t\t\t\t\t\t\t\t\t\t\t\t\t<ul class=\"c-card__tags l-stack-grow u-list-none u-pt-md\" aria-label=\"Kategorier\">\n\t\t\t\t\t\t\t\t\t\t\t\t\t\t\t\t\t<li><span class=\"c-tag\" data-variant=\"outline\">Nyhet<\/span><\/li>\n\t\t\t\t\t\t\t\t\t\t\t\t\t\t\t<\/ul>\n\t\t\t\t\t\t\n\t\t\t\t\t\t<div class=\"c-card__icon\">\n\t\t\t\t\t\t\t\t\t\t\t\t\t\t<svg class=\"ams-icon ams-icon--arrow-right\" width=\"32\" height=\"32\" viewbox=\"0 0 32 32\" fill=\"currentColor\" aria-hidden=\"true\" xmlns=\"http:\/\/www.w3.org\/2000\/svg\">\n\t\t\t\t\t\t\t\t\t\t\t\t\t\t\t\t<path d=\"M15.4617 0.252159L14.9567 0.75931C14.6219 1.09545 14.6219 1.64048 14.9567 1.97669L27.7062 14.7806H0.857144C0.383786 14.7806 0 15.166 0 15.6414V16.3587C0 16.8341 0.383786 17.2195 0.857144 17.2195H27.7062L14.9567 30.0234C14.6219 30.3595 14.6219 30.9045 14.9567 31.2407L15.4617 31.7479C15.7964 32.084 16.3392 32.084 16.6739 31.7479L31.749 16.6087C32.0837 16.2725 32.0837 15.7275 31.749 15.3913L16.6739 0.252159C16.3392 -0.084053 15.7964 -0.084053 15.4617 0.252159Z\"\/>\n\t\t\t\t\t\t\t\n\t\t\t\t\t\t\t<\/svg>\n\t\t\t\t\t\t<\/div>\n\t\t\t\t\t<\/div>\n\n\t\t\t\t\t<div class=\"c-card__media \" style=\" \">\n\t\t\t\t\t\t<img decoding=\"async\" width=\"400\" height=\"402\" src=\"https:\/\/vittra.se\/wp-content\/uploads\/2020\/10\/vittra-landningssida-1920x1080-1.jpg\" class=\"attachment-sm size-sm\" alt=\"vittrainspiration\" sizes=\"(min-width: 64em) 300px, (min-width: 48em) calc(.50 * (100vw - 224px)), calc(100vw - 160px)\" srcset=\"https:\/\/vittra.se\/wp-content\/uploads\/2020\/10\/vittra-landningssida-1920x1080-1.jpg 1074w, https:\/\/vittra.se\/wp-content\/uploads\/2020\/10\/vittra-landningssida-1920x1080-1-298x300.jpg 298w, https:\/\/vittra.se\/wp-content\/uploads\/2020\/10\/vittra-landningssida-1920x1080-1-1018x1024.jpg 1018w, https:\/\/vittra.se\/wp-content\/uploads\/2020\/10\/vittra-landningssida-1920x1080-1-150x150.jpg 150w, https:\/\/vittra.se\/wp-content\/uploads\/2020\/10\/vittra-landningssida-1920x1080-1-768x772.jpg 768w, https:\/\/vittra.se\/wp-content\/uploads\/2020\/10\/vittra-landningssida-1920x1080-1-1024x1030.jpg 1024w, https:\/\/vittra.se\/wp-content\/uploads\/2020\/10\/vittra-landningssida-1920x1080-1-666x670.jpg 666w, https:\/\/vittra.se\/wp-content\/uploads\/2020\/10\/vittra-landningssida-1920x1080-1-100x100.jpg 100w\" \/>\n\t\t\t\t\t<\/div>\n\t\t\t\t<\/article>\n\t\t\t<\/li>\n\t\t\t\t\t\t\t\t\t\t\t\t\t\t\t\t\t\n\t\t\t\n\t\t\t\n\t\t\t<li class=\"l-col-6@md l-col-4@lg \" data-filter=\"nyhet oktober-2020\">\n\t\t\t\t<article class=\"c-card  has-media-zoom  \" data-variant=\"border\" data-style=\"square\" data-click-area>\n\t\t\t\t\t<div class=\"c-card__content l-stack l-stack-sm\">\n\n\t\t\t\t\t\t\t\t\t\t\t\t\t<time class=\"c-card__date u-font-small\" datetime=\"2020-10-22\">22 oktober, 2020<\/time>\n\t\t\t\t\t\t\n\t\t\t\t\t\t\t\t\t\t\t\t\t<h3 class=\"c-card__title u-font-title-3\">\n\t\t\t\t\t\t\t\t\t\t\t\t\t\t\t\t\t<a class=\"c-card__link\" href=\"https:\/\/vittra.se\/halmstad\/artikel\/lokal\/the-world-we-want\">\n\t\t\t\t\t\t\t\t\t\tThe World We Want\n\t\t\t\t\t\t\t\t\t<\/a>\n\t\t\t\t\t\t\t\t\t\t\t\t\t\t\t<\/h3>\n\t\t\t\t\t\t\n\t\t\t\t\t\t\t\t\t\t\t\t\t<p class=\"c-card__text l-stack-xs u-font-body\">\n\t\t\t\t\t\t\t\tFN-dagen skapar stolthet hos Vittra R\u00f6sj\u00f6torps elever Vittra R\u00f6sj\u00f6torp International&#8230;\n\t\t\t\t\t\t\t<\/p>\n\t\t\t\t\t\t\n\t\t\t\t\t\t\t\t\t\t\t\t\t<ul class=\"c-card__tags l-stack-grow u-list-none u-pt-md\" aria-label=\"Kategorier\">\n\t\t\t\t\t\t\t\t\t\t\t\t\t\t\t\t\t<li><span class=\"c-tag\" data-variant=\"outline\">Nyhet<\/span><\/li>\n\t\t\t\t\t\t\t\t\t\t\t\t\t\t\t<\/ul>\n\t\t\t\t\t\t\n\t\t\t\t\t\t<div class=\"c-card__icon\">\n\t\t\t\t\t\t\t\t\t\t\t\t\t\t<svg class=\"ams-icon ams-icon--arrow-right\" width=\"32\" height=\"32\" viewbox=\"0 0 32 32\" fill=\"currentColor\" aria-hidden=\"true\" xmlns=\"http:\/\/www.w3.org\/2000\/svg\">\n\t\t\t\t\t\t\t\t\t\t\t\t\t\t\t\t<path d=\"M15.4617 0.252159L14.9567 0.75931C14.6219 1.09545 14.6219 1.64048 14.9567 1.97669L27.7062 14.7806H0.857144C0.383786 14.7806 0 15.166 0 15.6414V16.3587C0 16.8341 0.383786 17.2195 0.857144 17.2195H27.7062L14.9567 30.0234C14.6219 30.3595 14.6219 30.9045 14.9567 31.2407L15.4617 31.7479C15.7964 32.084 16.3392 32.084 16.6739 31.7479L31.749 16.6087C32.0837 16.2725 32.0837 15.7275 31.749 15.3913L16.6739 0.252159C16.3392 -0.084053 15.7964 -0.084053 15.4617 0.252159Z\"\/>\n\t\t\t\t\t\t\t\n\t\t\t\t\t\t\t<\/svg>\n\t\t\t\t\t\t<\/div>\n\t\t\t\t\t<\/div>\n\n\t\t\t\t\t<div class=\"c-card__media \" style=\" \">\n\t\t\t\t\t\t<img decoding=\"async\" width=\"400\" height=\"525\" src=\"https:\/\/vittra.se\/wp-content\/uploads\/2020\/10\/fn-dagen.jpg\" class=\"attachment-sm size-sm\" alt=\"fn-dagen\" sizes=\"(min-width: 64em) 300px, (min-width: 48em) calc(.50 * (100vw - 224px)), calc(100vw - 160px)\" srcset=\"https:\/\/vittra.se\/wp-content\/uploads\/2020\/10\/fn-dagen.jpg 495w, https:\/\/vittra.se\/wp-content\/uploads\/2020\/10\/fn-dagen-228x300.jpg 228w\" \/>\n\t\t\t\t\t<\/div>\n\t\t\t\t<\/article>\n\t\t\t<\/li>\n\t\t\t\t\t\t\t\t\t\t\t\t\t\t\t\t\t\n\t\t\t\n\t\t\t\n\t\t\t<li class=\"l-col-6@md l-col-4@lg \" data-filter=\"skolutveckling oktober-2020\">\n\t\t\t\t<article class=\"c-card  has-media-zoom  \" data-variant=\"border\" data-style=\"square\" data-click-area>\n\t\t\t\t\t<div class=\"c-card__content l-stack l-stack-sm\">\n\n\t\t\t\t\t\t\t\t\t\t\t\t\t<time class=\"c-card__date u-font-small\" datetime=\"2020-10-19\">19 oktober, 2020<\/time>\n\t\t\t\t\t\t\n\t\t\t\t\t\t\t\t\t\t\t\t\t<h3 class=\"c-card__title u-font-title-3\">\n\t\t\t\t\t\t\t\t\t\t\t\t\t\t\t\t\t<a class=\"c-card__link\" href=\"https:\/\/vittra.se\/halmstad\/artikel\/lokal\/world-education-week\">\n\t\t\t\t\t\t\t\t\t\tWorld Education Week\n\t\t\t\t\t\t\t\t\t<\/a>\n\t\t\t\t\t\t\t\t\t\t\t\t\t\t\t<\/h3>\n\t\t\t\t\t\t\n\t\t\t\t\t\t\t\t\t\t\t\t\t<p class=\"c-card__text l-stack-xs u-font-body\">\n\t\t\t\t\t\t\t\tTv\u00e5 av AcadeMedias grundskolor bidrar p\u00e5 World Education Week Vittra&#8230;\n\t\t\t\t\t\t\t<\/p>\n\t\t\t\t\t\t\n\t\t\t\t\t\t\t\t\t\t\t\t\t<ul class=\"c-card__tags l-stack-grow u-list-none u-pt-md\" aria-label=\"Kategorier\">\n\t\t\t\t\t\t\t\t\t\t\t\t\t\t\t\t\t<li><span class=\"c-tag\" data-variant=\"outline\">Skolutveckling<\/span><\/li>\n\t\t\t\t\t\t\t\t\t\t\t\t\t\t\t<\/ul>\n\t\t\t\t\t\t\n\t\t\t\t\t\t<div class=\"c-card__icon\">\n\t\t\t\t\t\t\t\t\t\t\t\t\t\t<svg class=\"ams-icon ams-icon--arrow-right\" width=\"32\" height=\"32\" viewbox=\"0 0 32 32\" fill=\"currentColor\" aria-hidden=\"true\" xmlns=\"http:\/\/www.w3.org\/2000\/svg\">\n\t\t\t\t\t\t\t\t\t\t\t\t\t\t\t\t<path d=\"M15.4617 0.252159L14.9567 0.75931C14.6219 1.09545 14.6219 1.64048 14.9567 1.97669L27.7062 14.7806H0.857144C0.383786 14.7806 0 15.166 0 15.6414V16.3587C0 16.8341 0.383786 17.2195 0.857144 17.2195H27.7062L14.9567 30.0234C14.6219 30.3595 14.6219 30.9045 14.9567 31.2407L15.4617 31.7479C15.7964 32.084 16.3392 32.084 16.6739 31.7479L31.749 16.6087C32.0837 16.2725 32.0837 15.7275 31.749 15.3913L16.6739 0.252159C16.3392 -0.084053 15.7964 -0.084053 15.4617 0.252159Z\"\/>\n\t\t\t\t\t\t\t\n\t\t\t\t\t\t\t<\/svg>\n\t\t\t\t\t\t<\/div>\n\t\t\t\t\t<\/div>\n\n\t\t\t\t\t<div class=\"c-card__media \" style=\" \">\n\t\t\t\t\t\t<img decoding=\"async\" width=\"400\" height=\"225\" src=\"https:\/\/vittra.se\/wp-content\/uploads\/2020\/10\/vittraantagning1920x1080allman1.jpg\" class=\"attachment-sm size-sm\" alt=\"\" sizes=\"(min-width: 64em) 300px, (min-width: 48em) calc(.50 * (100vw - 224px)), calc(100vw - 160px)\" srcset=\"https:\/\/vittra.se\/wp-content\/uploads\/2020\/10\/vittraantagning1920x1080allman1.jpg 1920w, https:\/\/vittra.se\/wp-content\/uploads\/2020\/10\/vittraantagning1920x1080allman1-300x169.jpg 300w, https:\/\/vittra.se\/wp-content\/uploads\/2020\/10\/vittraantagning1920x1080allman1-1024x576.jpg 1024w, https:\/\/vittra.se\/wp-content\/uploads\/2020\/10\/vittraantagning1920x1080allman1-768x432.jpg 768w, https:\/\/vittra.se\/wp-content\/uploads\/2020\/10\/vittraantagning1920x1080allman1-1536x864.jpg 1536w, https:\/\/vittra.se\/wp-content\/uploads\/2020\/10\/vittraantagning1920x1080allman1-1100x620.jpg 1100w, https:\/\/vittra.se\/wp-content\/uploads\/2020\/10\/vittraantagning1920x1080allman1-1000x563.jpg 1000w\" \/>\n\t\t\t\t\t<\/div>\n\t\t\t\t<\/article>\n\t\t\t<\/li>\n\t\t\t<\/ul>\n\n\t<div class=\"no-results u-mt-0 u-hide\" data-filter-fallback-id=\"ams-article-list-69f21d2dc61ef\">\n\t<p>Det finns inga resultat som matchar din filtrering.<\/p>\n<\/div>\n\n\t\n\n\t\t\n\t\t\t<\/div>\n\n\t\t\n\n<\/section>\n","protected":false},"template":"","article_category":[75],"yoast_head":"<!-- This site is optimized with the Yoast SEO plugin v22.0 - https:\/\/yoast.com\/wordpress\/plugins\/seo\/ -->\n<title>Elevr\u00f6ster | Vittra Halmstad<\/title>\n<meta name=\"description\" content=\"Hur \u00e4r det egentligen att g\u00e5 p\u00e5 Vittra Halmstad? H\u00e4r ber\u00e4ttar v\u00e5ra elever om sin vardag. L\u00e4s hela intervjun h\u00e4r!\" \/>\n<meta name=\"robots\" content=\"index, follow, max-snippet:-1, max-image-preview:large, max-video-preview:-1\" \/>\n<link rel=\"canonical\" href=\"https:\/\/vittra.se\/halmstad\/artikel\/elevroster\/\" \/>\n<meta property=\"og:locale\" content=\"sv_SE\" \/>\n<meta property=\"og:type\" content=\"article\" \/>\n<meta property=\"og:title\" content=\"Elevr\u00f6ster | Vittra Halmstad\" \/>\n<meta property=\"og:description\" content=\"Hur \u00e4r det egentligen att g\u00e5 p\u00e5 Vittra Halmstad? H\u00e4r ber\u00e4ttar v\u00e5ra elever om sin vardag. L\u00e4s hela intervjun h\u00e4r!\" \/>\n<meta property=\"og:url\" content=\"https:\/\/vittra.se\/halmstad\/artikel\/elevroster\/\" \/>\n<meta property=\"og:site_name\" content=\"Halmstad\" \/>\n<meta property=\"article:modified_time\" content=\"2026-04-21T05:47:35+00:00\" \/>\n<meta name=\"twitter:card\" content=\"summary_large_image\" \/>\n<meta name=\"twitter:title\" content=\"Elevr\u00f6ster | Vittra Halmstad\" \/>\n<meta name=\"twitter:description\" content=\"Hur \u00e4r det egentligen att g\u00e5 p\u00e5 Vittra Halmstad? H\u00e4r ber\u00e4ttar v\u00e5ra elever om sin vardag. L\u00e4s hela intervjun h\u00e4r!\" \/>\n<meta name=\"twitter:label1\" content=\"Ber\u00e4knad l\u00e4stid\" \/>\n\t<meta name=\"twitter:data1\" content=\"3 minuter\" \/>\n<script type=\"application\/ld+json\" class=\"yoast-schema-graph\">{\"@context\":\"https:\/\/schema.org\",\"@graph\":[{\"@type\":\"WebPage\",\"@id\":\"https:\/\/vittra.se\/halmstad\/artikel\/elevroster\/\",\"url\":\"https:\/\/vittra.se\/halmstad\/artikel\/elevroster\/\",\"name\":\"Elevr\u00f6ster | Vittra Halmstad\",\"isPartOf\":{\"@id\":\"https:\/\/vittra.se\/halmstad\/#website\"},\"datePublished\":\"2026-04-20T11:39:10+00:00\",\"dateModified\":\"2026-04-21T05:47:35+00:00\",\"description\":\"Hur \u00e4r det egentligen att g\u00e5 p\u00e5 Vittra Halmstad? H\u00e4r ber\u00e4ttar v\u00e5ra elever om sin vardag. L\u00e4s hela intervjun h\u00e4r!\",\"breadcrumb\":{\"@id\":\"https:\/\/vittra.se\/halmstad\/artikel\/elevroster\/#breadcrumb\"},\"inLanguage\":\"sv-SE\",\"potentialAction\":[{\"@type\":\"ReadAction\",\"target\":[\"https:\/\/vittra.se\/halmstad\/artikel\/elevroster\/\"]}]},{\"@type\":\"BreadcrumbList\",\"@id\":\"https:\/\/vittra.se\/halmstad\/artikel\/elevroster\/#breadcrumb\",\"itemListElement\":[{\"@type\":\"ListItem\",\"position\":1,\"name\":\"Start\",\"item\":\"https:\/\/vittra.se\/halmstad\"},{\"@type\":\"ListItem\",\"position\":2,\"name\":\"Artikel\"}]},{\"@type\":\"WebSite\",\"@id\":\"https:\/\/vittra.se\/halmstad\/#website\",\"url\":\"https:\/\/vittra.se\/halmstad\/\",\"name\":\"Halmstad\",\"description\":\"Kunskap att f\u00f6r\u00e4ndra. Mod att p\u00e5verka.\",\"potentialAction\":[{\"@type\":\"SearchAction\",\"target\":{\"@type\":\"EntryPoint\",\"urlTemplate\":\"https:\/\/vittra.se\/halmstad\/?s={search_term_string}\"},\"query-input\":\"required name=search_term_string\"}],\"inLanguage\":\"sv-SE\"}]}<\/script>\n<!-- \/ Yoast SEO plugin. -->","yoast_head_json":{"title":"Elevr\u00f6ster | Vittra Halmstad","description":"Hur \u00e4r det egentligen att g\u00e5 p\u00e5 Vittra Halmstad? H\u00e4r ber\u00e4ttar v\u00e5ra elever om sin vardag. L\u00e4s hela intervjun h\u00e4r!","robots":{"index":"index","follow":"follow","max-snippet":"max-snippet:-1","max-image-preview":"max-image-preview:large","max-video-preview":"max-video-preview:-1"},"canonical":"https:\/\/vittra.se\/halmstad\/artikel\/elevroster\/","og_locale":"sv_SE","og_type":"article","og_title":"Elevr\u00f6ster | Vittra Halmstad","og_description":"Hur \u00e4r det egentligen att g\u00e5 p\u00e5 Vittra Halmstad? H\u00e4r ber\u00e4ttar v\u00e5ra elever om sin vardag. L\u00e4s hela intervjun h\u00e4r!","og_url":"https:\/\/vittra.se\/halmstad\/artikel\/elevroster\/","og_site_name":"Halmstad","article_modified_time":"2026-04-21T05:47:35+00:00","twitter_card":"summary_large_image","twitter_title":"Elevr\u00f6ster | Vittra Halmstad","twitter_description":"Hur \u00e4r det egentligen att g\u00e5 p\u00e5 Vittra Halmstad? H\u00e4r ber\u00e4ttar v\u00e5ra elever om sin vardag. L\u00e4s hela intervjun h\u00e4r!","twitter_misc":{"Ber\u00e4knad l\u00e4stid":"3 minuter"},"schema":{"@context":"https:\/\/schema.org","@graph":[{"@type":"WebPage","@id":"https:\/\/vittra.se\/halmstad\/artikel\/elevroster\/","url":"https:\/\/vittra.se\/halmstad\/artikel\/elevroster\/","name":"Elevr\u00f6ster | Vittra Halmstad","isPartOf":{"@id":"https:\/\/vittra.se\/halmstad\/#website"},"datePublished":"2026-04-20T11:39:10+00:00","dateModified":"2026-04-21T05:47:35+00:00","description":"Hur \u00e4r det egentligen att g\u00e5 p\u00e5 Vittra Halmstad? H\u00e4r ber\u00e4ttar v\u00e5ra elever om sin vardag. L\u00e4s hela intervjun h\u00e4r!","breadcrumb":{"@id":"https:\/\/vittra.se\/halmstad\/artikel\/elevroster\/#breadcrumb"},"inLanguage":"sv-SE","potentialAction":[{"@type":"ReadAction","target":["https:\/\/vittra.se\/halmstad\/artikel\/elevroster\/"]}]},{"@type":"BreadcrumbList","@id":"https:\/\/vittra.se\/halmstad\/artikel\/elevroster\/#breadcrumb","itemListElement":[{"@type":"ListItem","position":1,"name":"Start","item":"https:\/\/vittra.se\/halmstad"},{"@type":"ListItem","position":2,"name":"Artikel"}]},{"@type":"WebSite","@id":"https:\/\/vittra.se\/halmstad\/#website","url":"https:\/\/vittra.se\/halmstad\/","name":"Halmstad","description":"Kunskap att f\u00f6r\u00e4ndra. Mod att p\u00e5verka.","potentialAction":[{"@type":"SearchAction","target":{"@type":"EntryPoint","urlTemplate":"https:\/\/vittra.se\/halmstad\/?s={search_term_string}"},"query-input":"required name=search_term_string"}],"inLanguage":"sv-SE"}]}},"_links":{"self":[{"href":"https:\/\/vittra.se\/halmstad\/wp-json\/wp\/v2\/article\/1639"}],"collection":[{"href":"https:\/\/vittra.se\/halmstad\/wp-json\/wp\/v2\/article"}],"about":[{"href":"https:\/\/vittra.se\/halmstad\/wp-json\/wp\/v2\/types\/article"}],"wp:attachment":[{"href":"https:\/\/vittra.se\/halmstad\/wp-json\/wp\/v2\/media?parent=1639"}],"wp:term":[{"taxonomy":"article_category","embeddable":true,"href":"https:\/\/vittra.se\/halmstad\/wp-json\/wp\/v2\/article_category?post=1639"}],"curies":[{"name":"wp","href":"https:\/\/api.w.org\/{rel}","templated":true}]}}