{"id":1510,"date":"2025-11-26T11:29:17","date_gmt":"2025-11-26T10:29:17","guid":{"rendered":"https:\/\/vittra.se\/halmstad\/?post_type=article&#038;p=1510"},"modified":"2025-12-03T16:01:52","modified_gmt":"2025-12-03T15:01:52","slug":"pedagoger","status":"publish","type":"article","link":"https:\/\/vittra.se\/halmstad\/artikel\/pedagoger\/","title":{"rendered":"Pedagoger"},"content":{"rendered":"\n<div class=\"wp-block-group is-layout-constrained wp-container-core-group-layout-1 wp-block-group-is-layout-constrained\">\n<h1 class=\"wp-block-heading\">L\u00e4r k\u00e4nna v\u00e5ra pedagoger<\/h1>\n\n\n\n<p   class=\"site__ingress container text-left  site__text-color--dark  site__free_text--ingress p-0\">\n\tL\u00e4r k\u00e4nna v\u00e5ra pedagoger och l\u00e4rare lite b\u00e4ttre! Vad motiverar dem mest och hur uppmuntrar de till nyfikenhet och kreativitet? <\/p>\n\n\n\n\n\n<h2 class=\"wp-block-heading\"><em>Lina von Eggers Patron<\/em> \u2013 Pedagog p\u00e5 f\u00f6rskolan<\/h2>\n\n\n\n<h3 class=\"wp-block-heading\">Hur kombinerar man lek och undervisning i f\u00f6rskolan?<\/h3>\n\n\n\n<p>Jag g\u00f6r det genom att vara d\u00e4r i leken tillsammans med barnen, inte bara som en n\u00e4rvarande pedagog som observerar leken utifr\u00e5n utan som en inbjuden g\u00e4st in i lekens magiska v\u00e4rld. Leken ger n\u00e4mligen dig som pedagog en fantastisk m\u00f6jlighet att f\u00e5nga och rikta barnens uppm\u00e4rksamhet mot ett \u00f6nskat inneh\u00e5ll p\u00e5 ett naturligt och lustfyllt s\u00e4tt. D\u00e5 kan man exempelvis rikta lekens fokus mot matematiken trots att barnen leker en busslek.<\/p>\n\n\n\n<h3 class=\"wp-block-heading\">Hur g\u00f6r du f\u00f6r att uppmuntra barnens nyfikenhet i vardagen?<\/h3>\n\n\n\n<p>Jag uppmuntrar till nyfikenhet genom att sj\u00e4lv vara nyfiken. Inte bara nyfiken p\u00e5 det barnen intresserar sig f\u00f6r utan ocks\u00e5 genom att ha en nyfiken inst\u00e4llning generellt. Om jag bjuder in och skapar samtal med barnen kring det jag uppt\u00e4cker kommer barnen g\u00f6ra detsamma. Vi f\u00f6rs\u00f6ker alltid bem\u00f6ta barnens nyfikenhet med engagemang och uppmuntran.<\/p>\n\n\n\n<h3 class=\"wp-block-heading\">Hur besvarar och uppmuntrar ni barnens nyfikenhet?<\/h3>\n\n\n\n<p>Genom att uppt\u00e4cka tillsammans med barnen kan vi bem\u00f6ta fr\u00e5gorna n\u00e4r dem kommer, utmana deras tankar vid behov och hj\u00e4lpa dem f\u00f6rst\u00e5 sin omgivning. N\u00e4r vi vet vad barnen intresserar sig f\u00f6r kan vi anv\u00e4nda oss av det i v\u00e5r undervisning och ta med nyfikenheten dit. Detta tror vi \u00e4r en viktig faktor n\u00e4r det kommer till att besvara och fr\u00e4mja barns uppt\u00e4ckargl\u00e4dje.<\/p>\n\n\n\n<h3 class=\"wp-block-heading\">Vad \u00e4r det b\u00e4sta med att vara pedagog p\u00e5 just er f\u00f6rskola?<\/h3>\n\n\n\n<p>Det kollegiala l\u00e4randet! Vi har s\u00e5 mycket olika kompetenser samlat under ett och samma tak och jag v\u00e4rdes\u00e4tter verkligen att vi delger erfarenheter, tankar och reflektioner f\u00f6r att utmanas och inspireras av varandra. Vi vill mycket och har lyh\u00f6rda och engagerade chefer som hj\u00e4lper till att skapa f\u00f6ruts\u00e4ttningar f\u00f6r erfarenhetsutbyten genom bland annat forum och fortbildningar.<\/p>\n\n\n\n<h3 class=\"wp-block-heading\">Hur jobbar ni med Vittraf\u00f6rm\u00e5gorna i praktiken?<\/h3>\n\n\n\n<p>Genom att vara goda f\u00f6rebilder och l\u00e5ta Vittraf\u00f6rm\u00e5gorna speglas i v\u00e5r profession och genom att ge barnen m\u00f6jligheterna att utvecklas utifr\u00e5n sina egna f\u00f6ruts\u00e4ttningar. Undervisningen anpassas p\u00e5 b\u00e5de individ- och gruppniv\u00e5 och f\u00f6ljs upp med hj\u00e4lp av dokumentation och reflektion. Denna kombinationen g\u00f6r f\u00f6rm\u00e5gorna till en levande del av v\u00e5r undervisning och ser till att de genomsyrar hela verksamheten.<\/p>\n\n\n\n\t<style>\n\t\t.inner {\n\n\t\t\tmargin: 0 auto;\n\n\n\t\t}\n\t<\/style>\n\t<div\n\t\t class=\"container images-module\" >\n\t\t<div class=\"row images_module__slideshow\">\n\n\t\t\t<div\n\t\t\t\t\tclass=\"col-md-12 p-0 position-relative images_module__slideshow images_module__slideshow-container  \">\n\t\t\t\t<div class=\"images_module__slide\" data-slide=\"\"\n\t\t\t\t\t data-duration=\"\"><\/div>\n\t\t\t\t\t\t\t\t\t<div\n\t\t\t\t\t\t class=\"images_module__slides\n\n\t\t\t\t\t   \"\n\t\t\t\t\t>\n\n\t\t\t\t\t\t<div class=\"images__wrapper\" style=\"aspect-ratio: 851 \/ 851;\">\n\t\t\t\t\t\t\t<img decoding=\"async\" width=\"510\" height=\"535\" src=\"https:\/\/vittra.se\/wp-content\/uploads\/sites\/9\/2025\/10\/image.png\" class=\"images__image_ratio  \" alt=\"bild p\u00e5 pedagog\" style=\"aspect-ratio: 851 \/ 851;object-position: center center;\" srcset=\"https:\/\/vittra.se\/wp-content\/uploads\/sites\/9\/2025\/10\/image.png 510w, https:\/\/vittra.se\/wp-content\/uploads\/sites\/9\/2025\/10\/image-300x315.png 300w, https:\/\/vittra.se\/wp-content\/uploads\/sites\/9\/2025\/10\/image-400x420.png 400w\" sizes=\"(max-width: 510px) 100vw, 510px\" \/>\t\t\t\t\t\t<\/div>\n\t\t\t\t\t\t\n\n\t\t\t\t\t\t\t\t\t\t\t<\/div>\n\t\t\t\t\n\t\t\t\t<div class=\"images_module__container_dot\">\n\t\t\t\t\t<div style=\"text-align:center\">\n\n\n\t\t\t\t\t\t\t\t\t\t\t\t\t<span   data-i=\"0\"\n\t\t\t\t\t\t\t\t  class=\"\n\t\t\t\t\t\t\timages_module__dot\n\t\t\t\t\t\t\t\t\t\t\t\t\t\t\"\n\t\t\t\t\t\t\t><\/span>\n\t\t\t\t\t\t\t\t\t\t\t<\/div>\n\t\t\t\t<\/div>\n\n\n\t\t\t<\/div>\n\t\t<\/div>\n\t<\/div>\n\n\t\n\n\n<script>\n\tvar images_display_descriptive_text = \"\";\n<\/script>\n\n\n\n<h2 class=\"wp-block-heading\"><em>Patricia Salo<\/em> \u2013 Pedagog p\u00e5 l\u00e5g- och mellanstadiet<\/h2>\n\n\n\n<h3 class=\"wp-block-heading\">Hur jobbar du f\u00f6r att koppla l\u00e4randet till elevernas egen vardag och samh\u00e4llsfr\u00e5gor?<\/h3>\n\n\n\n<p>Vi f\u00f6rs\u00f6ker alltid hitta kopplingar mellan undervisningen och elevernas vardag. N\u00e4r vi introducerar nya ord eller begrepp f\u00e5r eleverna sj\u00e4lva komma med paralleller fr\u00e5n sina erfarenheter och sedan bygger vi vidare tillsammans. Efter\u00e5t konkretiserar vi det i relation till det vi l\u00e4r oss just d\u00e5. Samtidigt knyter vi ofta an till samh\u00e4llsfr\u00e5gor, sm\u00e5 som stora. Ett exempel \u00e4r n\u00e4r vi pratade om att k\u00f6pa nya saker, vilket ledde vidare till att \u00e4rva kl\u00e4der och d\u00e4rifr\u00e5n till de globala m\u00e5len om h\u00e5llbarhet och hur man kan vara en milj\u00f6hj\u00e4lte redan som barn. P\u00e5 s\u00e5 s\u00e4tt blir l\u00e4randet b\u00e5de begripligt och meningsfullt, samtidigt som eleverna ser sin egen roll i det st\u00f6rre sammanhanget.<\/p>\n\n\n\n<h3 class=\"wp-block-heading\">Vad tror du att dina elever skulle l\u00e4ra dig om du bytte plats med dem f\u00f6r en dag?<\/h3>\n\n\n\n<p>Jag tror de skulle l\u00e4ra mig att se l\u00e4randet mer ur deras \u00f6gon. Man kan inte eller beh\u00f6ver inte veta allt p\u00e5 en g\u00e5ng, utan f\u00e5r utforska och uppt\u00e4cka steg f\u00f6r steg. De skulle p\u00e5minna mig om nyfikenheten i att hela tiden f\u00e5 l\u00e4ra sig n\u00e5got nytt. Framf\u00f6r allt tror jag att de skulle l\u00e4ra mig att gl\u00e4djas \u00f6ver sm\u00e5 framg\u00e5ngar, precis s\u00e5 som de g\u00f6r n\u00e4r de lyckas med n\u00e5got de k\u00e4mpat l\u00e4nge med.<\/p>\n\n\n\n<h3 class=\"wp-block-heading\">Vad inneb\u00e4r \u201dmedvetet l\u00e4rande\u201d f\u00f6r dig i vardagen?<\/h3>\n\n\n\n<p>F\u00f6r mig handlar det om att eleverna b\u00e5de f\u00f6rst\u00e5r vad de l\u00e4r sig och ser att de kan anv\u00e4nda det i nya situationer. Som n\u00e4r vi pratar om vattnets kretslopp och de sj\u00e4lva kopplar det till vardagliga fenomen som dimma, regn eller varf\u00f6r man fryser efter en varm dusch. Jag tycker ocks\u00e5 det \u00e4r viktigt att de \u00e4r medvetna om sina resultat och m\u00e5l s\u00e5 de kan se sin utveckling. P\u00e5 s\u00e5 s\u00e4tt blir de mer delaktiga i sin egen process och l\u00e4r sig ta ansvar f\u00f6r sitt l\u00e4rande. Vi arbetar mycket med delm\u00e5l, s\u00e5 att de upplever att de g\u00f6r framsteg och inte fastnar i k\u00e4nslan av att aldrig bli \u201dklara\u201d.<\/p>\n\n\n\n<h3 class=\"wp-block-heading\">Hur jobbar ni med Vittraf\u00f6rm\u00e5gorna i praktiken?<\/h3>\n\n\n\n<p>Vi ser varandra som en tillg\u00e5ng och arbetar mycket kooperativt. Eleverna f\u00e5r \u00f6va t\u00e5lamod, att lyssna och att hj\u00e4lpa varandra och i sin tur uppleva v\u00e4rdet av att sj\u00e4lva f\u00e5 st\u00f6d tillbaka. De har ansvar f\u00f6r sitt l\u00e4rande, sina saker och sitt beteende. Vi kopplar alltid arbetet till Vittraf\u00f6rm\u00e5gorna, \u00e4ven om det inte alltid \u00e4r uttalat i stunden. N\u00e4r vi sedan lyfter dem kan eleverna ofta sj\u00e4lva ge exempel p\u00e5 hur de tr\u00e4nat just den f\u00f6rm\u00e5gan. Klassrummet \u00e4r \u00f6ppet, med h\u00f6gt i tak, och eleverna v\u00e5gar b\u00e5de st\u00e4lla fr\u00e5gor och ifr\u00e5gas\u00e4tta p\u00e5 ett konstruktivt s\u00e4tt vilket bidrar till modiga och ansvarstagande elever.<\/p>\n\n\n\n\t<style>\n\t\t.inner {\n\n\t\t\tmargin: 0 auto;\n\n\n\t\t}\n\t<\/style>\n\t<div\n\t\t class=\"container images-module\" >\n\t\t<div class=\"row images_module__slideshow\">\n\n\t\t\t<div\n\t\t\t\t\tclass=\"col-md-12 p-0 position-relative images_module__slideshow images_module__slideshow-container  \">\n\t\t\t\t<div class=\"images_module__slide\" data-slide=\"\"\n\t\t\t\t\t data-duration=\"\"><\/div>\n\t\t\t\t\t\t\t\t\t<div\n\t\t\t\t\t\t class=\"images_module__slides\n\n\t\t\t\t\t   \"\n\t\t\t\t\t>\n\n\t\t\t\t\t\t<div class=\"images__wrapper\" style=\"aspect-ratio: 851 \/ 851;\">\n\t\t\t\t\t\t\t<img decoding=\"async\" width=\"1920\" height=\"2560\" src=\"https:\/\/vittra.se\/wp-content\/uploads\/sites\/9\/2025\/10\/bild-scaled.jpg\" class=\"images__image_ratio  \" alt=\"Bild p\u00e5 Patricia\" style=\"aspect-ratio: 851 \/ 851;object-position: center center;\" srcset=\"https:\/\/vittra.se\/wp-content\/uploads\/sites\/9\/2025\/10\/bild-scaled.jpg 1920w, https:\/\/vittra.se\/wp-content\/uploads\/sites\/9\/2025\/10\/bild-300x400.jpg 300w, https:\/\/vittra.se\/wp-content\/uploads\/sites\/9\/2025\/10\/bild-400x533.jpg 400w, https:\/\/vittra.se\/wp-content\/uploads\/sites\/9\/2025\/10\/bild-600x800.jpg 600w, https:\/\/vittra.se\/wp-content\/uploads\/sites\/9\/2025\/10\/bild-800x1067.jpg 800w, https:\/\/vittra.se\/wp-content\/uploads\/sites\/9\/2025\/10\/bild-1024x1365.jpg 1024w, https:\/\/vittra.se\/wp-content\/uploads\/sites\/9\/2025\/10\/bild-1200x1600.jpg 1200w\" sizes=\"(max-width: 1920px) 100vw, 1920px\" \/>\t\t\t\t\t\t<\/div>\n\t\t\t\t\t\t\n\n\t\t\t\t\t\t\t\t\t\t\t<\/div>\n\t\t\t\t\n\t\t\t\t<div class=\"images_module__container_dot\">\n\t\t\t\t\t<div style=\"text-align:center\">\n\n\n\t\t\t\t\t\t\t\t\t\t\t\t\t<span   data-i=\"0\"\n\t\t\t\t\t\t\t\t  class=\"\n\t\t\t\t\t\t\timages_module__dot\n\t\t\t\t\t\t\t\t\t\t\t\t\t\t\"\n\t\t\t\t\t\t\t><\/span>\n\t\t\t\t\t\t\t\t\t\t\t<\/div>\n\t\t\t\t<\/div>\n\n\n\t\t\t<\/div>\n\t\t<\/div>\n\t<\/div>\n\n\t\n\n\n<script>\n\tvar images_display_descriptive_text = \"\";\n<\/script>\n\n\n\n<h2 class=\"wp-block-heading\"><em>Linda Jedenheim<\/em> \u2013 Pedagog p\u00e5 h\u00f6gstadiet<\/h2>\n\n\n\n<h3 class=\"wp-block-heading\">Vad \u00e4r det b\u00e4sta med att jobba p\u00e5 h\u00f6gstadiet?<\/h3>\n\n\n\n<p>Det jag gillar mest med att jobba p\u00e5 h\u00f6gstadiet \u00e4r att det alltid h\u00e4nder n\u00e5got. Eleverna utmanar en \u2013 b\u00e5de<br>med fr\u00e5gor, id\u00e9er och sin humor. Det g\u00e4ller att t\u00e4nka snabbt s\u00e5 man h\u00e4nger med i sv\u00e4ngarna. Man f\u00e5r vara<br>med n\u00e4r de b\u00f6rjar hitta vem de \u00e4r och vad de bryr sig om, och det \u00e4r fint att se hur mycket som faktiskt<br>h\u00e4nder under de h\u00e4r \u00e5ren. Det \u00e4r inte alltid enkelt, men det \u00e4r \u00e4kta, och det g\u00f6r jobbet meningsfullt.<\/p>\n\n\n\n<h3 class=\"wp-block-heading\">Vad hoppas du att eleverna tar med sig efter sin tid p\u00e5 Vittra?<\/h3>\n\n\n\n<p>Jag hoppas att de l\u00e4mnar Vittra med en k\u00e4nsla av att de duger som de \u00e4r och att de \u00e4r kapabla till stord\u00e5d<br>om de bara tror p\u00e5 sig sj\u00e4lva och sin f\u00f6rm\u00e5ga. Att de v\u00e5gar t\u00e4nka sj\u00e4lva, st\u00e5 upp f\u00f6r sig sj\u00e4lva och f\u00f6r<br>andra, och att de b\u00e4r med sig lite av den nyfikenhet, omtanke och v\u00e4rme som vi f\u00f6rs\u00f6ker skapa h\u00e4r varje<br>dag.<\/p>\n\n\n\n<h3 class=\"wp-block-heading\">Hur anv\u00e4nder ni Vittraboken?<\/h3>\n\n\n\n<p>Vi anv\u00e4nder Vittraboken d\u00e4r vi varje m\u00e5ndag planerar veckans arbete och varje fredag<br>utv\u00e4rderar hur det g\u00e5tt. P\u00e5 s\u00e5 s\u00e4tt f\u00e5r eleverna tr\u00e4na p\u00e5 att planera, reflektera och ta ansvar f\u00f6r sitt eget<br>l\u00e4rande. Detta g\u00f6r vi f\u00f6r att f\u00f6rtydliga hur de utvecklas i de olika \u00e4mnena och att de ska f\u00e5 verktyg f\u00f6r att<br>sj\u00e4lva kunna p\u00e5verka sin progression.<\/p>\n\n\n\n\t<style>\n\t\t.inner {\n\n\t\t\tmargin: 0 auto;\n\n\n\t\t}\n\t<\/style>\n\t<div\n\t\t class=\"container images-module\" >\n\t\t<div class=\"row images_module__slideshow\">\n\n\t\t\t<div\n\t\t\t\t\tclass=\"col-md-12 p-0 position-relative images_module__slideshow images_module__slideshow-container  \">\n\t\t\t\t<div class=\"images_module__slide\" data-slide=\"\"\n\t\t\t\t\t data-duration=\"\"><\/div>\n\t\t\t\t\t\t\t\t\t<div\n\t\t\t\t\t\t class=\"images_module__slides\n\n\t\t\t\t\t   \"\n\t\t\t\t\t>\n\n\t\t\t\t\t\t<div class=\"images__wrapper\" style=\"aspect-ratio: 851 \/ 851;\">\n\t\t\t\t\t\t\t<img decoding=\"async\" width=\"1579\" height=\"1713\" src=\"https:\/\/vittra.se\/wp-content\/uploads\/sites\/9\/2020\/10\/0b3db976-c06b-4ac9-abb4-18435e0d63f1.jpeg\" class=\"images__image_ratio  \" alt=\"\" style=\"aspect-ratio: 851 \/ 851;object-position: center center;\" srcset=\"https:\/\/vittra.se\/wp-content\/uploads\/sites\/9\/2020\/10\/0b3db976-c06b-4ac9-abb4-18435e0d63f1.jpeg 1579w, https:\/\/vittra.se\/wp-content\/uploads\/sites\/9\/2020\/10\/0b3db976-c06b-4ac9-abb4-18435e0d63f1-277x300.jpeg 277w, https:\/\/vittra.se\/wp-content\/uploads\/sites\/9\/2020\/10\/0b3db976-c06b-4ac9-abb4-18435e0d63f1-944x1024.jpeg 944w, https:\/\/vittra.se\/wp-content\/uploads\/sites\/9\/2020\/10\/0b3db976-c06b-4ac9-abb4-18435e0d63f1-768x833.jpeg 768w, https:\/\/vittra.se\/wp-content\/uploads\/sites\/9\/2020\/10\/0b3db976-c06b-4ac9-abb4-18435e0d63f1-1416x1536.jpeg 1416w, https:\/\/vittra.se\/wp-content\/uploads\/sites\/9\/2020\/10\/0b3db976-c06b-4ac9-abb4-18435e0d63f1-500x542.jpeg 500w, https:\/\/vittra.se\/wp-content\/uploads\/sites\/9\/2020\/10\/0b3db976-c06b-4ac9-abb4-18435e0d63f1-211x229.jpeg 211w, https:\/\/vittra.se\/wp-content\/uploads\/sites\/9\/2020\/10\/0b3db976-c06b-4ac9-abb4-18435e0d63f1-340x369.jpeg 340w, https:\/\/vittra.se\/wp-content\/uploads\/sites\/9\/2020\/10\/0b3db976-c06b-4ac9-abb4-18435e0d63f1-1024x1111.jpeg 1024w, https:\/\/vittra.se\/wp-content\/uploads\/sites\/9\/2020\/10\/0b3db976-c06b-4ac9-abb4-18435e0d63f1-1100x1193.jpeg 1100w, https:\/\/vittra.se\/wp-content\/uploads\/sites\/9\/2020\/10\/0b3db976-c06b-4ac9-abb4-18435e0d63f1-618x670.jpeg 618w\" sizes=\"(max-width: 1579px) 100vw, 1579px\" \/>\t\t\t\t\t\t<\/div>\n\t\t\t\t\t\t\n\n\t\t\t\t\t\t\t\t\t\t\t<\/div>\n\t\t\t\t\n\t\t\t\t<div class=\"images_module__container_dot\">\n\t\t\t\t\t<div style=\"text-align:center\">\n\n\n\t\t\t\t\t\t\t\t\t\t\t\t\t<span   data-i=\"0\"\n\t\t\t\t\t\t\t\t  class=\"\n\t\t\t\t\t\t\timages_module__dot\n\t\t\t\t\t\t\t\t\t\t\t\t\t\t\"\n\t\t\t\t\t\t\t><\/span>\n\t\t\t\t\t\t\t\t\t\t\t<\/div>\n\t\t\t\t<\/div>\n\n\n\t\t\t<\/div>\n\t\t<\/div>\n\t<\/div>\n\n\t\n\n\n<script>\n\tvar images_display_descriptive_text = \"\";\n<\/script>\n<\/div>\n","protected":false},"template":"","article_category":[4,75],"yoast_head":"<!-- This site is optimized with the Yoast SEO plugin v22.0 - https:\/\/yoast.com\/wordpress\/plugins\/seo\/ -->\n<title>L\u00e4r k\u00e4nna v\u00e5ra pedagoger | Vittra Halmstad<\/title>\n<meta name=\"description\" content=\"L\u00e4r k\u00e4nna v\u00e5ra pedagoger och l\u00e4rare p\u00e5 Vittra Halmstad! Vad motiverar dem mest och hur uppmuntrar de till nyfikenhet och kreativitet?\" \/>\n<meta name=\"robots\" content=\"index, follow, max-snippet:-1, max-image-preview:large, max-video-preview:-1\" \/>\n<link rel=\"canonical\" href=\"https:\/\/vittra.se\/halmstad\/artikel\/pedagoger\/\" \/>\n<meta property=\"og:locale\" content=\"sv_SE\" \/>\n<meta property=\"og:type\" content=\"article\" \/>\n<meta property=\"og:title\" content=\"L\u00e4r k\u00e4nna v\u00e5ra pedagoger | Vittra Halmstad\" \/>\n<meta property=\"og:description\" content=\"L\u00e4r k\u00e4nna v\u00e5ra pedagoger och l\u00e4rare p\u00e5 Vittra Halmstad! Vad motiverar dem mest och hur uppmuntrar de till nyfikenhet och kreativitet?\" \/>\n<meta property=\"og:url\" content=\"https:\/\/vittra.se\/halmstad\/artikel\/pedagoger\/\" \/>\n<meta property=\"og:site_name\" content=\"Halmstad\" \/>\n<meta property=\"article:modified_time\" content=\"2025-12-03T15:01:52+00:00\" \/>\n<meta name=\"twitter:card\" content=\"summary_large_image\" \/>\n<meta name=\"twitter:title\" content=\"L\u00e4r k\u00e4nna v\u00e5ra pedagoger | Vittra Halmstad\" \/>\n<meta name=\"twitter:description\" content=\"L\u00e4r k\u00e4nna v\u00e5ra pedagoger och l\u00e4rare p\u00e5 Vittra Halmstad! Vad motiverar dem mest och hur uppmuntrar de till nyfikenhet och kreativitet?\" \/>\n<meta name=\"twitter:image\" content=\"https:\/\/vittra.se\/wp-content\/uploads\/sites\/9\/2025\/10\/image.png\" \/>\n<meta name=\"twitter:label1\" content=\"Ber\u00e4knad l\u00e4stid\" \/>\n\t<meta name=\"twitter:data1\" content=\"6 minuter\" \/>\n<script type=\"application\/ld+json\" class=\"yoast-schema-graph\">{\"@context\":\"https:\/\/schema.org\",\"@graph\":[{\"@type\":\"WebPage\",\"@id\":\"https:\/\/vittra.se\/halmstad\/artikel\/pedagoger\/\",\"url\":\"https:\/\/vittra.se\/halmstad\/artikel\/pedagoger\/\",\"name\":\"L\u00e4r k\u00e4nna v\u00e5ra pedagoger | Vittra Halmstad\",\"isPartOf\":{\"@id\":\"https:\/\/vittra.se\/halmstad\/#website\"},\"datePublished\":\"2025-11-26T10:29:17+00:00\",\"dateModified\":\"2025-12-03T15:01:52+00:00\",\"description\":\"L\u00e4r k\u00e4nna v\u00e5ra pedagoger och l\u00e4rare p\u00e5 Vittra Halmstad! Vad motiverar dem mest och hur uppmuntrar de till nyfikenhet och kreativitet?\",\"breadcrumb\":{\"@id\":\"https:\/\/vittra.se\/halmstad\/artikel\/pedagoger\/#breadcrumb\"},\"inLanguage\":\"sv-SE\",\"potentialAction\":[{\"@type\":\"ReadAction\",\"target\":[\"https:\/\/vittra.se\/halmstad\/artikel\/pedagoger\/\"]}]},{\"@type\":\"BreadcrumbList\",\"@id\":\"https:\/\/vittra.se\/halmstad\/artikel\/pedagoger\/#breadcrumb\",\"itemListElement\":[{\"@type\":\"ListItem\",\"position\":1,\"name\":\"Start\",\"item\":\"https:\/\/vittra.se\/halmstad\"},{\"@type\":\"ListItem\",\"position\":2,\"name\":\"Artikel\"}]},{\"@type\":\"WebSite\",\"@id\":\"https:\/\/vittra.se\/halmstad\/#website\",\"url\":\"https:\/\/vittra.se\/halmstad\/\",\"name\":\"Halmstad\",\"description\":\"Kunskap att f\u00f6r\u00e4ndra. Mod att p\u00e5verka.\",\"potentialAction\":[{\"@type\":\"SearchAction\",\"target\":{\"@type\":\"EntryPoint\",\"urlTemplate\":\"https:\/\/vittra.se\/halmstad\/?s={search_term_string}\"},\"query-input\":\"required name=search_term_string\"}],\"inLanguage\":\"sv-SE\"}]}<\/script>\n<!-- \/ Yoast SEO plugin. -->","yoast_head_json":{"title":"L\u00e4r k\u00e4nna v\u00e5ra pedagoger | Vittra Halmstad","description":"L\u00e4r k\u00e4nna v\u00e5ra pedagoger och l\u00e4rare p\u00e5 Vittra Halmstad! Vad motiverar dem mest och hur uppmuntrar de till nyfikenhet och kreativitet?","robots":{"index":"index","follow":"follow","max-snippet":"max-snippet:-1","max-image-preview":"max-image-preview:large","max-video-preview":"max-video-preview:-1"},"canonical":"https:\/\/vittra.se\/halmstad\/artikel\/pedagoger\/","og_locale":"sv_SE","og_type":"article","og_title":"L\u00e4r k\u00e4nna v\u00e5ra pedagoger | Vittra Halmstad","og_description":"L\u00e4r k\u00e4nna v\u00e5ra pedagoger och l\u00e4rare p\u00e5 Vittra Halmstad! Vad motiverar dem mest och hur uppmuntrar de till nyfikenhet och kreativitet?","og_url":"https:\/\/vittra.se\/halmstad\/artikel\/pedagoger\/","og_site_name":"Halmstad","article_modified_time":"2025-12-03T15:01:52+00:00","twitter_card":"summary_large_image","twitter_title":"L\u00e4r k\u00e4nna v\u00e5ra pedagoger | Vittra Halmstad","twitter_description":"L\u00e4r k\u00e4nna v\u00e5ra pedagoger och l\u00e4rare p\u00e5 Vittra Halmstad! Vad motiverar dem mest och hur uppmuntrar de till nyfikenhet och kreativitet?","twitter_image":"https:\/\/vittra.se\/wp-content\/uploads\/sites\/9\/2025\/10\/image.png","twitter_misc":{"Ber\u00e4knad l\u00e4stid":"6 minuter"},"schema":{"@context":"https:\/\/schema.org","@graph":[{"@type":"WebPage","@id":"https:\/\/vittra.se\/halmstad\/artikel\/pedagoger\/","url":"https:\/\/vittra.se\/halmstad\/artikel\/pedagoger\/","name":"L\u00e4r k\u00e4nna v\u00e5ra pedagoger | Vittra Halmstad","isPartOf":{"@id":"https:\/\/vittra.se\/halmstad\/#website"},"datePublished":"2025-11-26T10:29:17+00:00","dateModified":"2025-12-03T15:01:52+00:00","description":"L\u00e4r k\u00e4nna v\u00e5ra pedagoger och l\u00e4rare p\u00e5 Vittra Halmstad! Vad motiverar dem mest och hur uppmuntrar de till nyfikenhet och kreativitet?","breadcrumb":{"@id":"https:\/\/vittra.se\/halmstad\/artikel\/pedagoger\/#breadcrumb"},"inLanguage":"sv-SE","potentialAction":[{"@type":"ReadAction","target":["https:\/\/vittra.se\/halmstad\/artikel\/pedagoger\/"]}]},{"@type":"BreadcrumbList","@id":"https:\/\/vittra.se\/halmstad\/artikel\/pedagoger\/#breadcrumb","itemListElement":[{"@type":"ListItem","position":1,"name":"Start","item":"https:\/\/vittra.se\/halmstad"},{"@type":"ListItem","position":2,"name":"Artikel"}]},{"@type":"WebSite","@id":"https:\/\/vittra.se\/halmstad\/#website","url":"https:\/\/vittra.se\/halmstad\/","name":"Halmstad","description":"Kunskap att f\u00f6r\u00e4ndra. Mod att p\u00e5verka.","potentialAction":[{"@type":"SearchAction","target":{"@type":"EntryPoint","urlTemplate":"https:\/\/vittra.se\/halmstad\/?s={search_term_string}"},"query-input":"required name=search_term_string"}],"inLanguage":"sv-SE"}]}},"_links":{"self":[{"href":"https:\/\/vittra.se\/halmstad\/wp-json\/wp\/v2\/article\/1510"}],"collection":[{"href":"https:\/\/vittra.se\/halmstad\/wp-json\/wp\/v2\/article"}],"about":[{"href":"https:\/\/vittra.se\/halmstad\/wp-json\/wp\/v2\/types\/article"}],"wp:attachment":[{"href":"https:\/\/vittra.se\/halmstad\/wp-json\/wp\/v2\/media?parent=1510"}],"wp:term":[{"taxonomy":"article_category","embeddable":true,"href":"https:\/\/vittra.se\/halmstad\/wp-json\/wp\/v2\/article_category?post=1510"}],"curies":[{"name":"wp","href":"https:\/\/api.w.org\/{rel}","templated":true}]}}