{"id":1397,"date":"2024-02-21T08:07:31","date_gmt":"2024-02-21T07:07:31","guid":{"rendered":"https:\/\/vittra.se\/gavle\/?post_type=article&#038;p=1397"},"modified":"2024-02-21T08:07:32","modified_gmt":"2024-02-21T07:07:32","slug":"information-om-skolvalet-i-gavle-kommun","status":"publish","type":"article","link":"https:\/\/vittra.se\/gavle\/artikel\/information-om-skolvalet-i-gavle-kommun\/","title":{"rendered":"Information om skolvalet i G\u00e4vle kommun"},"content":{"rendered":"\n<div class=\"wp-block-columns is-layout-flex wp-container-core-columns-layout-1 wp-block-columns-is-layout-flex\">\n<div class=\"wp-block-column is-layout-flow wp-block-column-is-layout-flow\" style=\"flex-basis:15%\"><\/div>\n\n\n\n<div class=\"wp-block-column is-layout-flow wp-block-column-is-layout-flow\" style=\"flex-basis:70%\">\n<h1 class=\"wp-block-heading\">Information om skolvalet i G\u00e4vle kommun<\/h1>\n\n\n\n<p>Just nu p\u00e5g\u00e5r skolvalet i G\u00e4vle kommun. Vi har samlat n\u00e5gra vanliga fr\u00e5gor och svar om skolvalet.<\/p>\n\n\n\n<h2 class=\"wp-block-heading\">Mitt barn g\u00e5r i \u00e5rskurs 6 p\u00e5 Vittra G\u00e4vle. Beh\u00f6ver jag g\u00f6ra en ny ans\u00f6kan f\u00f6r att f\u00e5 en plats i \u00e5rskurs 7?<\/h2>\n\n\n\n<p>Elever som g\u00e5r p\u00e5 Vittra G\u00e4vle i \u00e5rskurs 6 flyttas automatiskt upp till \u00e5rskurs 7. Ni beh\u00f6ver allts\u00e5 inte g\u00f6ra n\u00e5gon ny ans\u00f6kan f\u00f6r att f\u00e5 plats till \u00e5rskurs 7. <\/p>\n\n\n\n<h2 class=\"wp-block-heading\">Jag har f\u00e5tt plats till f\u00f6rskoleklass p\u00e5 Vittra G\u00e4vle. Beh\u00f6ver jag g\u00f6ra ett val i det kommunala skolvalet ocks\u00e5?<\/h2>\n\n\n\n<p>Om ni har tackat ja till erbjuden plats i f\u00f6rskoleklass hos oss beh\u00f6ver ni inte g\u00f6ra en ny ans\u00f6kan eller ett val i det kommunala skolvalet.<\/p>\n\n\n\n<h2 class=\"wp-block-heading\">Hur g\u00f6r jag f\u00f6r att ans\u00f6ka till Vittra G\u00e4vle?<\/h2>\n\n\n\n<p>F\u00f6r er som inte g\u00e5r p\u00e5 skolan och vill ans\u00f6ka till f\u00f6rskoleklass, \u00e5rskurs 7 eller n\u00e5gon annan av v\u00e5ra \u00e5rskurser s\u00e5 g\u00f6r ni det genom att st\u00e4lla er i v\u00e5r k\u00f6 <a href=\"https:\/\/vittra.se\/gavle\/koanmalan\/\">h\u00e4r<\/a>.<\/p>\n<\/div>\n\n\n\n<div class=\"wp-block-column is-layout-flow wp-block-column-is-layout-flow\" style=\"flex-basis:15%\"><\/div>\n<\/div>\n","protected":false},"template":"","article_category":[17],"yoast_head":"<!-- This site is optimized with the Yoast SEO plugin v22.0 - https:\/\/yoast.com\/wordpress\/plugins\/seo\/ -->\n<title>G\u00e4vle<\/title>\n<meta name=\"robots\" content=\"index, follow, max-snippet:-1, max-image-preview:large, max-video-preview:-1\" \/>\n<link rel=\"canonical\" href=\"https:\/\/vittra.se\/gavle\/artikel\/information-om-skolvalet-i-gavle-kommun\/\" \/>\n<meta property=\"og:locale\" content=\"sv_SE\" \/>\n<meta property=\"og:type\" content=\"article\" \/>\n<meta property=\"og:url\" content=\"https:\/\/vittra.se\/gavle\/artikel\/information-om-skolvalet-i-gavle-kommun\/\" \/>\n<meta property=\"og:site_name\" content=\"G\u00e4vle\" \/>\n<meta property=\"article:modified_time\" content=\"2024-02-21T07:07:32+00:00\" \/>\n<meta name=\"twitter:card\" content=\"summary_large_image\" \/>\n<meta name=\"twitter:label1\" content=\"Ber\u00e4knad l\u00e4stid\" \/>\n\t<meta name=\"twitter:data1\" content=\"1 minut\" \/>\n<script type=\"application\/ld+json\" class=\"yoast-schema-graph\">{\"@context\":\"https:\/\/schema.org\",\"@graph\":[{\"@type\":\"WebPage\",\"@id\":\"https:\/\/vittra.se\/gavle\/artikel\/information-om-skolvalet-i-gavle-kommun\/\",\"url\":\"https:\/\/vittra.se\/gavle\/artikel\/information-om-skolvalet-i-gavle-kommun\/\",\"name\":\"Information om skolvalet i G\u00e4vle kommun - G\u00e4vle\",\"isPartOf\":{\"@id\":\"https:\/\/vittra.se\/gavle\/#website\"},\"datePublished\":\"2024-02-21T07:07:31+00:00\",\"dateModified\":\"2024-02-21T07:07:32+00:00\",\"breadcrumb\":{\"@id\":\"https:\/\/vittra.se\/gavle\/artikel\/information-om-skolvalet-i-gavle-kommun\/#breadcrumb\"},\"inLanguage\":\"sv-SE\",\"potentialAction\":[{\"@type\":\"ReadAction\",\"target\":[\"https:\/\/vittra.se\/gavle\/artikel\/information-om-skolvalet-i-gavle-kommun\/\"]}]},{\"@type\":\"BreadcrumbList\",\"@id\":\"https:\/\/vittra.se\/gavle\/artikel\/information-om-skolvalet-i-gavle-kommun\/#breadcrumb\",\"itemListElement\":[{\"@type\":\"ListItem\",\"position\":1,\"name\":\"Start\",\"item\":\"https:\/\/vittra.se\/gavle\"},{\"@type\":\"ListItem\",\"position\":2,\"name\":\"Artikel\"}]},{\"@type\":\"WebSite\",\"@id\":\"https:\/\/vittra.se\/gavle\/#website\",\"url\":\"https:\/\/vittra.se\/gavle\/\",\"name\":\"G\u00e4vle\",\"description\":\"Kunskap att f\u00f6r\u00e4ndra. Mod att p\u00e5verka.\",\"potentialAction\":[{\"@type\":\"SearchAction\",\"target\":{\"@type\":\"EntryPoint\",\"urlTemplate\":\"https:\/\/vittra.se\/gavle\/?s={search_term_string}\"},\"query-input\":\"required name=search_term_string\"}],\"inLanguage\":\"sv-SE\"}]}<\/script>\n<!-- \/ Yoast SEO plugin. -->","yoast_head_json":{"title":"G\u00e4vle","robots":{"index":"index","follow":"follow","max-snippet":"max-snippet:-1","max-image-preview":"max-image-preview:large","max-video-preview":"max-video-preview:-1"},"canonical":"https:\/\/vittra.se\/gavle\/artikel\/information-om-skolvalet-i-gavle-kommun\/","og_locale":"sv_SE","og_type":"article","og_url":"https:\/\/vittra.se\/gavle\/artikel\/information-om-skolvalet-i-gavle-kommun\/","og_site_name":"G\u00e4vle","article_modified_time":"2024-02-21T07:07:32+00:00","twitter_card":"summary_large_image","twitter_misc":{"Ber\u00e4knad l\u00e4stid":"1 minut"},"schema":{"@context":"https:\/\/schema.org","@graph":[{"@type":"WebPage","@id":"https:\/\/vittra.se\/gavle\/artikel\/information-om-skolvalet-i-gavle-kommun\/","url":"https:\/\/vittra.se\/gavle\/artikel\/information-om-skolvalet-i-gavle-kommun\/","name":"Information om skolvalet i G\u00e4vle kommun - G\u00e4vle","isPartOf":{"@id":"https:\/\/vittra.se\/gavle\/#website"},"datePublished":"2024-02-21T07:07:31+00:00","dateModified":"2024-02-21T07:07:32+00:00","breadcrumb":{"@id":"https:\/\/vittra.se\/gavle\/artikel\/information-om-skolvalet-i-gavle-kommun\/#breadcrumb"},"inLanguage":"sv-SE","potentialAction":[{"@type":"ReadAction","target":["https:\/\/vittra.se\/gavle\/artikel\/information-om-skolvalet-i-gavle-kommun\/"]}]},{"@type":"BreadcrumbList","@id":"https:\/\/vittra.se\/gavle\/artikel\/information-om-skolvalet-i-gavle-kommun\/#breadcrumb","itemListElement":[{"@type":"ListItem","position":1,"name":"Start","item":"https:\/\/vittra.se\/gavle"},{"@type":"ListItem","position":2,"name":"Artikel"}]},{"@type":"WebSite","@id":"https:\/\/vittra.se\/gavle\/#website","url":"https:\/\/vittra.se\/gavle\/","name":"G\u00e4vle","description":"Kunskap att f\u00f6r\u00e4ndra. Mod att p\u00e5verka.","potentialAction":[{"@type":"SearchAction","target":{"@type":"EntryPoint","urlTemplate":"https:\/\/vittra.se\/gavle\/?s={search_term_string}"},"query-input":"required name=search_term_string"}],"inLanguage":"sv-SE"}]}},"_links":{"self":[{"href":"https:\/\/vittra.se\/gavle\/wp-json\/wp\/v2\/article\/1397"}],"collection":[{"href":"https:\/\/vittra.se\/gavle\/wp-json\/wp\/v2\/article"}],"about":[{"href":"https:\/\/vittra.se\/gavle\/wp-json\/wp\/v2\/types\/article"}],"wp:attachment":[{"href":"https:\/\/vittra.se\/gavle\/wp-json\/wp\/v2\/media?parent=1397"}],"wp:term":[{"taxonomy":"article_category","embeddable":true,"href":"https:\/\/vittra.se\/gavle\/wp-json\/wp\/v2\/article_category?post=1397"}],"curies":[{"name":"wp","href":"https:\/\/api.w.org\/{rel}","templated":true}]}}