{"id":1377,"date":"2025-11-26T11:23:06","date_gmt":"2025-11-26T10:23:06","guid":{"rendered":"https:\/\/vittra.se\/frosunda\/?post_type=article&#038;p=1377"},"modified":"2025-12-03T16:00:25","modified_gmt":"2025-12-03T15:00:25","slug":"pedagoger","status":"publish","type":"article","link":"https:\/\/vittra.se\/frosunda\/artikel\/pedagoger\/","title":{"rendered":"Pedagoger"},"content":{"rendered":"\n<div class=\"wp-block-group is-layout-constrained wp-container-core-group-layout-1 wp-block-group-is-layout-constrained\">\n<h1 class=\"wp-block-heading\">L\u00e4r k\u00e4nna v\u00e5ra pedagoger<\/h1>\n\n\n\n<p   class=\"site__ingress container text-left  site__text-color--dark  site__free_text--ingress p-0\">\n\tL\u00e4r k\u00e4nna v\u00e5ra pedagoger och l\u00e4rare lite b\u00e4ttre! Vad motiverar dem mest och hur uppmuntrar de till nyfikenhet och kreativitet? <\/p>\n\n\n\n\n\n<h2 class=\"wp-block-heading\"><em>Niklas Jonasson<\/em> &#8211; Pedagog p\u00e5 f\u00f6rskolan, avdelning Romb<\/h2>\n\n\n\n<h3 class=\"wp-block-heading\">Hur kombinerar man lek och undervisning i f\u00f6rskolan?<\/h3>\n\n\n\n<p>I f\u00f6rskolan ses leken som grunden f\u00f6r barns utveckling och l\u00e4rande. Jag str\u00e4var d\u00e4rf\u00f6r efter att alltid vara en n\u00e4rvarande pedagog, b\u00e5de i den styrda och den fria leken. Genom att v\u00e4gleda, planera, observera och dokumentera barnens lek kan jag f\u00e5nga upp deras intressen och behov, och p\u00e5 s\u00e5 s\u00e4tt v\u00e4va in undervisningen p\u00e5 ett naturligt och meningsfullt s\u00e4tt. P\u00e5 det viset blir l\u00e4randet lustfyllt, engagerande och relevant f\u00f6r barnen.<\/p>\n\n\n\n<h3 class=\"wp-block-heading\">Hur g\u00f6r du f\u00f6r att uppmuntra barnens nyfikenhet i vardagen?<\/h3>\n\n\n\n<p>P\u00e5 Vittra Fr\u00f6sunda vill vi skapa en kultur d\u00e4r nyfikenhet f\u00e5r v\u00e4xa. Jag visar ett genuint intresse f\u00f6r barnens fr\u00e5gor och funderingar och st\u00e4ller \u00f6ppna fr\u00e5gor d\u00e4r det inte alltid finns givna svar. Jag vill ge barnen tid, utrymme och uppmuntran att utforska sina id\u00e9er, testa hypoteser och v\u00e5ga t\u00e4nka sj\u00e4lva. Genom att vara lyh\u00f6rd och f\u00f6lja barnens initiativ kan jag st\u00f6tta deras naturliga lust att l\u00e4ra.<\/p>\n\n\n\n<h3 class=\"wp-block-heading\">Vad \u00e4r det b\u00e4sta med att vara pedagog p\u00e5 just er f\u00f6rskola?<\/h3>\n\n\n\n<p>F\u00f6rst och fr\u00e4mst k\u00e4nner jag en extrem stolthet \u00f6ver att arbeta p\u00e5 Vittra Fr\u00f6sunda. Jag uppskattar att vi \u00e4r en integrerad f\u00f6r- och grundskola. Jag tror genom att vara p\u00e5 samma skolenhet under flera \u00e5rs tid kan vi ge b\u00e5de kontinuitet och trygghet f\u00f6r barn och v\u00e5rdnadshavare. Vi har ett 1-16 \u00e5rs perspektiv som genomsyrar hela verksamheten hela v\u00e4gen fr\u00e5n f\u00f6rskolan upp till \u00e5rskurs 9. Jag uppskattar \u00e4ven alla fina kollegor som g\u00f6r mig till en b\u00e4ttre pedagog varje dag.<\/p>\n\n\n\n<h3 class=\"wp-block-heading\">Vad betyder &#8221;modig kultur&#8221; f\u00f6r dig som pedagog? Och hur jobbar du f\u00f6r att fr\u00e4mja det?<\/h3>\n\n\n\n<p>F\u00f6r mig betyder en modig kultur att v\u00e5ga vara sn\u00e4ll att st\u00e5 upp f\u00f6r sig sj\u00e4lv och andra, att visa omtanke och att v\u00e5ga uttrycka sina tankar och k\u00e4nslor. Som pedagog arbetar jag aktivt f\u00f6r att skapa en trygg milj\u00f6 d\u00e4r alla barn k\u00e4nner sig sedda, h\u00f6rda och respekterade. Jag uppmuntrar dem att dela sina id\u00e9er, prova nytt och g\u00f6ra misstag f\u00f6r det \u00e4r s\u00e5 vi l\u00e4r och v\u00e4xer tillsammans.<\/p>\n\n\n\n\t<style>\n\t\t.inner {\n\n\t\t\tmargin: 0 auto;\n\n\n\t\t}\n\t<\/style>\n\t<div\n\t\t class=\"container images-module\" >\n\t\t<div class=\"row images_module__slideshow\">\n\n\t\t\t<div\n\t\t\t\t\tclass=\"col-md-12 p-0 position-relative images_module__slideshow images_module__slideshow-container  \">\n\t\t\t\t<div class=\"images_module__slide\" data-slide=\"\"\n\t\t\t\t\t data-duration=\"\"><\/div>\n\t\t\t\t\t\t\t\t\t<div\n\t\t\t\t\t\t class=\"images_module__slides\n\n\t\t\t\t\t   \"\n\t\t\t\t\t>\n\n\t\t\t\t\t\t<div class=\"images__wrapper\" style=\"aspect-ratio: 851 \/ 851;\">\n\t\t\t\t\t\t\t<img decoding=\"async\" width=\"386\" height=\"511\" src=\"https:\/\/vittra.se\/wp-content\/uploads\/sites\/6\/2025\/10\/niklas-jonasson-1-e1761656237156.jpg\" class=\"images__image_ratio  \" alt=\"Portr\u00e4ttbild\" style=\"aspect-ratio: 851 \/ 851;object-position: center center;\" srcset=\"https:\/\/vittra.se\/wp-content\/uploads\/sites\/6\/2025\/10\/niklas-jonasson-1-e1761656237156.jpg 386w, https:\/\/vittra.se\/wp-content\/uploads\/sites\/6\/2025\/10\/niklas-jonasson-1-e1761656237156-300x397.jpg 300w\" sizes=\"(max-width: 386px) 100vw, 386px\" \/>\t\t\t\t\t\t<\/div>\n\t\t\t\t\t\t\n\n\t\t\t\t\t\t\t\t\t\t\t<\/div>\n\t\t\t\t\n\t\t\t\t<div class=\"images_module__container_dot\">\n\t\t\t\t\t<div style=\"text-align:center\">\n\n\n\t\t\t\t\t\t\t\t\t\t\t\t\t<span   data-i=\"0\"\n\t\t\t\t\t\t\t\t  class=\"\n\t\t\t\t\t\t\timages_module__dot\n\t\t\t\t\t\t\t\t\t\t\t\t\t\t\"\n\t\t\t\t\t\t\t><\/span>\n\t\t\t\t\t\t\t\t\t\t\t<\/div>\n\t\t\t\t<\/div>\n\n\n\t\t\t<\/div>\n\t\t<\/div>\n\t<\/div>\n\n\t\n\n\n<script>\n\tvar images_display_descriptive_text = \"\";\n<\/script>\n\n\n\n<h2 class=\"wp-block-heading\"><em>Joakim Ytterberg<\/em> &#8211; L\u00e4rare i SO, \u00e5k 4-6<\/h2>\n\n\n\n<h3 class=\"wp-block-heading\">Hur jobbar du f\u00f6r att koppla l\u00e4randet till elevernas egen vardag och samh\u00e4llsfr\u00e5gor?<\/h3>\n\n\n\n<p>Jag utg\u00e5r ofta fr\u00e5n aktuella h\u00e4ndelser och diskussioner som ber\u00f6r elevernas liv, till exempel nyheter och sociala medier. Vi tittar regelbundet p\u00e5 Lilla Aktuellt och g\u00f6r quiz om vad som h\u00e4nt under veckan. Jag f\u00f6rs\u00f6ker alltid koppla undervisningen till elevernas intressen, eftersom det g\u00f6r inneh\u00e5llet mer meningsfullt och begripligt.<\/p>\n\n\n\n<h3 class=\"wp-block-heading\">Vad tror du att dina elever skulle l\u00e4ra dig om du bytte plats med dem f\u00f6r en dag?<\/h3>\n\n\n\n<p>Jag tror att jag skulle l\u00e4ra mig mycket av att se undervisningen ur elevernas perspektiv \u2013 hur det faktiskt kan k\u00e4nnas att sitta stilla och lyssna under l\u00e4ngre stunder. Jag skulle ocks\u00e5 vilja f\u00f6rst\u00e5 mer av deras sociala v\u00e4rld och de trender och intressen som p\u00e5verkar dem, \u00e4ven om jag tycker att jag redan har ganska bra koll p\u00e5 detta.<\/p>\n\n\n\n<h3 class=\"wp-block-heading\">Vad inneb\u00e4r \u201dmedvetet l\u00e4rande\u201d f\u00f6r dig i vardagen?<\/h3>\n\n\n\n<p>Jag f\u00f6rs\u00f6ker f\u00e5 eleverna att ta ansvar f\u00f6r sitt eget l\u00e4rande genom att ge dem tid inf\u00f6r prov och visa att de sj\u00e4lva p\u00e5verkar vilket betyg och omd\u00f6me de f\u00e5r \u2013 genom hur de anv\u00e4nder sin tid p\u00e5 lektionerna. Jag str\u00e4var efter att ge alla elever f\u00f6ruts\u00e4ttningar att lyckas, och vi pratar ofta om hur vi l\u00e4r oss, inte bara vad vi l\u00e4r oss.<\/p>\n\n\n\n<h3 class=\"wp-block-heading\">Vad betyder &#8221;modig kultur&#8221; f\u00f6r dig som pedagog? Och hur jobbar du f\u00f6r att fr\u00e4mja det?<\/h3>\n\n\n\n<p>F\u00f6r mig handlar modigt l\u00e4rande om att skapa ett klassrumsklimat d\u00e4r eleverna v\u00e5gar misslyckas och d\u00e4r \u00e4ven jag som l\u00e4rare v\u00e5gar prova nya saker och g\u00f6ra misstag. Jag f\u00f6rs\u00f6ker synligg\u00f6ra f\u00f6r eleverna att de \u00e4r i skolan f\u00f6r att l\u00e4ra sig \u2013 och att det \u00e4r helt okej att g\u00f6ra fel. Eleverna \u00e4r inte h\u00e4r f\u00f6r att de redan kan allt. N\u00e4r n\u00e5gon svarar fel p\u00e5 en fr\u00e5ga uppmuntrar jag och st\u00e4ller f\u00f6ljdfr\u00e5gor, s\u00e5 att misstag blir en naturlig och viktig del av l\u00e4randeprocessen.<\/p>\n\n\n\n\t<style>\n\t\t.inner {\n\n\t\t\tmargin: 0 auto;\n\n\n\t\t}\n\t<\/style>\n\t<div\n\t\t class=\"container images-module\" >\n\t\t<div class=\"row images_module__slideshow\">\n\n\t\t\t<div\n\t\t\t\t\tclass=\"col-md-12 p-0 position-relative images_module__slideshow images_module__slideshow-container  \">\n\t\t\t\t<div class=\"images_module__slide\" data-slide=\"\"\n\t\t\t\t\t data-duration=\"\"><\/div>\n\t\t\t\t\t\t\t\t\t<div\n\t\t\t\t\t\t class=\"images_module__slides\n\n\t\t\t\t\t   \"\n\t\t\t\t\t>\n\n\t\t\t\t\t\t<div class=\"images__wrapper\" style=\"aspect-ratio: 851 \/ 851;\">\n\t\t\t\t\t\t\t<img decoding=\"async\" width=\"315\" height=\"449\" src=\"https:\/\/vittra.se\/wp-content\/uploads\/sites\/6\/2025\/10\/joakim-ytterberg-1-e1761656693647.jpg\" class=\"images__image_ratio  \" alt=\"Portr\u00e4ttbild\" style=\"aspect-ratio: 851 \/ 851;object-position: center center;\" srcset=\"https:\/\/vittra.se\/wp-content\/uploads\/sites\/6\/2025\/10\/joakim-ytterberg-1-e1761656693647.jpg 315w, https:\/\/vittra.se\/wp-content\/uploads\/sites\/6\/2025\/10\/joakim-ytterberg-1-e1761656693647-300x428.jpg 300w\" sizes=\"(max-width: 315px) 100vw, 315px\" \/>\t\t\t\t\t\t<\/div>\n\t\t\t\t\t\t\n\n\t\t\t\t\t\t\n\n\t\t\t\t\t\t\t<div\n\t\t\t\t\t\t\t\t class=\"\">\n\t\t\t\t\t\t\t\t<div\n\t\t\t\t\t\t\t\t\t class=\"\n\t\t\t\t\t\t\t\t\t images_module__descriptive_text_free\t\t\t\t\t\t\t\t\t\t\t\t\t\t\t\t\t\t\t\">\n\n\n\t\t\t\t\t\t\t\t\t\n\t\t\t\t\t\t\t\t\t<div\n\t\t\t\t\t\t\t\t\t\t class=\"images_module__descriptive_text_outer \">\n\t\t\t\t\t\t\t\t\t\t<div\n\t\t\t\t\t\t\t\t\t\t\t class=\"images_module__full_descriptive_text_inner-wrap\n\t\t\t\t\t\t\t\t\t\t\t\t\t\t\">\n\n\t\t\t\t\t\t\t\t\t\t\t\t\t\t\t\t\t\t\t\t\t\t<div class=\"images_module__descriptive_text_inner\">\n\t\t\t\t\t\t\t\t\t\t\t\t<div\n\t\t\t\t\t\t\t\t\t\t\t\t\t class=\"images_module__descriptive_text_fitt_text site__body_text-5\">\n\t\t\t\t\t\t\t\t\t\t\t\t\t<i> <\/i>\n\t\t\t\t\t\t\t\t\t\t\t\t<\/div>\n\t\t\t\t\t\t\t\t\t\t\t<\/div>\n\t\t\t\t\t\t\t\t\t\t\t\n\t\t\t\t\t\t\t\t\t\t\t\t\t\t\t\t\t\t\t\t\t\t<div class=\"images_module__descriptive_text_navigation d-none d-md-block ml-3 \">\n\t\t\t\t\t\t\t\t\t\t\t\t\t\t\t\t\t\t\t\t\t\t\t<\/div>\n\t\t\t\t\t\t\t\t\t\t\t\t\t\t\t\t\t\t\t\t\t<\/div>\n\t\t\t\t\t\t\t\t\t<\/div>\n\t\t\t\t\t\t\t\t\t\n\t\t\t\t\t\t\t\t<\/div>\n\n\t\t\t\t\t\t\t<\/div>\n\n\t\t\t\t\t\t\t\t\t\t\t<\/div>\n\t\t\t\t\n\t\t\t\t<div class=\"images_module__container_dot\">\n\t\t\t\t\t<div style=\"text-align:center\">\n\n\n\t\t\t\t\t\t\t\t\t\t\t\t\t<span   data-i=\"0\"\n\t\t\t\t\t\t\t\t  class=\"\n\t\t\t\t\t\t\timages_module__dot\n\t\t\t\t\t\t\t\t\t\t\t\t\t\t\"\n\t\t\t\t\t\t\t><\/span>\n\t\t\t\t\t\t\t\t\t\t\t<\/div>\n\t\t\t\t<\/div>\n\n\n\t\t\t<\/div>\n\t\t<\/div>\n\t<\/div>\n\n\t\n\n\n<script>\n\tvar images_display_descriptive_text = \"1\";\n<\/script>\n\n\n\n<h2 class=\"wp-block-heading\"><em>Alexandra Roup\u00e9<\/em> &#8211; L\u00e4rare i Svenska, \u00e5k 7-9<\/h2>\n\n\n\n<h3 class=\"wp-block-heading\">Vilken Vittraf\u00f6rm\u00e5ga brukar engagera eleverna mest, och varf\u00f6r tror du att det \u00e4r s\u00e5?<\/h3>\n\n\n\n<p>Eleverna engageras mest f\u00f6r &#8221;planera och utv\u00e4rdera&#8221; eftersom det ger dem m\u00f6jlighet att ta ansvar f\u00f6r sitt eget l\u00e4rande och se sin utveckling \u00f6ver tid. N\u00e4r eleverna f\u00f6rst\u00e5r att de sj\u00e4lva kan planera sin arbetsprocess minskar stressen som de annars kan k\u00e4nna. N\u00e4r de kommer till seniorerna, i \u00e5rskurs 7, bygger de en grund som ger dem kontroll \u00f6ver sin tid och motivation att forts\u00e4tta k\u00e4mpa. Vissa perioder \u00e4r tuffare \u00e4n andra, men n\u00e4r de l\u00e4r sig att strukturera upp sitt skolarbete ser de en koppling mellan planering och resultat.<\/p>\n\n\n\n<h3 class=\"wp-block-heading\">Vad \u00e4r det b\u00e4sta med att jobba p\u00e5 h\u00f6gstadiet?<\/h3>\n\n\n\n<p>Det b\u00e4sta med att arbeta p\u00e5 h\u00f6gstadiet \u00e4r att f\u00e5 f\u00f6lja eleverna n\u00e4r de utvecklas snabbt (under ton\u00e5ren), b\u00e5de socialt och kunskapsm\u00e4ssigt. Jag f\u00e5r m\u00f6jligheten att utmana dem intellektuellt, samtidigt som jag st\u00f6ttar deras personliga utveckling. H\u00f6gstadiet \u00e4r en tid n\u00e4r de utvecklas b\u00e5de som individ och blir mer sj\u00e4lvst\u00e4ndiga, vilket \u00e4r en v\u00e4ldigt h\u00e4rlig och givande tid att f\u00e5 vara en del av.<\/p>\n\n\n\n<h3 class=\"wp-block-heading\">Vad hoppas du att eleverna tar med sig efter sin tid p\u00e5 Vittra?<\/h3>\n\n\n\n<p>Jag hoppas eleverna tar med sig sj\u00e4lvf\u00f6rtroende i sitt l\u00e4rande, nyfikenhet och f\u00f6rm\u00e5gan att samarbeta. Att de tar med sig att v\u00e5ga vara kreativa, st\u00e4lla fr\u00e5gor och se sin egen f\u00f6rm\u00e5ga p\u00e5 ett dynamiskt s\u00e4tt. Jag hoppas de tror p\u00e5 sig sj\u00e4lva och sin f\u00f6rm\u00e5ga att lyckas med precis vad som helst.<\/p>\n\n\n\n<h3 class=\"wp-block-heading\">Vad betyder &#8221;modig kultur&#8221; f\u00f6r dig som pedagog? Och hur jobbar du f\u00f6r att fr\u00e4mja det?<\/h3>\n\n\n\n<p>F\u00f6r mig betyder modig kultur att skapa en milj\u00f6 d\u00e4r man kan vara nyfiken, st\u00e4lla fr\u00e5gor och komma med nya id\u00e9er och perspektiv. Det inneb\u00e4r att v\u00e5ga g\u00f6ra misstag och l\u00e4ra sig av dem utan att vara r\u00e4dd f\u00f6r kritik. Genom att uppmuntra elevdelaktighet, kreativt t\u00e4nkande och genom att sj\u00e4lv visa mod genom att testa nya saker fr\u00e4mjar jag en modig kultur. Att \u00f6ppet visa att \u00e4ven jag \u00e4r m\u00e4nsklig bidrar till att skapa en modig kultur p\u00e5 skolan.<\/p>\n\n\n\n\t<style>\n\t\t.inner {\n\n\t\t\tmargin: 0 auto;\n\n\n\t\t}\n\t<\/style>\n\t<div\n\t\t class=\"container images-module\" >\n\t\t<div class=\"row images_module__slideshow\">\n\n\t\t\t<div\n\t\t\t\t\tclass=\"col-md-12 p-0 position-relative images_module__slideshow images_module__slideshow-container  \">\n\t\t\t\t<div class=\"images_module__slide\" data-slide=\"\"\n\t\t\t\t\t data-duration=\"\"><\/div>\n\t\t\t\t\t\t\t\t\t<div\n\t\t\t\t\t\t class=\"images_module__slides\n\n\t\t\t\t\t   \"\n\t\t\t\t\t>\n\n\t\t\t\t\t\t<div class=\"images__wrapper\" style=\"aspect-ratio: 851 \/ 851;\">\n\t\t\t\t\t\t\t<img decoding=\"async\" width=\"374\" height=\"526\" src=\"https:\/\/vittra.se\/wp-content\/uploads\/sites\/6\/2025\/10\/alexandra-roupe-1-e1761657067639.jpg\" class=\"images__image_ratio  \" alt=\"Portr\u00e4ttbild\" style=\"aspect-ratio: 851 \/ 851;object-position: center center;\" srcset=\"https:\/\/vittra.se\/wp-content\/uploads\/sites\/6\/2025\/10\/alexandra-roupe-1-e1761657067639.jpg 374w, https:\/\/vittra.se\/wp-content\/uploads\/sites\/6\/2025\/10\/alexandra-roupe-1-e1761657067639-300x422.jpg 300w\" sizes=\"(max-width: 374px) 100vw, 374px\" \/>\t\t\t\t\t\t<\/div>\n\t\t\t\t\t\t\n\n\t\t\t\t\t\t\t\t\t\t\t<\/div>\n\t\t\t\t\n\t\t\t\t<div class=\"images_module__container_dot\">\n\t\t\t\t\t<div style=\"text-align:center\">\n\n\n\t\t\t\t\t\t\t\t\t\t\t\t\t<span   data-i=\"0\"\n\t\t\t\t\t\t\t\t  class=\"\n\t\t\t\t\t\t\timages_module__dot\n\t\t\t\t\t\t\t\t\t\t\t\t\t\t\"\n\t\t\t\t\t\t\t><\/span>\n\t\t\t\t\t\t\t\t\t\t\t<\/div>\n\t\t\t\t<\/div>\n\n\n\t\t\t<\/div>\n\t\t<\/div>\n\t<\/div>\n\n\t\n\n\n<script>\n\tvar images_display_descriptive_text = \"\";\n<\/script>\n<\/div>\n","protected":false},"template":"","article_category":[4,75],"yoast_head":"<!-- This site is optimized with the Yoast SEO plugin v22.0 - https:\/\/yoast.com\/wordpress\/plugins\/seo\/ -->\n<title>L\u00e4r k\u00e4nna v\u00e5ra pedagoger | Vittra Fr\u00f6sunda<\/title>\n<meta name=\"description\" content=\"L\u00e4r k\u00e4nna v\u00e5ra pedagoger och l\u00e4rare p\u00e5 Vittra Fr\u00f6sunda! Vad motiverar dem mest och hur uppmuntrar de till nyfikenhet och kreativitet?\" \/>\n<meta name=\"robots\" content=\"index, follow, max-snippet:-1, max-image-preview:large, max-video-preview:-1\" \/>\n<link rel=\"canonical\" href=\"https:\/\/vittra.se\/frosunda\/artikel\/pedagoger\/\" \/>\n<meta property=\"og:locale\" content=\"sv_SE\" \/>\n<meta property=\"og:type\" content=\"article\" \/>\n<meta property=\"og:title\" content=\"L\u00e4r k\u00e4nna v\u00e5ra pedagoger | Vittra Fr\u00f6sunda\" \/>\n<meta property=\"og:description\" content=\"L\u00e4r k\u00e4nna v\u00e5ra pedagoger och l\u00e4rare p\u00e5 Vittra Fr\u00f6sunda! Vad motiverar dem mest och hur uppmuntrar de till nyfikenhet och kreativitet?\" \/>\n<meta property=\"og:url\" content=\"https:\/\/vittra.se\/frosunda\/artikel\/pedagoger\/\" \/>\n<meta property=\"og:site_name\" content=\"Fr\u00f6sunda\" \/>\n<meta property=\"article:modified_time\" content=\"2025-12-03T15:00:25+00:00\" \/>\n<meta name=\"twitter:card\" content=\"summary_large_image\" \/>\n<meta name=\"twitter:title\" content=\"L\u00e4r k\u00e4nna v\u00e5ra pedagoger | Vittra Fr\u00f6sunda\" \/>\n<meta name=\"twitter:description\" content=\"L\u00e4r k\u00e4nna v\u00e5ra pedagoger och l\u00e4rare p\u00e5 Vittra Fr\u00f6sunda! Vad motiverar dem mest och hur uppmuntrar de till nyfikenhet och kreativitet?\" \/>\n<meta name=\"twitter:image\" content=\"https:\/\/vittra.se\/wp-content\/uploads\/sites\/6\/2025\/10\/niklas-jonasson-1-e1761656237156.jpg\" \/>\n<meta name=\"twitter:label1\" content=\"Ber\u00e4knad l\u00e4stid\" \/>\n\t<meta name=\"twitter:data1\" content=\"6 minuter\" \/>\n<script type=\"application\/ld+json\" class=\"yoast-schema-graph\">{\"@context\":\"https:\/\/schema.org\",\"@graph\":[{\"@type\":\"WebPage\",\"@id\":\"https:\/\/vittra.se\/frosunda\/artikel\/pedagoger\/\",\"url\":\"https:\/\/vittra.se\/frosunda\/artikel\/pedagoger\/\",\"name\":\"L\u00e4r k\u00e4nna v\u00e5ra pedagoger | Vittra Fr\u00f6sunda\",\"isPartOf\":{\"@id\":\"https:\/\/vittra.se\/frosunda\/#website\"},\"datePublished\":\"2025-11-26T10:23:06+00:00\",\"dateModified\":\"2025-12-03T15:00:25+00:00\",\"description\":\"L\u00e4r k\u00e4nna v\u00e5ra pedagoger och l\u00e4rare p\u00e5 Vittra Fr\u00f6sunda! Vad motiverar dem mest och hur uppmuntrar de till nyfikenhet och kreativitet?\",\"breadcrumb\":{\"@id\":\"https:\/\/vittra.se\/frosunda\/artikel\/pedagoger\/#breadcrumb\"},\"inLanguage\":\"sv-SE\",\"potentialAction\":[{\"@type\":\"ReadAction\",\"target\":[\"https:\/\/vittra.se\/frosunda\/artikel\/pedagoger\/\"]}]},{\"@type\":\"BreadcrumbList\",\"@id\":\"https:\/\/vittra.se\/frosunda\/artikel\/pedagoger\/#breadcrumb\",\"itemListElement\":[{\"@type\":\"ListItem\",\"position\":1,\"name\":\"Start\",\"item\":\"https:\/\/vittra.se\/frosunda\"},{\"@type\":\"ListItem\",\"position\":2,\"name\":\"Artikel\"}]},{\"@type\":\"WebSite\",\"@id\":\"https:\/\/vittra.se\/frosunda\/#website\",\"url\":\"https:\/\/vittra.se\/frosunda\/\",\"name\":\"Fr\u00f6sunda\",\"description\":\"Kunskap att f\u00f6r\u00e4ndra. Mod att p\u00e5verka.\",\"potentialAction\":[{\"@type\":\"SearchAction\",\"target\":{\"@type\":\"EntryPoint\",\"urlTemplate\":\"https:\/\/vittra.se\/frosunda\/?s={search_term_string}\"},\"query-input\":\"required name=search_term_string\"}],\"inLanguage\":\"sv-SE\"}]}<\/script>\n<!-- \/ Yoast SEO plugin. -->","yoast_head_json":{"title":"L\u00e4r k\u00e4nna v\u00e5ra pedagoger | Vittra Fr\u00f6sunda","description":"L\u00e4r k\u00e4nna v\u00e5ra pedagoger och l\u00e4rare p\u00e5 Vittra Fr\u00f6sunda! Vad motiverar dem mest och hur uppmuntrar de till nyfikenhet och kreativitet?","robots":{"index":"index","follow":"follow","max-snippet":"max-snippet:-1","max-image-preview":"max-image-preview:large","max-video-preview":"max-video-preview:-1"},"canonical":"https:\/\/vittra.se\/frosunda\/artikel\/pedagoger\/","og_locale":"sv_SE","og_type":"article","og_title":"L\u00e4r k\u00e4nna v\u00e5ra pedagoger | Vittra Fr\u00f6sunda","og_description":"L\u00e4r k\u00e4nna v\u00e5ra pedagoger och l\u00e4rare p\u00e5 Vittra Fr\u00f6sunda! Vad motiverar dem mest och hur uppmuntrar de till nyfikenhet och kreativitet?","og_url":"https:\/\/vittra.se\/frosunda\/artikel\/pedagoger\/","og_site_name":"Fr\u00f6sunda","article_modified_time":"2025-12-03T15:00:25+00:00","twitter_card":"summary_large_image","twitter_title":"L\u00e4r k\u00e4nna v\u00e5ra pedagoger | Vittra Fr\u00f6sunda","twitter_description":"L\u00e4r k\u00e4nna v\u00e5ra pedagoger och l\u00e4rare p\u00e5 Vittra Fr\u00f6sunda! Vad motiverar dem mest och hur uppmuntrar de till nyfikenhet och kreativitet?","twitter_image":"https:\/\/vittra.se\/wp-content\/uploads\/sites\/6\/2025\/10\/niklas-jonasson-1-e1761656237156.jpg","twitter_misc":{"Ber\u00e4knad l\u00e4stid":"6 minuter"},"schema":{"@context":"https:\/\/schema.org","@graph":[{"@type":"WebPage","@id":"https:\/\/vittra.se\/frosunda\/artikel\/pedagoger\/","url":"https:\/\/vittra.se\/frosunda\/artikel\/pedagoger\/","name":"L\u00e4r k\u00e4nna v\u00e5ra pedagoger | Vittra Fr\u00f6sunda","isPartOf":{"@id":"https:\/\/vittra.se\/frosunda\/#website"},"datePublished":"2025-11-26T10:23:06+00:00","dateModified":"2025-12-03T15:00:25+00:00","description":"L\u00e4r k\u00e4nna v\u00e5ra pedagoger och l\u00e4rare p\u00e5 Vittra Fr\u00f6sunda! Vad motiverar dem mest och hur uppmuntrar de till nyfikenhet och kreativitet?","breadcrumb":{"@id":"https:\/\/vittra.se\/frosunda\/artikel\/pedagoger\/#breadcrumb"},"inLanguage":"sv-SE","potentialAction":[{"@type":"ReadAction","target":["https:\/\/vittra.se\/frosunda\/artikel\/pedagoger\/"]}]},{"@type":"BreadcrumbList","@id":"https:\/\/vittra.se\/frosunda\/artikel\/pedagoger\/#breadcrumb","itemListElement":[{"@type":"ListItem","position":1,"name":"Start","item":"https:\/\/vittra.se\/frosunda"},{"@type":"ListItem","position":2,"name":"Artikel"}]},{"@type":"WebSite","@id":"https:\/\/vittra.se\/frosunda\/#website","url":"https:\/\/vittra.se\/frosunda\/","name":"Fr\u00f6sunda","description":"Kunskap att f\u00f6r\u00e4ndra. Mod att p\u00e5verka.","potentialAction":[{"@type":"SearchAction","target":{"@type":"EntryPoint","urlTemplate":"https:\/\/vittra.se\/frosunda\/?s={search_term_string}"},"query-input":"required name=search_term_string"}],"inLanguage":"sv-SE"}]}},"_links":{"self":[{"href":"https:\/\/vittra.se\/frosunda\/wp-json\/wp\/v2\/article\/1377"}],"collection":[{"href":"https:\/\/vittra.se\/frosunda\/wp-json\/wp\/v2\/article"}],"about":[{"href":"https:\/\/vittra.se\/frosunda\/wp-json\/wp\/v2\/types\/article"}],"wp:attachment":[{"href":"https:\/\/vittra.se\/frosunda\/wp-json\/wp\/v2\/media?parent=1377"}],"wp:term":[{"taxonomy":"article_category","embeddable":true,"href":"https:\/\/vittra.se\/frosunda\/wp-json\/wp\/v2\/article_category?post=1377"}],"curies":[{"name":"wp","href":"https:\/\/api.w.org\/{rel}","templated":true}]}}