{"id":1326,"date":"2025-06-09T15:46:16","date_gmt":"2025-06-09T13:46:16","guid":{"rendered":"https:\/\/vittra.se\/frosunda\/?post_type=article&#038;p=1326"},"modified":"2025-12-08T13:33:20","modified_gmt":"2025-12-08T12:33:20","slug":"vittra-frosundas-forsta-erasmusutbyte-vaga-res-lar-vax","status":"publish","type":"article","link":"https:\/\/vittra.se\/frosunda\/artikel\/vittra-frosundas-forsta-erasmusutbyte-vaga-res-lar-vax\/","title":{"rendered":"Vittra Fr\u00f6sundas f\u00f6rsta Erasmus+utbyte \u201cV\u00e5ga \u2013 res, l\u00e4r, v\u00e4x\u201d"},"content":{"rendered":"\n<div class=\"wp-block-group is-layout-constrained wp-container-core-group-layout-1 wp-block-group-is-layout-constrained\">\n<h1 class=\"wp-block-heading\"><strong>Vittra Fr\u00f6sundas f\u00f6rsta Erasmus+utbyte \u201cV\u00e5ga \u2013 res, l\u00e4r, v\u00e4x\u201d<\/strong><\/h1>\n\n\n\n<p   class=\"site__ingress container text-left  site__text-color--dark  site__free_text--ingress p-0\">\n\tI \u00e5r har v\u00e5ra elever och l\u00e4rare genomf\u00f6rt ett Erasmus+utbyte med skolor i Portugal och Spanien. Vi har f\u00e5tt mersmak och rekommenderar alla att v\u00e5ga \u00e5ka iv\u00e4g!<\/p>\n\n\n\n\n\t<div\n\t\t class=\"module_wrapper container-fluid images-module\" >\n\t\t<div class=\"row\">\n\t\t\t<div\n\t\t\t\t\tclass=\"col-12 m-0 p-0 position-relative images_module__slideshow images_module__slideshow-container module-expand \">\n\n\t\t\t\t<div class=\"images_module__slide \" data-slide=\"\"\n\t\t\t\t\t data-duration=\"\"><\/div>\n\t\t\t\t\t\t\t\t\t<div\n\t\t\t\t\t\t class=\"images_module__slides \">\n\n\n\t\t\t\t\t\t<div class=\"images__wrapper\"\n\t\t\t\t\t\t\t style=\"aspect-ratio: 1200 \/ 531;\">\n\t\t\t\t\t\t\t<img decoding=\"async\" width=\"903\" height=\"669\" src=\"https:\/\/vittra.se\/wp-content\/uploads\/sites\/6\/2025\/06\/vittra-frosunda.png\" class=\"images__image_ratio  \" alt=\"Elev kollar p\u00e5 bilder upph\u00e4ngda p\u00e5 en v\u00e4gg.\" style=\"aspect-ratio: 1200 \/ 531;object-position: center center;\" srcset=\"https:\/\/vittra.se\/wp-content\/uploads\/sites\/6\/2025\/06\/vittra-frosunda.png 903w, https:\/\/vittra.se\/wp-content\/uploads\/sites\/6\/2025\/06\/vittra-frosunda-300x222.png 300w, https:\/\/vittra.se\/wp-content\/uploads\/sites\/6\/2025\/06\/vittra-frosunda-400x296.png 400w, https:\/\/vittra.se\/wp-content\/uploads\/sites\/6\/2025\/06\/vittra-frosunda-600x445.png 600w, https:\/\/vittra.se\/wp-content\/uploads\/sites\/6\/2025\/06\/vittra-frosunda-800x593.png 800w\" sizes=\"(max-width: 903px) 100vw, 903px\" \/>\t\t\t\t\t\t<\/div>\n\n\t\t\t\t\t\t\n\t\t\t\t\t\t\t\t\t\t\t<\/div>\n\t\t\t\t\n\t\t\t\t<div class=\"images_module__container_dot \">\n\t\t\t\t\t<div style=\"text-align:center\">\n\t\t\t\t\t\t\t\t\t\t\t\t\t<span   data-i=\"0\"\n\t\t\t\t\t\t\t\t  class=\"images_module__dot\n\t\t\t\t\t\t\t\t\t\t\t\t\t  \"><\/span>\n\t\t\t\t\t\t\t\t\t\t\t<\/div>\n\t\t\t\t<\/div>\n\n\t\t\t<\/div>\n\t\t<\/div>\n\t<\/div>\n\n\n\t\n\n\n<script>\n\tvar images_display_descriptive_text = \"\";\n<\/script>\n\n\n\n<div style=\"height:37px\" aria-hidden=\"true\" class=\"wp-block-spacer\"><\/div>\n\n\n\n<p>Under l\u00e4s\u00e5ret har v\u00e5r skola deltagit i ett s\u00e5 kallat triangelutbyte, d\u00e4r tre skolor fr\u00e5n Sverige, Portugal och Spanien samarbetat. F\u00f6rst reste v\u00e5ra l\u00e4rare till Portugal f\u00f6r att etablera kontakt, planera uppl\u00e4gget och jobbskugga. D\u00e4refter f\u00f6ljde tv\u00e5 elevresor, en till Mallorca och en till Portugal, och sedan var det dags att v\u00e4lkomna de spanska och portugisiska eleverna till oss i Sverige. L\u00e4rare fr\u00e5n Mallorca och Sicilien har ocks\u00e5 bes\u00f6kt skolan f\u00f6r att jobbskugga.&nbsp;<\/p>\n\n\n\n<h2 class=\"wp-block-heading\"><strong>\u201dJag k\u00e4nner tacksamhet efter resan\u201d&nbsp;<\/strong><\/h2>\n\n\n\n<p>Temat f\u00f6r utbytet var vatten. I b\u00e5de Portugal och Spanien r\u00e5der vattenbrist och eleverna fick, med hj\u00e4lp av studiebes\u00f6k, f\u00f6rel\u00e4sningar och projekt, l\u00e4ra sig om problematiken och riskerna med v\u00e5r nuvarande vattenanv\u00e4ndning. Samtidigt fick de uppleva vardagen i en annan kultur, bo i v\u00e4rdfamiljer och kommunicera p\u00e5 flera spr\u00e5k. F\u00f6r m\u00e5nga elever blev resan en \u00f6gon\u00f6ppnare. Thea g\u00e5r p\u00e5 h\u00f6gstadiet och ber\u00e4ttar om hur hon upplevde sin resa till Spanien.<\/p>\n\n\n\n<p>&nbsp;&#8211; N\u00e4r jag var i Spanien tog v\u00e4rdfamiljens vatten slut. Jag fick g\u00e5 p\u00e5 toa p\u00e5 en potta. Det var en chock, men ocks\u00e5 en l\u00e4rdom. Jag har blivit mer tacksam f\u00f6r hur vi har det hemma, och jag har l\u00e4rt mig att s\u00e4tta min in i andras perspektiv och anpassa mig till andra, s\u00e4ger hon.&nbsp;<\/p>\n\n\n\n<p>I v\u00e4rdfamiljerna fick eleverna tr\u00e4na p\u00e5 att kommunicera, visa h\u00e4nsyn och hantera vardagssituationer i en ny milj\u00f6. M\u00e5nga har knutit v\u00e4nskapsband och redan b\u00f6rjat planera f\u00f6r att tr\u00e4ffas igen.&nbsp;<\/p>\n\n\n\n<p>&nbsp;&#8211; Vi hade v\u00e4ldigt sp\u00e4nnande samtal vid middagsbordet och jag hoppas kunna h\u00e4lsa p\u00e5 dem igen i framtiden. Min v\u00e4rdfamilj har sagt att jag \u00e4r v\u00e4lkommen att bes\u00f6ka dem i sommar, och min familj har sagt att de g\u00e4rna f\u00e5r komma till oss i vinter. N\u00e4r tjejen som bes\u00f6kte min familj kom till Sverige var det +7 grader och hon hade aldrig upplevt s\u00e5dan kyla, fast att det var i maj. Hon hade aldrig sett sn\u00f6 heller, s\u00e5 det hade varit roligt att kunna visa n\u00e5gon g\u00e5ng, s\u00e4ger Thea.&nbsp;<\/p>\n\n\n\n<h2 class=\"wp-block-heading\"><strong>Eleverna st\u00e4lldes inf\u00f6r nya utmaningar&nbsp;<\/strong><\/h2>\n\n\n\n<p>Ramon Chamorro, l\u00e4rare, och Ulrika Rydsheim, rektor, ber\u00e4ttar att eleverna v\u00e4xte mycket p\u00e5 ett personligt plan under resorna. De som vanligtvis tar mycket plats i klassrummet var inte alltid de som tog ledarrollen i det nya sammanhanget, och tv\u00e4rtom. Elever som annars \u00e4r ganska tystl\u00e5tna klev fram, tog ansvar och visade stor mognad.<\/p>\n\n\n\n<p>&nbsp;&#8211; Det var fantastiskt att se hur eleverna utvecklades. De fick l\u00f6sa problem som de inte har st\u00e4llts inf\u00f6r tidigare, fick nya perspektiv och blev mer medvetna om sin omv\u00e4rld. Det \u00e4r fantastiskt att h\u00f6ra hur eleverna har spridit sin entusiasm till eleverna i yngre \u00e5rskurser, s\u00e4ger Ramon Chamorro.&nbsp;<\/p>\n\n\n\n<h2 class=\"wp-block-heading\"><strong>Alla fick erbjudande om att \u00e5ka<\/strong><\/h2>\n\n\n\n<p>Vi har valt att g\u00f6ra Erasmusutbytet tillg\u00e4ngligt f\u00f6r alla elever. Skolan har arbetat aktivt f\u00f6r att s\u00e4nka tr\u00f6sklarna och hitta l\u00f6sningar s\u00e5 att alla som vill ska kunna delta.<\/p>\n\n\n\n<p>&#8211; Det \u00e4r ofta de elever som har det tufft i skolan som har mest att vinna p\u00e5 att f\u00e5 komma ut och se n\u00e5got annat. Vi ville inte att till exempel boendesituation eller betyg skulle st\u00e5 i v\u00e4gen, s\u00e4ger Ulrika Rydsheim, rektor.<\/p>\n\n\n\n<p>Thea, Ulrika och Ramon rekommenderar alla att \u00e5ka iv\u00e4g p\u00e5 utbyten.&nbsp;<\/p>\n\n\n\n<p>&#8211; Att \u00e5ka p\u00e5 utbyte \u00e4r ett stort steg f\u00f6r m\u00e5nga elever och de \u00e4r modiga som \u00e5ker med. P\u00e5 samma s\u00e4tt beh\u00f6ver vi vuxna vara modiga och prova oss fram i arbetet med internationella utbyten. \u00c4ven om det kan vara mycket att s\u00e4tta sig in i till en b\u00f6rjan, s\u00e5 har det verkligen varit v\u00e4rt det, s\u00e4ger Ramon.&nbsp;<\/p>\n\n\n\n<h2 class=\"wp-block-heading\"><strong>Tips till andra som vill prova<\/strong><\/h2>\n\n\n\n<ul>\n<li>Se till att ledningen p\u00e5 skolan prioriterar utbyten genom att avs\u00e4tta tid, resurser och engagemang.&nbsp;<\/li>\n\n\n\n<li>Ta fram en l\u00e5ngsiktig plan f\u00f6r utbyten kopplat till skolans m\u00e5l och utvecklingsomr\u00e5den. Tydliga syften, tidsplan, ansvarsf\u00f6rdelning och uppf\u00f6ljning \u00e4r avg\u00f6rande.<\/li>\n\n\n\n<li>F\u00f6rankra i hela personalgruppen f\u00f6r f\u00f6rst\u00e5else och delaktighet<\/li>\n\n\n\n<li>Se till att ha en tydlig koppling till undervisning och l\u00e4rande. Projektet b\u00f6r bidra till konkret skolutveckling, till exempel genom nya metoder, internationalisering i undervisningen eller kompetensh\u00f6jning.<\/li>\n\n\n\n<li>F\u00f6rberedelser p\u00e5 plats \u00e4r avg\u00f6rande, och reflektion och erfarenhetsutbyte efter mobiliteten st\u00e4rker l\u00e4randet.<\/li>\n<\/ul>\n<\/div>\n","protected":false},"template":"","article_category":[4,17],"yoast_head":"<!-- This site is optimized with the Yoast SEO plugin v22.0 - https:\/\/yoast.com\/wordpress\/plugins\/seo\/ -->\n<title>Fr\u00f6sunda<\/title>\n<meta name=\"robots\" content=\"index, follow, max-snippet:-1, max-image-preview:large, max-video-preview:-1\" \/>\n<link rel=\"canonical\" href=\"https:\/\/vittra.se\/frosunda\/artikel\/vittra-frosundas-forsta-erasmusutbyte-vaga-res-lar-vax\/\" \/>\n<meta property=\"og:locale\" content=\"sv_SE\" \/>\n<meta property=\"og:type\" content=\"article\" \/>\n<meta property=\"og:url\" content=\"https:\/\/vittra.se\/frosunda\/artikel\/vittra-frosundas-forsta-erasmusutbyte-vaga-res-lar-vax\/\" \/>\n<meta property=\"og:site_name\" content=\"Fr\u00f6sunda\" \/>\n<meta property=\"article:modified_time\" content=\"2025-12-08T12:33:20+00:00\" \/>\n<meta name=\"twitter:card\" content=\"summary_large_image\" \/>\n<meta name=\"twitter:image\" content=\"https:\/\/vittra.se\/wp-content\/uploads\/sites\/6\/2025\/06\/vittra-frosunda-903x630.png\" \/>\n<meta name=\"twitter:label1\" content=\"Ber\u00e4knad l\u00e4stid\" \/>\n\t<meta name=\"twitter:data1\" content=\"4 minuter\" \/>\n<script type=\"application\/ld+json\" class=\"yoast-schema-graph\">{\"@context\":\"https:\/\/schema.org\",\"@graph\":[{\"@type\":\"WebPage\",\"@id\":\"https:\/\/vittra.se\/frosunda\/artikel\/vittra-frosundas-forsta-erasmusutbyte-vaga-res-lar-vax\/\",\"url\":\"https:\/\/vittra.se\/frosunda\/artikel\/vittra-frosundas-forsta-erasmusutbyte-vaga-res-lar-vax\/\",\"name\":\"Vittra Fr\u00f6sundas f\u00f6rsta Erasmus+utbyte \u201cV\u00e5ga \u2013 res, l\u00e4r, v\u00e4x\u201d - Fr\u00f6sunda\",\"isPartOf\":{\"@id\":\"https:\/\/vittra.se\/frosunda\/#website\"},\"datePublished\":\"2025-06-09T13:46:16+00:00\",\"dateModified\":\"2025-12-08T12:33:20+00:00\",\"breadcrumb\":{\"@id\":\"https:\/\/vittra.se\/frosunda\/artikel\/vittra-frosundas-forsta-erasmusutbyte-vaga-res-lar-vax\/#breadcrumb\"},\"inLanguage\":\"sv-SE\",\"potentialAction\":[{\"@type\":\"ReadAction\",\"target\":[\"https:\/\/vittra.se\/frosunda\/artikel\/vittra-frosundas-forsta-erasmusutbyte-vaga-res-lar-vax\/\"]}]},{\"@type\":\"BreadcrumbList\",\"@id\":\"https:\/\/vittra.se\/frosunda\/artikel\/vittra-frosundas-forsta-erasmusutbyte-vaga-res-lar-vax\/#breadcrumb\",\"itemListElement\":[{\"@type\":\"ListItem\",\"position\":1,\"name\":\"Start\",\"item\":\"https:\/\/vittra.se\/frosunda\"},{\"@type\":\"ListItem\",\"position\":2,\"name\":\"Artikel\"}]},{\"@type\":\"WebSite\",\"@id\":\"https:\/\/vittra.se\/frosunda\/#website\",\"url\":\"https:\/\/vittra.se\/frosunda\/\",\"name\":\"Fr\u00f6sunda\",\"description\":\"Kunskap att f\u00f6r\u00e4ndra. Mod att p\u00e5verka.\",\"potentialAction\":[{\"@type\":\"SearchAction\",\"target\":{\"@type\":\"EntryPoint\",\"urlTemplate\":\"https:\/\/vittra.se\/frosunda\/?s={search_term_string}\"},\"query-input\":\"required name=search_term_string\"}],\"inLanguage\":\"sv-SE\"}]}<\/script>\n<!-- \/ Yoast SEO plugin. -->","yoast_head_json":{"title":"Fr\u00f6sunda","robots":{"index":"index","follow":"follow","max-snippet":"max-snippet:-1","max-image-preview":"max-image-preview:large","max-video-preview":"max-video-preview:-1"},"canonical":"https:\/\/vittra.se\/frosunda\/artikel\/vittra-frosundas-forsta-erasmusutbyte-vaga-res-lar-vax\/","og_locale":"sv_SE","og_type":"article","og_url":"https:\/\/vittra.se\/frosunda\/artikel\/vittra-frosundas-forsta-erasmusutbyte-vaga-res-lar-vax\/","og_site_name":"Fr\u00f6sunda","article_modified_time":"2025-12-08T12:33:20+00:00","twitter_card":"summary_large_image","twitter_image":"https:\/\/vittra.se\/wp-content\/uploads\/sites\/6\/2025\/06\/vittra-frosunda-903x630.png","twitter_misc":{"Ber\u00e4knad l\u00e4stid":"4 minuter"},"schema":{"@context":"https:\/\/schema.org","@graph":[{"@type":"WebPage","@id":"https:\/\/vittra.se\/frosunda\/artikel\/vittra-frosundas-forsta-erasmusutbyte-vaga-res-lar-vax\/","url":"https:\/\/vittra.se\/frosunda\/artikel\/vittra-frosundas-forsta-erasmusutbyte-vaga-res-lar-vax\/","name":"Vittra Fr\u00f6sundas f\u00f6rsta Erasmus+utbyte \u201cV\u00e5ga \u2013 res, l\u00e4r, v\u00e4x\u201d - Fr\u00f6sunda","isPartOf":{"@id":"https:\/\/vittra.se\/frosunda\/#website"},"datePublished":"2025-06-09T13:46:16+00:00","dateModified":"2025-12-08T12:33:20+00:00","breadcrumb":{"@id":"https:\/\/vittra.se\/frosunda\/artikel\/vittra-frosundas-forsta-erasmusutbyte-vaga-res-lar-vax\/#breadcrumb"},"inLanguage":"sv-SE","potentialAction":[{"@type":"ReadAction","target":["https:\/\/vittra.se\/frosunda\/artikel\/vittra-frosundas-forsta-erasmusutbyte-vaga-res-lar-vax\/"]}]},{"@type":"BreadcrumbList","@id":"https:\/\/vittra.se\/frosunda\/artikel\/vittra-frosundas-forsta-erasmusutbyte-vaga-res-lar-vax\/#breadcrumb","itemListElement":[{"@type":"ListItem","position":1,"name":"Start","item":"https:\/\/vittra.se\/frosunda"},{"@type":"ListItem","position":2,"name":"Artikel"}]},{"@type":"WebSite","@id":"https:\/\/vittra.se\/frosunda\/#website","url":"https:\/\/vittra.se\/frosunda\/","name":"Fr\u00f6sunda","description":"Kunskap att f\u00f6r\u00e4ndra. Mod att p\u00e5verka.","potentialAction":[{"@type":"SearchAction","target":{"@type":"EntryPoint","urlTemplate":"https:\/\/vittra.se\/frosunda\/?s={search_term_string}"},"query-input":"required name=search_term_string"}],"inLanguage":"sv-SE"}]}},"_links":{"self":[{"href":"https:\/\/vittra.se\/frosunda\/wp-json\/wp\/v2\/article\/1326"}],"collection":[{"href":"https:\/\/vittra.se\/frosunda\/wp-json\/wp\/v2\/article"}],"about":[{"href":"https:\/\/vittra.se\/frosunda\/wp-json\/wp\/v2\/types\/article"}],"wp:attachment":[{"href":"https:\/\/vittra.se\/frosunda\/wp-json\/wp\/v2\/media?parent=1326"}],"wp:term":[{"taxonomy":"article_category","embeddable":true,"href":"https:\/\/vittra.se\/frosunda\/wp-json\/wp\/v2\/article_category?post=1326"}],"curies":[{"name":"wp","href":"https:\/\/api.w.org\/{rel}","templated":true}]}}