{"id":1665,"date":"2025-11-26T11:20:25","date_gmt":"2025-11-26T10:20:25","guid":{"rendered":"https:\/\/vittra.se\/forsglantan\/?post_type=article&#038;p=1665"},"modified":"2025-12-03T16:00:07","modified_gmt":"2025-12-03T15:00:07","slug":"pedagoger","status":"publish","type":"article","link":"https:\/\/vittra.se\/forsglantan\/artikel\/pedagoger\/","title":{"rendered":"Pedagoger"},"content":{"rendered":"\n<div class=\"wp-block-group is-layout-constrained wp-container-core-group-layout-1 wp-block-group-is-layout-constrained\">\n<h1 class=\"wp-block-heading\">L\u00e4r k\u00e4nna v\u00e5ra pedagoger!<\/h1>\n\n\n\n<p   class=\"site__ingress container text-left  site__text-color--dark  site__free_text--ingress p-0\">\n\tL\u00e4r k\u00e4nna v\u00e5ra pedagoger och l\u00e4rare lite b\u00e4ttre! Vad motiverar dem mest och hur uppmuntrar de till nyfikenhet och kreativitet? <\/p>\n\n\n\n\n\n<h2 class=\"wp-block-heading\"><em>Malin Alftenius<\/em> \u2013 Pedagog &amp; arbetslagsledare p\u00e5 Junior<\/h2>\n\n\n\n<h3 class=\"wp-block-heading\">Hur jobbar du f\u00f6r att koppla l\u00e4randet till elevernas egen vardag och samh\u00e4llsfr\u00e5gor?<\/h3>\n\n\n\n<p>Jag t\u00e4nker alltid p\u00e5 att lyfta in elevn\u00e4ra situationer i min undervisning, att f\u00e5nga h\u00e4r och nu, att ta till vara p\u00e5 det som eleverna st\u00e4ller fr\u00e5gor kring, att v\u00e5ga f\u00e5nga upp det och v\u00e4va in det i det aktuella arbetsomr\u00e5det. N\u00e4r eleverna g\u00f6r sj\u00e4lvskattningar eller utv\u00e4rderar sitt arbete har jag ocks\u00e5 m\u00f6jlighet att ta med mig deras reflektioner och tankar in i n\u00e4sta arbetsomr\u00e5de.<\/p>\n\n\n\n<h3 class=\"wp-block-heading\">Vad tror du att dina elever skulle l\u00e4ra dig om du bytte plats med dem f\u00f6r en dag?<\/h3>\n\n\n\n<p>Om de skulle byta plats med mig och \u00e4nd\u00e5 h\u00e5lla i undervisning tror jag att de skulle l\u00e4ra mig att det \u00e4r viktigt att arbeta p\u00e5 ett varierat s\u00e4tt med mikropauser kontinuerligt. De skulle s\u00e4kert ocks\u00e5 l\u00e4ra mig att de helst arbetar med digitala hj\u00e4lpmedel.<\/p>\n\n\n\n<h3 class=\"wp-block-heading\">Vad inneb\u00e4r \u201dmedvetet l\u00e4rande\u201d f\u00f6r dig i vardagen?<\/h3>\n\n\n\n<p>Det inneb\u00e4r att eleverna har en insikt och f\u00f6rst\u00e5else om varf\u00f6r vi arbetar med det som vi g\u00f6r i skolan. De beh\u00f6ver f\u00f6rst\u00e5 syftet f\u00f6r att k\u00e4nna engagemang. Det inneb\u00e4r ocks\u00e5 att eleverna beh\u00f6ver ges m\u00f6jlighet att l\u00e4ra sig hur just de tar till sig kunskap p\u00e5 b\u00e4st s\u00e4tt.<\/p>\n\n\n\n<h3 class=\"wp-block-heading\">Hur jobbar ni f\u00f6r att st\u00e4rka elevrelationer?<\/h3>\n\n\n\n<p>N\u00e4r det g\u00e4ller den h\u00e4r fr\u00e5gan \u00e4r det viktigt att all personal p\u00e5 skolan uppm\u00e4rksammar eleverna genom att st\u00e4lla nyfikna fr\u00e5gor under arbetspass, lunchen och raster. Genom att visa intresse f\u00f6r eleverna skapar vi relationer till v\u00e5ra elever. Vi f\u00f6ljer upp samtal och situationer som skett f\u00f6r att visa att vi tar allt p\u00e5 allvar och att de \u00e4r viktiga f\u00f6r oss. N\u00e4r en elev varit sjuk eller p\u00e5 resa uppm\u00e4rksammar vi att de \u00e4r tillbaka i gruppen genom att visa gl\u00e4dje och uttrycka att vi \u00e4r glada att se dem igen. Det \u00e4r en del av v\u00e5rt n\u00e4rvarofr\u00e4mjande arbete som sker st\u00e4ndigt och som \u00e4r av yttersta vikt.<\/p>\n\n\n\n\t<style>\n\t\t.inner {\n\n\t\t\tmargin: 0 auto;\n\n\n\t\t}\n\t<\/style>\n\t<div\n\t\t class=\"container images-module\" >\n\t\t<div class=\"row images_module__slideshow\">\n\n\t\t\t<div\n\t\t\t\t\tclass=\"col-md-12 p-0 position-relative images_module__slideshow images_module__slideshow-container  \">\n\t\t\t\t<div class=\"images_module__slide\" data-slide=\"\"\n\t\t\t\t\t data-duration=\"\"><\/div>\n\t\t\t\t\t\t\t\t\t<div\n\t\t\t\t\t\t class=\"images_module__slides\n\n\t\t\t\t\t   \"\n\t\t\t\t\t>\n\n\t\t\t\t\t\t<div class=\"images__wrapper\" style=\"aspect-ratio: 851 \/ 851;\">\n\t\t\t\t\t\t\t<img decoding=\"async\" width=\"399\" height=\"392\" src=\"https:\/\/vittra.se\/wp-content\/uploads\/sites\/5\/2020\/12\/malin-alftenius-2-e1756377661401.jpg\" class=\"images__image_ratio  \" alt=\"Portr\u00e4ttbild p\u00e5 Malin\" style=\"aspect-ratio: 851 \/ 851;object-position: center center;\" srcset=\"https:\/\/vittra.se\/wp-content\/uploads\/sites\/5\/2020\/12\/malin-alftenius-2-e1756377661401.jpg 399w, https:\/\/vittra.se\/wp-content\/uploads\/sites\/5\/2020\/12\/malin-alftenius-2-e1756377661401-300x295.jpg 300w\" sizes=\"(max-width: 399px) 100vw, 399px\" \/>\t\t\t\t\t\t<\/div>\n\t\t\t\t\t\t\n\n\t\t\t\t\t\t\t\t\t\t\t<\/div>\n\t\t\t\t\n\t\t\t\t<div class=\"images_module__container_dot\">\n\t\t\t\t\t<div style=\"text-align:center\">\n\n\n\t\t\t\t\t\t\t\t\t\t\t\t\t<span   data-i=\"0\"\n\t\t\t\t\t\t\t\t  class=\"\n\t\t\t\t\t\t\timages_module__dot\n\t\t\t\t\t\t\t\t\t\t\t\t\t\t\"\n\t\t\t\t\t\t\t><\/span>\n\t\t\t\t\t\t\t\t\t\t\t<\/div>\n\t\t\t\t<\/div>\n\n\n\t\t\t<\/div>\n\t\t<\/div>\n\t<\/div>\n\n\t\n\n\n<script>\n\tvar images_display_descriptive_text = \"\";\n<\/script>\n\n\n\n<h2 class=\"wp-block-heading\"><em>Frida Lilja<\/em> \u2013 Pedagog &amp; arbetslagsledare p\u00e5 Senior<\/h2>\n\n\n\n<h3 class=\"wp-block-heading\">Vilken Vittraf\u00f6rm\u00e5ga brukar engagera eleverna mest, och varf\u00f6r tror du att det \u00e4r s\u00e5?<\/h3>\n\n\n\n<p>Jag upplever att f\u00f6rm\u00e5gan Tilltro \u00e4r central under \u00e5ren p\u00e5 senior! Eleverna st\u00f6ter p\u00e5 st\u00f6rre och st\u00f6rre utmaningar i sitt skolarbete och att kunna lita p\u00e5 sin studief\u00f6rm\u00e5ga och tro att man kommer klara sv\u00e5ra saker \u00e4r avg\u00f6rande i skolarbetet. Jag tror att eleverna delar samma uppfattning och jag tror att de m\u00e4rker hur de sj\u00e4lva blir st\u00e4rkta av att klara av sv\u00e5ra uppgifter och moment som de till en b\u00f6rjan inte trodde att de skulle kunna slutf\u00f6ra.<\/p>\n\n\n\n<h3 class=\"wp-block-heading\">Vad \u00e4r det b\u00e4sta med att jobba p\u00e5 h\u00f6gstadiet?<\/h3>\n\n\n\n<p>Det absolut b\u00e4sta med att jobba p\u00e5 h\u00f6gstadiet \u00e4r att man f\u00e5r vara en stor och meningsfull del av ungdomars liv. Att se dem v\u00e4xa och f\u00f6lja med p\u00e5 den resan \u00e4r det absolut b\u00e4sta.<\/p>\n\n\n\n<h3 class=\"wp-block-heading\">Vad hoppas du att eleverna tar med sig efter sin tid p\u00e5 Vittra?<\/h3>\n\n\n\n<p>N\u00e4r v\u00e5ra seniorelever kommer utanf\u00f6r v\u00e4ggarna p\u00e5 Vittra hoppas jag att de k\u00e4nner en trygghet i vilka de \u00e4r och vad de st\u00e5r f\u00f6r. Jag hoppas att v\u00e5rt arbete g\u00f6r att de v\u00e5gar st\u00e5 f\u00f6r vad de tycker, att de \u00e4r sn\u00e4lla mot m\u00e4nniskor som de m\u00f6ter och att de v\u00e5gar s\u00e4ga ifr\u00e5n n\u00e4r n\u00e5got inte k\u00e4nns r\u00e4tt.<\/p>\n\n\n\n<h3 class=\"wp-block-heading\">Hur jobbar ni med Vittraf\u00f6rm\u00e5gorna i praktiken?<\/h3>\n\n\n\n<p>Vi jobbar p\u00e5 olika s\u00e4tt med f\u00f6rm\u00e5gorna, dels \u00e4r de en del av \u00e4mnesundervisningen och dels jobbar vi aktivt med dem p\u00e5 mentorstid och morgonsamlingar. Under mentorstiden jobbar vi ocks\u00e5 med v\u00e4rdegrunds\u00f6vningar f\u00f6r att st\u00e4rka gruppen och individerna i den. D\u00e5 \u00e4r Vittraf\u00f6rm\u00e5gorna en central del d\u00e4r vi bland annat arbetar mycket med f\u00f6rm\u00e5gorna ansvar, tilltro och samarbete.<\/p>\n\n\n\n\t<style>\n\t\t.inner {\n\n\t\t\tmargin: 0 auto;\n\n\n\t\t}\n\t<\/style>\n\t<div\n\t\t class=\"container images-module\" >\n\t\t<div class=\"row images_module__slideshow\">\n\n\t\t\t<div\n\t\t\t\t\tclass=\"col-md-12 p-0 position-relative images_module__slideshow images_module__slideshow-container  \">\n\t\t\t\t<div class=\"images_module__slide\" data-slide=\"\"\n\t\t\t\t\t data-duration=\"\"><\/div>\n\t\t\t\t\t\t\t\t\t<div\n\t\t\t\t\t\t class=\"images_module__slides\n\n\t\t\t\t\t   \"\n\t\t\t\t\t>\n\n\t\t\t\t\t\t<div class=\"images__wrapper\" style=\"aspect-ratio: 851 \/ 851;\">\n\t\t\t\t\t\t\t<img decoding=\"async\" width=\"399\" height=\"483\" src=\"https:\/\/vittra.se\/wp-content\/uploads\/sites\/5\/2020\/12\/frida-lilja-1-e1756896883273.jpg\" class=\"images__image_ratio  \" alt=\"Portr\u00e4ttbild p\u00e5 Frida\" style=\"aspect-ratio: 851 \/ 851;object-position: center center;\" srcset=\"https:\/\/vittra.se\/wp-content\/uploads\/sites\/5\/2020\/12\/frida-lilja-1-e1756896883273.jpg 399w, https:\/\/vittra.se\/wp-content\/uploads\/sites\/5\/2020\/12\/frida-lilja-1-e1756896883273-300x363.jpg 300w\" sizes=\"(max-width: 399px) 100vw, 399px\" \/>\t\t\t\t\t\t<\/div>\n\t\t\t\t\t\t\n\n\t\t\t\t\t\t\t\t\t\t\t<\/div>\n\t\t\t\t\t\t\t\t\t<div\n\t\t\t\t\t\t class=\"images_module__slides\n\n\t\t\t\t\t   \"\n\t\t\t\t\t>\n\n\t\t\t\t\t\t<div class=\"images__wrapper\" style=\"aspect-ratio: 851 \/ 851;\">\n\t\t\t\t\t\t\t\t\t\t\t\t\t<\/div>\n\t\t\t\t\t\t\n\n\t\t\t\t\t\t\t\t\t\t\t<\/div>\n\t\t\t\t\n\t\t\t\t<div class=\"images_module__container_dot\">\n\t\t\t\t\t<div style=\"text-align:center\">\n\n\n\t\t\t\t\t\t\t\t\t\t\t\t\t<span   data-i=\"0\"\n\t\t\t\t\t\t\t\t  class=\"\n\t\t\t\t\t\t\timages_module__dot\n\t\t\t\t\t\t\timages_module__dot_style\t\t\t\t\t\t\t\"\n\t\t\t\t\t\t\t><\/span>\n\t\t\t\t\t\t\t\t\t\t\t\t\t<span   data-i=\"1\"\n\t\t\t\t\t\t\t\t  class=\"\n\t\t\t\t\t\t\timages_module__dot\n\t\t\t\t\t\t\timages_module__dot_style\t\t\t\t\t\t\t\"\n\t\t\t\t\t\t\t><\/span>\n\t\t\t\t\t\t\t\t\t\t\t<\/div>\n\t\t\t\t<\/div>\n\n\n\t\t\t<\/div>\n\t\t<\/div>\n\t<\/div>\n\n\t\n\n\n<script>\n\tvar images_display_descriptive_text = \"\";\n<\/script>\n<\/div>\n","protected":false},"template":"","article_category":[4,76],"yoast_head":"<!-- This site is optimized with the Yoast SEO plugin v22.0 - https:\/\/yoast.com\/wordpress\/plugins\/seo\/ -->\n<title>L\u00e4r k\u00e4nna v\u00e5ra pedagoger | Vittra Forsgl\u00e4ntan<\/title>\n<meta name=\"description\" content=\"L\u00e4r k\u00e4nna v\u00e5ra pedagoger och l\u00e4rare p\u00e5 Vittra Forsgl\u00e4ntan! Vad motiverar dem mest och hur uppmuntrar de till nyfikenhet och kreativitet?\" \/>\n<meta name=\"robots\" content=\"index, follow, max-snippet:-1, max-image-preview:large, max-video-preview:-1\" \/>\n<link rel=\"canonical\" href=\"https:\/\/vittra.se\/forsglantan\/artikel\/pedagoger\/\" \/>\n<meta property=\"og:locale\" content=\"sv_SE\" \/>\n<meta property=\"og:type\" content=\"article\" \/>\n<meta property=\"og:title\" content=\"L\u00e4r k\u00e4nna v\u00e5ra pedagoger | Vittra Forsgl\u00e4ntan\" \/>\n<meta property=\"og:description\" content=\"L\u00e4r k\u00e4nna v\u00e5ra pedagoger och l\u00e4rare p\u00e5 Vittra Forsgl\u00e4ntan! Vad motiverar dem mest och hur uppmuntrar de till nyfikenhet och kreativitet?\" \/>\n<meta property=\"og:url\" content=\"https:\/\/vittra.se\/forsglantan\/artikel\/pedagoger\/\" \/>\n<meta property=\"og:site_name\" content=\"Forsgl\u00e4ntan\" \/>\n<meta property=\"article:modified_time\" content=\"2025-12-03T15:00:07+00:00\" \/>\n<meta name=\"twitter:card\" content=\"summary_large_image\" \/>\n<meta name=\"twitter:title\" content=\"L\u00e4r k\u00e4nna v\u00e5ra pedagoger | Vittra Forsgl\u00e4ntan\" \/>\n<meta name=\"twitter:description\" content=\"L\u00e4r k\u00e4nna v\u00e5ra pedagoger och l\u00e4rare p\u00e5 Vittra Forsgl\u00e4ntan! Vad motiverar dem mest och hur uppmuntrar de till nyfikenhet och kreativitet?\" \/>\n<meta name=\"twitter:image\" content=\"https:\/\/vittra.se\/wp-content\/uploads\/sites\/5\/2020\/12\/malin-alftenius-2-e1756377661401.jpg\" \/>\n<meta name=\"twitter:label1\" content=\"Ber\u00e4knad l\u00e4stid\" \/>\n\t<meta name=\"twitter:data1\" content=\"4 minuter\" \/>\n<script type=\"application\/ld+json\" class=\"yoast-schema-graph\">{\"@context\":\"https:\/\/schema.org\",\"@graph\":[{\"@type\":\"WebPage\",\"@id\":\"https:\/\/vittra.se\/forsglantan\/artikel\/pedagoger\/\",\"url\":\"https:\/\/vittra.se\/forsglantan\/artikel\/pedagoger\/\",\"name\":\"L\u00e4r k\u00e4nna v\u00e5ra pedagoger | Vittra Forsgl\u00e4ntan\",\"isPartOf\":{\"@id\":\"https:\/\/vittra.se\/forsglantan\/#website\"},\"datePublished\":\"2025-11-26T10:20:25+00:00\",\"dateModified\":\"2025-12-03T15:00:07+00:00\",\"description\":\"L\u00e4r k\u00e4nna v\u00e5ra pedagoger och l\u00e4rare p\u00e5 Vittra Forsgl\u00e4ntan! Vad motiverar dem mest och hur uppmuntrar de till nyfikenhet och kreativitet?\",\"breadcrumb\":{\"@id\":\"https:\/\/vittra.se\/forsglantan\/artikel\/pedagoger\/#breadcrumb\"},\"inLanguage\":\"sv-SE\",\"potentialAction\":[{\"@type\":\"ReadAction\",\"target\":[\"https:\/\/vittra.se\/forsglantan\/artikel\/pedagoger\/\"]}]},{\"@type\":\"BreadcrumbList\",\"@id\":\"https:\/\/vittra.se\/forsglantan\/artikel\/pedagoger\/#breadcrumb\",\"itemListElement\":[{\"@type\":\"ListItem\",\"position\":1,\"name\":\"Start\",\"item\":\"https:\/\/vittra.se\/forsglantan\"},{\"@type\":\"ListItem\",\"position\":2,\"name\":\"Artikel\"}]},{\"@type\":\"WebSite\",\"@id\":\"https:\/\/vittra.se\/forsglantan\/#website\",\"url\":\"https:\/\/vittra.se\/forsglantan\/\",\"name\":\"Forsgl\u00e4ntan\",\"description\":\"Kunskap att f\u00f6r\u00e4ndra. Mod att p\u00e5verka.\",\"potentialAction\":[{\"@type\":\"SearchAction\",\"target\":{\"@type\":\"EntryPoint\",\"urlTemplate\":\"https:\/\/vittra.se\/forsglantan\/?s={search_term_string}\"},\"query-input\":\"required name=search_term_string\"}],\"inLanguage\":\"sv-SE\"}]}<\/script>\n<!-- \/ Yoast SEO plugin. -->","yoast_head_json":{"title":"L\u00e4r k\u00e4nna v\u00e5ra pedagoger | Vittra Forsgl\u00e4ntan","description":"L\u00e4r k\u00e4nna v\u00e5ra pedagoger och l\u00e4rare p\u00e5 Vittra Forsgl\u00e4ntan! Vad motiverar dem mest och hur uppmuntrar de till nyfikenhet och kreativitet?","robots":{"index":"index","follow":"follow","max-snippet":"max-snippet:-1","max-image-preview":"max-image-preview:large","max-video-preview":"max-video-preview:-1"},"canonical":"https:\/\/vittra.se\/forsglantan\/artikel\/pedagoger\/","og_locale":"sv_SE","og_type":"article","og_title":"L\u00e4r k\u00e4nna v\u00e5ra pedagoger | Vittra Forsgl\u00e4ntan","og_description":"L\u00e4r k\u00e4nna v\u00e5ra pedagoger och l\u00e4rare p\u00e5 Vittra Forsgl\u00e4ntan! Vad motiverar dem mest och hur uppmuntrar de till nyfikenhet och kreativitet?","og_url":"https:\/\/vittra.se\/forsglantan\/artikel\/pedagoger\/","og_site_name":"Forsgl\u00e4ntan","article_modified_time":"2025-12-03T15:00:07+00:00","twitter_card":"summary_large_image","twitter_title":"L\u00e4r k\u00e4nna v\u00e5ra pedagoger | Vittra Forsgl\u00e4ntan","twitter_description":"L\u00e4r k\u00e4nna v\u00e5ra pedagoger och l\u00e4rare p\u00e5 Vittra Forsgl\u00e4ntan! Vad motiverar dem mest och hur uppmuntrar de till nyfikenhet och kreativitet?","twitter_image":"https:\/\/vittra.se\/wp-content\/uploads\/sites\/5\/2020\/12\/malin-alftenius-2-e1756377661401.jpg","twitter_misc":{"Ber\u00e4knad l\u00e4stid":"4 minuter"},"schema":{"@context":"https:\/\/schema.org","@graph":[{"@type":"WebPage","@id":"https:\/\/vittra.se\/forsglantan\/artikel\/pedagoger\/","url":"https:\/\/vittra.se\/forsglantan\/artikel\/pedagoger\/","name":"L\u00e4r k\u00e4nna v\u00e5ra pedagoger | Vittra Forsgl\u00e4ntan","isPartOf":{"@id":"https:\/\/vittra.se\/forsglantan\/#website"},"datePublished":"2025-11-26T10:20:25+00:00","dateModified":"2025-12-03T15:00:07+00:00","description":"L\u00e4r k\u00e4nna v\u00e5ra pedagoger och l\u00e4rare p\u00e5 Vittra Forsgl\u00e4ntan! Vad motiverar dem mest och hur uppmuntrar de till nyfikenhet och kreativitet?","breadcrumb":{"@id":"https:\/\/vittra.se\/forsglantan\/artikel\/pedagoger\/#breadcrumb"},"inLanguage":"sv-SE","potentialAction":[{"@type":"ReadAction","target":["https:\/\/vittra.se\/forsglantan\/artikel\/pedagoger\/"]}]},{"@type":"BreadcrumbList","@id":"https:\/\/vittra.se\/forsglantan\/artikel\/pedagoger\/#breadcrumb","itemListElement":[{"@type":"ListItem","position":1,"name":"Start","item":"https:\/\/vittra.se\/forsglantan"},{"@type":"ListItem","position":2,"name":"Artikel"}]},{"@type":"WebSite","@id":"https:\/\/vittra.se\/forsglantan\/#website","url":"https:\/\/vittra.se\/forsglantan\/","name":"Forsgl\u00e4ntan","description":"Kunskap att f\u00f6r\u00e4ndra. Mod att p\u00e5verka.","potentialAction":[{"@type":"SearchAction","target":{"@type":"EntryPoint","urlTemplate":"https:\/\/vittra.se\/forsglantan\/?s={search_term_string}"},"query-input":"required name=search_term_string"}],"inLanguage":"sv-SE"}]}},"_links":{"self":[{"href":"https:\/\/vittra.se\/forsglantan\/wp-json\/wp\/v2\/article\/1665"}],"collection":[{"href":"https:\/\/vittra.se\/forsglantan\/wp-json\/wp\/v2\/article"}],"about":[{"href":"https:\/\/vittra.se\/forsglantan\/wp-json\/wp\/v2\/types\/article"}],"wp:attachment":[{"href":"https:\/\/vittra.se\/forsglantan\/wp-json\/wp\/v2\/media?parent=1665"}],"wp:term":[{"taxonomy":"article_category","embeddable":true,"href":"https:\/\/vittra.se\/forsglantan\/wp-json\/wp\/v2\/article_category?post=1665"}],"curies":[{"name":"wp","href":"https:\/\/api.w.org\/{rel}","templated":true}]}}