{"id":1458,"date":"2024-08-15T16:20:30","date_gmt":"2024-08-15T14:20:30","guid":{"rendered":"https:\/\/vittra.se\/forsglantan\/?post_type=article&#038;p=1458"},"modified":"2024-08-15T16:20:31","modified_gmt":"2024-08-15T14:20:31","slug":"skolstart-2024","status":"publish","type":"article","link":"https:\/\/vittra.se\/forsglantan\/artikel\/skolstart-2024\/","title":{"rendered":"Skolstart 2024"},"content":{"rendered":"\n<div class=\"wp-block-columns is-layout-flex wp-container-core-columns-layout-1 wp-block-columns-is-layout-flex\">\n<div class=\"wp-block-column is-layout-flow wp-block-column-is-layout-flow\" style=\"flex-basis:15%\"><\/div>\n\n\n\n<div class=\"wp-block-column is-layout-flow wp-block-column-is-layout-flow\" style=\"flex-basis:70%\">\n<h1 class=\"wp-block-heading\">\u00c4ntligen skolstart<\/h1>\n\n\n\n<p>Idag har vi \u00e4ntligen v\u00e4lkomnat b\u00e5de gamla och nya elever till skolan efter ett h\u00e4rligt sommarlov. Vi ser s\u00e5 mycket fram emot ett sp\u00e4nnande och roligt l\u00e4s\u00e5r tillsammans!<\/p>\n\n\n\t<div\n\t\t class=\"module_wrapper container-fluid images-module\" >\n\t\t<div class=\"row\">\n\t\t\t<div\n\t\t\t\t\tclass=\"col-12 m-0 p-0 position-relative images_module__slideshow images_module__slideshow-container module-expand \">\n\n\t\t\t\t<div class=\"images_module__slide \" data-slide=\"\"\n\t\t\t\t\t data-duration=\"\"><\/div>\n\t\t\t\t\t\t\t\t\t<div\n\t\t\t\t\t\t class=\"images_module__slides \">\n\n\n\t\t\t\t\t\t<div class=\"images__wrapper\"\n\t\t\t\t\t\t\t style=\"aspect-ratio: 851 \/ 531;\">\n\t\t\t\t\t\t\t<img decoding=\"async\" width=\"816\" height=\"544\" src=\"https:\/\/vittra.se\/wp-content\/uploads\/sites\/5\/2024\/08\/vittra-grundskola-skola-skolstart-202404.jpg\" class=\"images__image_ratio  \" alt=\"Tv\u00e5 elever sitter i ett klassrum, p\u00e5 stolarna h\u00e4nger bl\u00e5 Vittra-ryggs\u00e4ckar.\" style=\"aspect-ratio: 851 \/ 531;object-position: center top;\" srcset=\"https:\/\/vittra.se\/wp-content\/uploads\/sites\/5\/2024\/08\/vittra-grundskola-skola-skolstart-202404.jpg 816w, https:\/\/vittra.se\/wp-content\/uploads\/sites\/5\/2024\/08\/vittra-grundskola-skola-skolstart-202404-300x200.jpg 300w, https:\/\/vittra.se\/wp-content\/uploads\/sites\/5\/2024\/08\/vittra-grundskola-skola-skolstart-202404-400x267.jpg 400w, https:\/\/vittra.se\/wp-content\/uploads\/sites\/5\/2024\/08\/vittra-grundskola-skola-skolstart-202404-600x400.jpg 600w, https:\/\/vittra.se\/wp-content\/uploads\/sites\/5\/2024\/08\/vittra-grundskola-skola-skolstart-202404-800x533.jpg 800w\" sizes=\"(max-width: 816px) 100vw, 816px\" \/>\t\t\t\t\t\t<\/div>\n\n\t\t\t\t\t\t\n\t\t\t\t\t\t\t\t\t\t\t<\/div>\n\t\t\t\t\n\t\t\t\t<div class=\"images_module__container_dot \">\n\t\t\t\t\t<div style=\"text-align:center\">\n\t\t\t\t\t\t\t\t\t\t\t\t\t<span   data-i=\"0\"\n\t\t\t\t\t\t\t\t  class=\"images_module__dot\n\t\t\t\t\t\t\t\t\t\t\t\t\t  \"><\/span>\n\t\t\t\t\t\t\t\t\t\t\t<\/div>\n\t\t\t\t<\/div>\n\n\t\t\t<\/div>\n\t\t<\/div>\n\t<\/div>\n\n\n\t\n\n\n<script>\n\tvar images_display_descriptive_text = \"\";\n<\/script>\n<\/div>\n\n\n\n<div class=\"wp-block-column is-layout-flow wp-block-column-is-layout-flow\" style=\"flex-basis:15%\"><\/div>\n<\/div>\n","protected":false},"template":"","article_category":[4],"yoast_head":"<!-- This site is optimized with the Yoast SEO plugin v22.0 - https:\/\/yoast.com\/wordpress\/plugins\/seo\/ -->\n<title>Forsgl\u00e4ntan<\/title>\n<meta name=\"robots\" content=\"index, follow, max-snippet:-1, max-image-preview:large, max-video-preview:-1\" \/>\n<link rel=\"canonical\" href=\"https:\/\/vittra.se\/forsglantan\/artikel\/skolstart-2024\/\" \/>\n<meta property=\"og:locale\" content=\"sv_SE\" \/>\n<meta property=\"og:type\" content=\"article\" \/>\n<meta property=\"og:url\" content=\"https:\/\/vittra.se\/forsglantan\/artikel\/skolstart-2024\/\" \/>\n<meta property=\"og:site_name\" content=\"Forsgl\u00e4ntan\" \/>\n<meta property=\"article:modified_time\" content=\"2024-08-15T14:20:31+00:00\" \/>\n<meta name=\"twitter:card\" content=\"summary_large_image\" \/>\n<meta name=\"twitter:image\" content=\"https:\/\/vittra.se\/wp-content\/uploads\/sites\/5\/2024\/08\/vittra-grundskola-skola-skolstart-202404.jpg\" \/>\n<meta name=\"twitter:label1\" content=\"Ber\u00e4knad l\u00e4stid\" \/>\n\t<meta name=\"twitter:data1\" content=\"1 minut\" \/>\n<script type=\"application\/ld+json\" class=\"yoast-schema-graph\">{\"@context\":\"https:\/\/schema.org\",\"@graph\":[{\"@type\":\"WebPage\",\"@id\":\"https:\/\/vittra.se\/forsglantan\/artikel\/skolstart-2024\/\",\"url\":\"https:\/\/vittra.se\/forsglantan\/artikel\/skolstart-2024\/\",\"name\":\"Skolstart 2024 - Forsgl\u00e4ntan\",\"isPartOf\":{\"@id\":\"https:\/\/vittra.se\/forsglantan\/#website\"},\"datePublished\":\"2024-08-15T14:20:30+00:00\",\"dateModified\":\"2024-08-15T14:20:31+00:00\",\"breadcrumb\":{\"@id\":\"https:\/\/vittra.se\/forsglantan\/artikel\/skolstart-2024\/#breadcrumb\"},\"inLanguage\":\"sv-SE\",\"potentialAction\":[{\"@type\":\"ReadAction\",\"target\":[\"https:\/\/vittra.se\/forsglantan\/artikel\/skolstart-2024\/\"]}]},{\"@type\":\"BreadcrumbList\",\"@id\":\"https:\/\/vittra.se\/forsglantan\/artikel\/skolstart-2024\/#breadcrumb\",\"itemListElement\":[{\"@type\":\"ListItem\",\"position\":1,\"name\":\"Start\",\"item\":\"https:\/\/vittra.se\/forsglantan\"},{\"@type\":\"ListItem\",\"position\":2,\"name\":\"Artikel\"}]},{\"@type\":\"WebSite\",\"@id\":\"https:\/\/vittra.se\/forsglantan\/#website\",\"url\":\"https:\/\/vittra.se\/forsglantan\/\",\"name\":\"Forsgl\u00e4ntan\",\"description\":\"Kunskap att f\u00f6r\u00e4ndra. Mod att p\u00e5verka.\",\"potentialAction\":[{\"@type\":\"SearchAction\",\"target\":{\"@type\":\"EntryPoint\",\"urlTemplate\":\"https:\/\/vittra.se\/forsglantan\/?s={search_term_string}\"},\"query-input\":\"required name=search_term_string\"}],\"inLanguage\":\"sv-SE\"}]}<\/script>\n<!-- \/ Yoast SEO plugin. -->","yoast_head_json":{"title":"Forsgl\u00e4ntan","robots":{"index":"index","follow":"follow","max-snippet":"max-snippet:-1","max-image-preview":"max-image-preview:large","max-video-preview":"max-video-preview:-1"},"canonical":"https:\/\/vittra.se\/forsglantan\/artikel\/skolstart-2024\/","og_locale":"sv_SE","og_type":"article","og_url":"https:\/\/vittra.se\/forsglantan\/artikel\/skolstart-2024\/","og_site_name":"Forsgl\u00e4ntan","article_modified_time":"2024-08-15T14:20:31+00:00","twitter_card":"summary_large_image","twitter_image":"https:\/\/vittra.se\/wp-content\/uploads\/sites\/5\/2024\/08\/vittra-grundskola-skola-skolstart-202404.jpg","twitter_misc":{"Ber\u00e4knad l\u00e4stid":"1 minut"},"schema":{"@context":"https:\/\/schema.org","@graph":[{"@type":"WebPage","@id":"https:\/\/vittra.se\/forsglantan\/artikel\/skolstart-2024\/","url":"https:\/\/vittra.se\/forsglantan\/artikel\/skolstart-2024\/","name":"Skolstart 2024 - Forsgl\u00e4ntan","isPartOf":{"@id":"https:\/\/vittra.se\/forsglantan\/#website"},"datePublished":"2024-08-15T14:20:30+00:00","dateModified":"2024-08-15T14:20:31+00:00","breadcrumb":{"@id":"https:\/\/vittra.se\/forsglantan\/artikel\/skolstart-2024\/#breadcrumb"},"inLanguage":"sv-SE","potentialAction":[{"@type":"ReadAction","target":["https:\/\/vittra.se\/forsglantan\/artikel\/skolstart-2024\/"]}]},{"@type":"BreadcrumbList","@id":"https:\/\/vittra.se\/forsglantan\/artikel\/skolstart-2024\/#breadcrumb","itemListElement":[{"@type":"ListItem","position":1,"name":"Start","item":"https:\/\/vittra.se\/forsglantan"},{"@type":"ListItem","position":2,"name":"Artikel"}]},{"@type":"WebSite","@id":"https:\/\/vittra.se\/forsglantan\/#website","url":"https:\/\/vittra.se\/forsglantan\/","name":"Forsgl\u00e4ntan","description":"Kunskap att f\u00f6r\u00e4ndra. Mod att p\u00e5verka.","potentialAction":[{"@type":"SearchAction","target":{"@type":"EntryPoint","urlTemplate":"https:\/\/vittra.se\/forsglantan\/?s={search_term_string}"},"query-input":"required name=search_term_string"}],"inLanguage":"sv-SE"}]}},"_links":{"self":[{"href":"https:\/\/vittra.se\/forsglantan\/wp-json\/wp\/v2\/article\/1458"}],"collection":[{"href":"https:\/\/vittra.se\/forsglantan\/wp-json\/wp\/v2\/article"}],"about":[{"href":"https:\/\/vittra.se\/forsglantan\/wp-json\/wp\/v2\/types\/article"}],"wp:attachment":[{"href":"https:\/\/vittra.se\/forsglantan\/wp-json\/wp\/v2\/media?parent=1458"}],"wp:term":[{"taxonomy":"article_category","embeddable":true,"href":"https:\/\/vittra.se\/forsglantan\/wp-json\/wp\/v2\/article_category?post=1458"}],"curies":[{"name":"wp","href":"https:\/\/api.w.org\/{rel}","templated":true}]}}